{"id":128379,"date":"2025-10-27T13:34:15","date_gmt":"2025-10-27T13:34:15","guid":{"rendered":"https:\/\/www.europesays.com\/pt\/128379\/"},"modified":"2025-10-27T13:34:15","modified_gmt":"2025-10-27T13:34:15","slug":"david-dastmalchian-surpreende-ao-revelar-desejo-de-viver-vilao-esquecido-no-mcu-seria-um-papel-incrivel","status":"publish","type":"post","link":"https:\/\/www.europesays.com\/pt\/128379\/","title":{"rendered":"David Dastmalchian surpreende ao revelar desejo de viver vil\u00e3o esquecido no MCU: &#8220;Seria um papel incr\u00edvel&#8221;"},"content":{"rendered":"<p>O ator<strong> David Dastmalchian<\/strong>, conhecido por seus pap\u00e9is como Kurt em<strong> \u2018Homem-Formiga\u2019<\/strong> e Veb em <strong>\u2018Homem-Formiga e a Vespa: Quantumania\u2019<\/strong> no Universo Cinematogr\u00e1fico Marvel (MCU), manifestou recentemente seu forte desejo de interpretar o vampiro Morbius em uma futura produ\u00e7\u00e3o da Marvel.<\/p>\n<p>Em entrevista ao <a href=\"https:\/\/comicbookmovie.com\/spider_man\/morbius\/david-dastmalchian-explains-why-he-wants-to-play-morbius-and-the-dcu-villains-he-has-his-eye-on-a224482\" rel=\"nofollow noopener\" target=\"_blank\">ComicBookMovie<\/a>, <strong>Dastmalchian<\/strong> explicou a atra\u00e7\u00e3o pelo personagem, que ele v\u00ea como uma complexa met\u00e1fora:<\/p>\n<p>\u201cAcho que Morbius \u00e9, para mim, uma met\u00e1fora muito interessante sobre o v\u00edcio e sobre alguns dos elementos mais dif\u00edceis de lidar quando enfrentamos diferentes partes de n\u00f3s mesmos, psicologicamente, que acabam nos dominando\u201d, disse ele. \u201cEspecialmente as partes ligadas \u00e0 raiva, \u00e0 autodestrui\u00e7\u00e3o ou ao descontrole. Ent\u00e3o pensei: eu n\u00e3o sou inteligente o bastante para ser um m\u00e9dico, mas posso interpretar um\u201d.<\/p>\n<p>O ator, que frequentemente interpreta personagens complexos, destacou sua afinidade com o lado mais sombrio dos quadrinhos e a beleza de dar vida a figuras inesperadas:<\/p>\n<p>\u201cSeria um papel incr\u00edvel. Eu amo vampiros. Jamais, em um milh\u00e3o de anos, teria dito que, se pudesse escolher qualquer her\u00f3i ou vil\u00e3o para interpretar, escolheria o Homem-Bolinha (Polka-Dot Man). Nunca teria pensado nesse personagem. Mas ent\u00e3o voc\u00ea tem a chance de interpretar algu\u00e9m maravilhoso, bonito e complexo como ele\u201d, acrescentou.<\/p>\n<p>O personagem <strong>\u2018Morbius\u2019<\/strong>, o \u201cVampiro Vivo\u201d, foi interpretado por<strong> Jared Leto<\/strong> no filme live-action de 2022, que, no entanto, foi um fracasso de cr\u00edtica e bilheteria.<\/p>\n<p><a href=\"https:\/\/cinepop.com.br\/morbius-diretor-da-opiniao-sincera-sobre-o-fracasso-do-filme-554065\/\" rel=\"nofollow noopener\" target=\"_blank\">\u2018Morbius\u2019: Diretor d\u00e1 opini\u00e3o SINCERA sobre o fracasso do filme<\/a><\/p>\n<p><img fetchpriority=\"high\" decoding=\"async\" src=\"https:\/\/www.europesays.com\/pt\/wp-content\/uploads\/2025\/10\/Jared-Harris-morbius-02-1-1024x551.jpg\" alt=\"jared harris morbius 02 (1)\" width=\"696\" height=\"375\"  \/><\/p>\n<p>Lembrando que o filme est\u00e1 dispon\u00edvel na plataforma do <strong>Prime Video<\/strong>.<\/p>\n<p>Na trama, Leto se transforma no enigm\u00e1tico anti-her\u00f3i Michael Morbius. Gravemente adoecido com um raro dist\u00farbio sangu\u00edneo e determinado a salvar outros que sofrem do mesmo destino, o Dr. Morbius arrisca tudo numa aposta desesperada. E embora a princ\u00edpio tudo pare\u00e7a um sucesso absoluto, surge uma escurid\u00e3o que se desencadeia dentro dele. O bem superar\u00e1 o mal \u2013 ou Morbius sucumbir\u00e1 aos seus novos e misteriosos desejos?<\/p>\n<p><a href=\"https:\/\/cinepop.com.br\/morbius-jared-harris-revela-que-aceitou-o-papel-para-pagar-as-contas-566755\/\" rel=\"nofollow noopener\" target=\"_blank\">\u2018Morbius\u2019: Jared Harris revela que aceitou o papel para pagar as contas<\/a><\/p>\n<p>Relembre os dez primeiros minutos abaixo:<\/p>\n<p><a href=\"https:\/\/www.europesays.com\/pt\/wp-content\/uploads\/2025\/10\/morbius_4.jpg\"><img loading=\"lazy\" decoding=\"async\" class=\"alignnone size-full wp-image-323725\" src=\"https:\/\/www.europesays.com\/pt\/wp-content\/uploads\/2025\/10\/morbius_4.jpg\" alt=\"\" width=\"693\" height=\"866\"\/><\/a><\/p>\n","protected":false},"excerpt":{"rendered":"O ator David Dastmalchian, conhecido por seus pap\u00e9is como Kurt em \u2018Homem-Formiga\u2019 e Veb em \u2018Homem-Formiga e a&hellip;\n","protected":false},"author":2,"featured_media":128380,"comment_status":"","ping_status":"","sticky":false,"template":"","format":"standard","meta":{"footnotes":""},"categories":[140],"tags":[29254,5708,29255,29256,17610,114,115,147,148,9473,17105,16720,792,12317,11189,29257,146,29258,29259,32,33,13306,29260,12897,29261,29262,29263],"class_list":{"0":"post-128379","1":"post","2":"type-post","3":"status-publish","4":"format-standard","5":"has-post-thumbnail","7":"category-filmes","8":"tag-abutre","9":"tag-adria-arjona","10":"tag-al-madrigal","11":"tag-daniel-espinosa","12":"tag-david-dastmalchian","13":"tag-entertainment","14":"tag-entretenimento","15":"tag-film","16":"tag-filmes","17":"tag-homem-de-ferro","18":"tag-jared-harris","19":"tag-jared-leto","20":"tag-marvel","21":"tag-matt-smith","22":"tag-mcu","23":"tag-morbius","24":"tag-movies","25":"tag-o-homem-formiga-e-a-vespa","26":"tag-os-garotos-perdidos","27":"tag-portugal","28":"tag-pt","29":"tag-robert-downey-jr","30":"tag-sexteto-sinistro","31":"tag-sony-pictures","32":"tag-tony-stark","33":"tag-tyrese-gibson","34":"tag-westworld"},"share_on_mastodon":{"url":"https:\/\/pubeurope.com\/@pt\/115446393956141941","error":""},"_links":{"self":[{"href":"https:\/\/www.europesays.com\/pt\/wp-json\/wp\/v2\/posts\/128379","targetHints":{"allow":["GET"]}}],"collection":[{"href":"https:\/\/www.europesays.com\/pt\/wp-json\/wp\/v2\/posts"}],"about":[{"href":"https:\/\/www.europesays.com\/pt\/wp-json\/wp\/v2\/types\/post"}],"author":[{"embeddable":true,"href":"https:\/\/www.europesays.com\/pt\/wp-json\/wp\/v2\/users\/2"}],"replies":[{"embeddable":true,"href":"https:\/\/www.europesays.com\/pt\/wp-json\/wp\/v2\/comments?post=128379"}],"version-history":[{"count":0,"href":"https:\/\/www.europesays.com\/pt\/wp-json\/wp\/v2\/posts\/128379\/revisions"}],"wp:featuredmedia":[{"embeddable":true,"href":"https:\/\/www.europesays.com\/pt\/wp-json\/wp\/v2\/media\/128380"}],"wp:attachment":[{"href":"https:\/\/www.europesays.com\/pt\/wp-json\/wp\/v2\/media?parent=128379"}],"wp:term":[{"taxonomy":"category","embeddable":true,"href":"https:\/\/www.europesays.com\/pt\/wp-json\/wp\/v2\/categories?post=128379"},{"taxonomy":"post_tag","embeddable":true,"href":"https:\/\/www.europesays.com\/pt\/wp-json\/wp\/v2\/tags?post=128379"}],"curies":[{"name":"wp","href":"https:\/\/api.w.org\/{rel}","templated":true}]}}