{"id":128417,"date":"2025-10-27T14:15:08","date_gmt":"2025-10-27T14:15:08","guid":{"rendered":"https:\/\/www.europesays.com\/pt\/128417\/"},"modified":"2025-10-27T14:15:08","modified_gmt":"2025-10-27T14:15:08","slug":"sandro-reage-apos-confronto-com-flavio-furtado-na-gala-do-secret-story-ficou-sentido","status":"publish","type":"post","link":"https:\/\/www.europesays.com\/pt\/128417\/","title":{"rendered":"Sandro reage ap\u00f3s confronto com Fl\u00e1vio Furtado na gala do Secret Story: &#8220;Ficou sentido&#8230;&#8221;"},"content":{"rendered":"<p>Durante a gala do Secret Story 9 deste domingo, 26 de outubro, Fl\u00e1vio Furtado decidiu confrontar Sandro em direto por este ter dado a entender que a narrativa entre Liliana, Z\u00e9 e F\u00e1bio \u00e9 toda combinada.<\/p>\n<p>O ex-concorrente respondeu ao comentador e colocou os pontos nos is, garantindo que tinha \u201c<strong>coisas combinadas<\/strong>\u201d com Liliana e F\u00e1bio \u201c<strong>para criar um enredo<\/strong>\u201d na casa mais vigiada do Pa\u00eds.<\/p>\n<p><strong>Leia tamb\u00e9m:\u00a0<\/strong><a href=\"https:\/\/www.hiper.fm\/tudo-combinado-flavio-furtado-confronta-sandro-fernandes-apos-afirmacoes\/\" target=\"_blank\" rel=\"noopener nofollow\">\u201cTudo combinado?\u201d. Fl\u00e1vio Furtado confronta Sandro Fernandes ap\u00f3s afirma\u00e7\u00f5es<\/a><\/p>\n<p>Depois deste momento, Sandro recorreu \u00e0s redes sociais esta segunda-feira, dia 27, para reagir publicamente: \u201c<strong>O Fl\u00e1vio ficou sentido por eu ter manifestado a minha opini\u00e3o dizendo um dia num story meu que os comentadores deveriam ser imparciais e que o Adriano Silva Martins merecia, tamb\u00e9m na minha opini\u00e3o, estar no lugar dele nas galas<\/strong>\u201c, come\u00e7ou por escrever.<\/p>\n<p>Neste sentido, Sandro defendeu-se e garantiu: \u201c<strong>Como j\u00e1 todos sabem, eu amo estas picardias, e nunca jamais levarei a mal nenhuma critica feita \u00e0 minha pessoa, desde que nunca haja faltas de respeito, e isso \u00e9 coisa que nunca ir\u00e1 existir entre dois cavalheiros. Contudo, e \u00e0 parte destas picardias entre mim e o Fl\u00e1vio, tenho h\u00e1 anos um respeito e admira\u00e7\u00e3o pela pessoa e homem que ele \u00e9, e dificilmente isso ir\u00e1 mudar<\/strong>\u201c.<\/p>\n<p>Veja em baixo:<\/p>\n<blockquote class=\"instagram-media\" style=\"background: #FFF; border: 0; border-radius: 3px; box-shadow: 0 0 1px 0 rgba(0,0,0,0.5),0 1px 10px 0 rgba(0,0,0,0.15); margin: 1px; max-width: 540px; min-width: 326px; padding: 0; width: calc(100% - 2px);\" data-instgrm-captioned=\"\" data-instgrm-permalink=\"https:\/\/www.instagram.com\/p\/DQUD2j_De8R\/?utm_source=ig_embed&amp;utm_campaign=loading\" data-instgrm-version=\"14\">\n<\/blockquote>\n<p>\t\t\t\t\t\t\t\t\t\t\t\t\t\t\t\t\t\t\t\t\t\t\t\t\t\t\t<script async src=\"\/\/www.instagram.com\/embed.js\"><\/script><\/p>\n","protected":false},"excerpt":{"rendered":"Durante a gala do Secret Story 9 deste domingo, 26 de outubro, Fl\u00e1vio Furtado decidiu confrontar Sandro em&hellip;\n","protected":false},"author":2,"featured_media":128418,"comment_status":"","ping_status":"","sticky":false,"template":"","format":"standard","meta":{"footnotes":""},"categories":[142],"tags":[3339,114,115,15559,330,32,33,22438,19064,1315,151],"class_list":{"0":"post-128417","1":"post","2":"type-post","3":"status-publish","4":"format-standard","5":"has-post-thumbnail","7":"category-tv","8":"tag-confronto","9":"tag-entertainment","10":"tag-entretenimento","11":"tag-flavio-furtado","12":"tag-gala","13":"tag-portugal","14":"tag-pt","15":"tag-reage","16":"tag-sandro","17":"tag-secret-story","18":"tag-tv"},"share_on_mastodon":{"url":"https:\/\/pubeurope.com\/@pt\/115446554471200748","error":""},"_links":{"self":[{"href":"https:\/\/www.europesays.com\/pt\/wp-json\/wp\/v2\/posts\/128417","targetHints":{"allow":["GET"]}}],"collection":[{"href":"https:\/\/www.europesays.com\/pt\/wp-json\/wp\/v2\/posts"}],"about":[{"href":"https:\/\/www.europesays.com\/pt\/wp-json\/wp\/v2\/types\/post"}],"author":[{"embeddable":true,"href":"https:\/\/www.europesays.com\/pt\/wp-json\/wp\/v2\/users\/2"}],"replies":[{"embeddable":true,"href":"https:\/\/www.europesays.com\/pt\/wp-json\/wp\/v2\/comments?post=128417"}],"version-history":[{"count":0,"href":"https:\/\/www.europesays.com\/pt\/wp-json\/wp\/v2\/posts\/128417\/revisions"}],"wp:featuredmedia":[{"embeddable":true,"href":"https:\/\/www.europesays.com\/pt\/wp-json\/wp\/v2\/media\/128418"}],"wp:attachment":[{"href":"https:\/\/www.europesays.com\/pt\/wp-json\/wp\/v2\/media?parent=128417"}],"wp:term":[{"taxonomy":"category","embeddable":true,"href":"https:\/\/www.europesays.com\/pt\/wp-json\/wp\/v2\/categories?post=128417"},{"taxonomy":"post_tag","embeddable":true,"href":"https:\/\/www.europesays.com\/pt\/wp-json\/wp\/v2\/tags?post=128417"}],"curies":[{"name":"wp","href":"https:\/\/api.w.org\/{rel}","templated":true}]}}