{"id":128426,"date":"2025-10-27T14:21:17","date_gmt":"2025-10-27T14:21:17","guid":{"rendered":"https:\/\/www.europesays.com\/pt\/128426\/"},"modified":"2025-10-27T14:21:17","modified_gmt":"2025-10-27T14:21:17","slug":"antes-da-agricultura-neandertais-e-humanos-primitivos-remodelaram-as-paisagens-europeias","status":"publish","type":"post","link":"https:\/\/www.europesays.com\/pt\/128426\/","title":{"rendered":"Antes da agricultura, neandertais e humanos primitivos remodelaram as paisagens europeias"},"content":{"rendered":"<p>Os Neandertais, assim como os primeiros humanos modernos, desempenharam um papel ativo na transforma\u00e7\u00e3o dos ecossistemas europeus muito antes do advento da agricultura. \u00c9 o que diz um estudo publicado recentemente na <a href=\"https:\/\/journals.plos.org\/plosone\/article?id=10.1371\/journal.pone.0328218\" rel=\"nofollow noopener\" target=\"_blank\">revista PLOS One<\/a>, contrariando a vis\u00e3o tradicional de que essas popula\u00e7\u00f5es eram meros forrageadores em uma <a href=\"https:\/\/pt.wikipedia.org\/wiki\/Natureza\" rel=\"nofollow noopener\" target=\"_blank\">natureza<\/a> intocada.<\/p>\n<p>A equipe internacional de pesquisadores, composta por arque\u00f3logos, ecologistas e cientistas do clima da Holanda, Dinamarca, Fran\u00e7a e Reino Unido, utilizou simula\u00e7\u00f5es computacionais avan\u00e7adas para investigar as intera\u00e7\u00f5es entre clima, fauna, fogo e atividades humanas na modelagem das paisagens pr\u00e9-hist\u00f3ricas na Europa. Os resultados obtidos desafiam a teoria comum que minimiza o impacto humano sobre o meio ambiente antes do surgimento da agricultura.<\/p>\n<p>Sob a lideran\u00e7a da arque\u00f3loga <strong>Anastasia Nikulina<\/strong>, da <a href=\"https:\/\/www.universiteitleiden.nl\/en\" rel=\"nofollow noopener\" target=\"_blank\">Universidade de Leiden<\/a>, os pesquisadores desenvolveram um modelo complexo denominado HUMLAND (Impacto Humano nas Paisagens), adaptado para simular como os ca\u00e7adores-coletores interagiram com seus ambientes durante dois per\u00edodos quentes significativos: o \u00daltimo Interglacial (cerca de 125.000 a 116.000 anos atr\u00e1s), habitado apenas por Neandertais, e o in\u00edcio do Holoceno (cerca de 12.000 a 8.000 anos atr\u00e1s), quando os ca\u00e7adores-coletores mesol\u00edticos de Homo sapiens ocupavam o continente. As informa\u00e7\u00f5es s\u00e3o do portal Archaeology News.<\/p>\n<p>Ao comparar as simula\u00e7\u00f5es do modelo com reconstru\u00e7\u00f5es baseadas em p\u00f3len sobre a vegeta\u00e7\u00e3o, os pesquisadores encontraram discrep\u00e2ncias marcantes entre o que o clima poderia explicar isoladamente e o que realmente aparece no registro <a href=\"https:\/\/pt.wikipedia.org\/wiki\/F%C3%B3ssil\" rel=\"nofollow noopener\" target=\"_blank\">f\u00f3ssil<\/a>. Mesmo ap\u00f3s considerar ocorr\u00eancias naturais de inc\u00eandios florestais, pastoreio animal e mudan\u00e7as clim\u00e1ticas, as explica\u00e7\u00f5es ainda eram insuficientes, at\u00e9 que a vari\u00e1vel comportamento humano foi adicionada ao c\u00e1lculo.<\/p>\n<p>As atividades humanas, como a queima de vegeta\u00e7\u00e3o para manejo das paisagens e a ca\u00e7a de grandes herb\u00edvoros como bis\u00f5es, auroques e at\u00e9 elefantes, mostraram ter um impacto significativo na composi\u00e7\u00e3o e abertura da vegeta\u00e7\u00e3o. O uso do fogo favoreceu a abertura das florestas e a manuten\u00e7\u00e3o das pastagens, enquanto a ca\u00e7a diminuiu a press\u00e3o de pastoreio, permitindo que algumas \u00e1reas se tornassem mais densas em arbustos e \u00e1rvores.<\/p>\n<p>Os resultados indicam que os ca\u00e7adores-coletores mesol\u00edticos podem ter influenciado at\u00e9 47% da distribui\u00e7\u00e3o das esp\u00e9cies vegetais, enquanto os Neandertais afetaram cerca de 6% dessa distribui\u00e7\u00e3o e 14% da abertura da vegeta\u00e7\u00e3o. Mesmo onde o uso do fogo era limitado, a ca\u00e7a teve um grande impacto ecol\u00f3gico. Isso sugere que tanto Neandertais quanto Homo sapiens primitivos modificaram \u00e1reas semelhantes ao redor de seus acampamentos e compartilhavam prefer\u00eancias por paisagens abertas.<\/p>\n<p>O m\u00e9todo adotado pelos pesquisadores n\u00e3o se destacou apenas pela utiliza\u00e7\u00e3o abrangente de dados continentais, mas tamb\u00e9m pela integra\u00e7\u00e3o da intelig\u00eancia artificial. Por meio de um algoritmo gen\u00e9tico, foi poss\u00edvel explorar milhares de cen\u00e1rios poss\u00edveis para identificar aqueles que melhor correspondiam aos dados reais de p\u00f3len. Essa combina\u00e7\u00e3o entre arqueologia, ecologia e ci\u00eancia computacional permitiu quantificar at\u00e9 que ponto os primeiros humanos moldaram seu ambiente.<\/p>\n<p>As descobertas retratam uma Europa <a href=\"https:\/\/aventurasnahistoria.com.br\/noticias\/historia-hoje\/capsula-do-tempo-pre-historica-e-descoberta-em-pantano-na-suecia.phtml\" rel=\"nofollow noopener\" target=\"_blank\">pr\u00e9-hist\u00f3rica<\/a> como um ambiente din\u00e2mico j\u00e1 transformado pelos humanos. Segundo a fonte, os inc\u00eandios e as atividades de ca\u00e7a teriam criado efeitos cascata nos ecossistemas, alterando comunidades vegetais e estruturas paisag\u00edsticas muito antes do arado ser utilizado.<\/p>\n<p>        <a href=\"https:\/\/aventurasnahistoria.com.br\/noticias\/author\/giovanna-gomes\" rel=\"nofollow noopener\" target=\"_blank\">&#13;<br \/>\n          <img loading=\"lazy\" alt=\"Giovanna Gomes\" src=\"https:\/\/www.europesays.com\/pt\/wp-content\/uploads\/2025\/10\/1761574877_644_33b368a526ac26c2f7de6462fce3004285811f04809ed05857f30d16a462d4c5\"  class=\"avatar avatar-115 photo rounded-circle mr-3\" height=\"115\" width=\"115\" decoding=\"async\"\/>        <\/a><\/p>\n<p>Giovanna Gomes \u00e9 jornalista e estudante de Hist\u00f3ria pela USP. Gosta de escrever sobre arte, arqueologia e tudo que diz repeito \u00e0 cultura e \u00e0 hist\u00f3ria do ser humano.<\/p>\n","protected":false},"excerpt":{"rendered":"Os Neandertais, assim como os primeiros humanos modernos, desempenharam um papel ativo na transforma\u00e7\u00e3o dos ecossistemas europeus muito&hellip;\n","protected":false},"author":2,"featured_media":128427,"comment_status":"","ping_status":"","sticky":false,"template":"","format":"standard","meta":{"footnotes":""},"categories":[84],"tags":[562,3504,109,107,108,445,29269,3505,29270,32,33,105,103,104,106,110],"class_list":{"0":"post-128426","1":"post","2":"type-post","3":"status-publish","4":"format-standard","5":"has-post-thumbnail","7":"category-ciencia-e-tecnologia","8":"tag-agricultura","9":"tag-arqueologia","10":"tag-ciencia","11":"tag-ciencia-e-tecnologia","12":"tag-cienciaetecnologia","13":"tag-europa","14":"tag-humanos-primitivos","15":"tag-neandertal","16":"tag-paisagens","17":"tag-portugal","18":"tag-pt","19":"tag-science","20":"tag-science-and-technology","21":"tag-scienceandtechnology","22":"tag-technology","23":"tag-tecnologia"},"share_on_mastodon":{"url":"https:\/\/pubeurope.com\/@pt\/115446578136603178","error":""},"_links":{"self":[{"href":"https:\/\/www.europesays.com\/pt\/wp-json\/wp\/v2\/posts\/128426","targetHints":{"allow":["GET"]}}],"collection":[{"href":"https:\/\/www.europesays.com\/pt\/wp-json\/wp\/v2\/posts"}],"about":[{"href":"https:\/\/www.europesays.com\/pt\/wp-json\/wp\/v2\/types\/post"}],"author":[{"embeddable":true,"href":"https:\/\/www.europesays.com\/pt\/wp-json\/wp\/v2\/users\/2"}],"replies":[{"embeddable":true,"href":"https:\/\/www.europesays.com\/pt\/wp-json\/wp\/v2\/comments?post=128426"}],"version-history":[{"count":0,"href":"https:\/\/www.europesays.com\/pt\/wp-json\/wp\/v2\/posts\/128426\/revisions"}],"wp:featuredmedia":[{"embeddable":true,"href":"https:\/\/www.europesays.com\/pt\/wp-json\/wp\/v2\/media\/128427"}],"wp:attachment":[{"href":"https:\/\/www.europesays.com\/pt\/wp-json\/wp\/v2\/media?parent=128426"}],"wp:term":[{"taxonomy":"category","embeddable":true,"href":"https:\/\/www.europesays.com\/pt\/wp-json\/wp\/v2\/categories?post=128426"},{"taxonomy":"post_tag","embeddable":true,"href":"https:\/\/www.europesays.com\/pt\/wp-json\/wp\/v2\/tags?post=128426"}],"curies":[{"name":"wp","href":"https:\/\/api.w.org\/{rel}","templated":true}]}}