{"id":128440,"date":"2025-10-27T14:34:22","date_gmt":"2025-10-27T14:34:22","guid":{"rendered":"https:\/\/www.europesays.com\/pt\/128440\/"},"modified":"2025-10-27T14:34:22","modified_gmt":"2025-10-27T14:34:22","slug":"cantora-vanessa-rios-ex-integrante-da-banda-capim-com-mel-morre-aos-42-anos","status":"publish","type":"post","link":"https:\/\/www.europesays.com\/pt\/128440\/","title":{"rendered":"Cantora Vanessa Rios, ex-integrante da banda Capim Com Mel, morre aos 42 anos"},"content":{"rendered":"<p>Morreu na noite de s\u00e1bado (25), no Recife, a cantora <a href=\"https:\/\/www.instagram.com\/vanessariosoficial\/\" target=\"_blank\" rel=\"noreferrer noopener nofollow\">Vanessa Rios<\/a>, conhecida por sua trajet\u00f3ria em bandas de brega e forr\u00f3 como Kitara, Capim Com Mel e Forr\u00f3 do Mu\u00eddo. Ela tinha 42 anos e estava internada no Hospital Santa Joana, no bairro das Gra\u00e7as, Zona Norte da capital pernambucana.<\/p>\n<p>A artista enfrentava um c\u00e2ncer pulmonar e vinha em tratamento h\u00e1 alguns meses. A informa\u00e7\u00e3o da morte foi confirmada pela banda <a href=\"https:\/\/www.instagram.com\/capimcommel\/\" target=\"_blank\" rel=\"noreferrer noopener nofollow\">Capim Com Mel<\/a>, da qual foi uma das vocalistas de destaque.<\/p>\n<p>Vel\u00f3rio ser\u00e1 em Jaboat\u00e3o dos Guararapes<\/p>\n<p>O <strong>vel\u00f3rio<\/strong> de Vanessa Rios est\u00e1 marcado para a ter\u00e7a-feira (28), a partir das 10h, no Cemit\u00e9rio Memorial Guararapes, localizado no bairro de Jardim Jord\u00e3o, em Jaboat\u00e3o dos Guararapes, na Regi\u00e3o Metropolitana do Recife.<\/p>\n<p>Vanessa deixa uma <strong>filha de 16 anos<\/strong>.<\/p>\n<p>Trajet\u00f3ria na m\u00fasica pernambucana<\/p>\n<p>Natural de <strong>Candeias<\/strong>, bairro de Jaboat\u00e3o dos Guararapes, Vanessa come\u00e7ou a cantar ainda jovem e se destacou no cen\u00e1rio regional do forr\u00f3 e do brega. Em <strong>2014<\/strong>, participou de um concurso promovido pela <strong>TV Globo<\/strong> e foi escolhida como vocalista da banda <strong>Kitara<\/strong>, marcando uma nova fase em sua carreira.<\/p>\n<p>O falecimento da cantora gerou como\u00e7\u00e3o entre f\u00e3s e colegas de profiss\u00e3o, que destacaram sua voz marcante e a contribui\u00e7\u00e3o para a m\u00fasica popular nordestina.<\/p>\n<blockquote class=\"instagram-media\" data-instgrm-captioned=\"\" data-instgrm-permalink=\"https:\/\/www.instagram.com\/p\/DIfFjt_xDT4\/?utm_source=ig_embed&amp;utm_campaign=loading\" data-instgrm-version=\"14\" style=\" background:#FFF; border:0; border-radius:3px; box-shadow:0 0 1px 0 rgba(0,0,0,0.5),0 1px 10px 0 rgba(0,0,0,0.15); margin: 1px; max-width:540px; min-width:326px; padding:0; width:99.375%; width:-webkit-calc(100% - 2px); width:calc(100% - 2px);\"\/>\n<p>\t\t\t\t\t\t\t\t\t\t\t\t\t<script async src=\"\/\/www.instagram.com\/embed.js\"><\/script><\/p>\n","protected":false},"excerpt":{"rendered":"Morreu na noite de s\u00e1bado (25), no Recife, a cantora Vanessa Rios, conhecida por sua trajet\u00f3ria em bandas&hellip;\n","protected":false},"author":2,"featured_media":128441,"comment_status":"","ping_status":"","sticky":false,"template":"","format":"standard","meta":{"footnotes":""},"categories":[85],"tags":[10534,29280,3582,1640,29279,114,115,29277,29278,1995,1828,32,33,10413,29276],"class_list":{"0":"post-128440","1":"post","2":"type-post","3":"status-publish","4":"format-standard","5":"has-post-thumbnail","7":"category-entretenimento","8":"tag-anos","9":"tag-aos","10":"tag-banda","11":"tag-cantora","12":"tag-capim","13":"tag-entertainment","14":"tag-entretenimento","15":"tag-ex","16":"tag-integrante","17":"tag-mel","18":"tag-morre","19":"tag-portugal","20":"tag-pt","21":"tag-rios","22":"tag-vanessa"},"share_on_mastodon":{"url":"https:\/\/pubeurope.com\/@pt\/115446629292966216","error":""},"_links":{"self":[{"href":"https:\/\/www.europesays.com\/pt\/wp-json\/wp\/v2\/posts\/128440","targetHints":{"allow":["GET"]}}],"collection":[{"href":"https:\/\/www.europesays.com\/pt\/wp-json\/wp\/v2\/posts"}],"about":[{"href":"https:\/\/www.europesays.com\/pt\/wp-json\/wp\/v2\/types\/post"}],"author":[{"embeddable":true,"href":"https:\/\/www.europesays.com\/pt\/wp-json\/wp\/v2\/users\/2"}],"replies":[{"embeddable":true,"href":"https:\/\/www.europesays.com\/pt\/wp-json\/wp\/v2\/comments?post=128440"}],"version-history":[{"count":0,"href":"https:\/\/www.europesays.com\/pt\/wp-json\/wp\/v2\/posts\/128440\/revisions"}],"wp:featuredmedia":[{"embeddable":true,"href":"https:\/\/www.europesays.com\/pt\/wp-json\/wp\/v2\/media\/128441"}],"wp:attachment":[{"href":"https:\/\/www.europesays.com\/pt\/wp-json\/wp\/v2\/media?parent=128440"}],"wp:term":[{"taxonomy":"category","embeddable":true,"href":"https:\/\/www.europesays.com\/pt\/wp-json\/wp\/v2\/categories?post=128440"},{"taxonomy":"post_tag","embeddable":true,"href":"https:\/\/www.europesays.com\/pt\/wp-json\/wp\/v2\/tags?post=128440"}],"curies":[{"name":"wp","href":"https:\/\/api.w.org\/{rel}","templated":true}]}}