{"id":128444,"date":"2025-10-27T14:37:08","date_gmt":"2025-10-27T14:37:08","guid":{"rendered":"https:\/\/www.europesays.com\/pt\/128444\/"},"modified":"2025-10-27T14:37:08","modified_gmt":"2025-10-27T14:37:08","slug":"melissa-ganha-forca-e-torna-se-um-raro-furacao-de-categoria-5-jamaica","status":"publish","type":"post","link":"https:\/\/www.europesays.com\/pt\/128444\/","title":{"rendered":"Melissa ganha for\u00e7a e torna-se um raro furac\u00e3o de categoria 5 | Jamaica"},"content":{"rendered":"<p>O furac\u00e3o Melissa foi actualizado para uma tempestade de categoria 5, com ventos destrutivos e inunda\u00e7\u00f5es catastr\u00f3ficas, que se dever\u00e3o intensificar na Jamaica durante o dia e a noite desta segunda-feira, <a href=\"https:\/\/www.nhc.noaa.gov\/#Melissa\" target=\"_blank\" rel=\"nofollow noopener\">informou<\/a> o Centro Nacional de Furac\u00f5es (NHC, na sigla original) dos EUA.<\/p>\n<p>\u201cN\u00e3o se aventurem a sair do vosso abrigo\u201d, declarou o NHC na manh\u00e3 de segunda-feira. \u201c\u00c9 prov\u00e1vel que ocorram inunda\u00e7\u00f5es catastr\u00f3ficas e potencialmente fatais e numerosos deslizamentos de terra\u201d, alertou, citado pela Reuters, dando conta da possibilidade de \u201cdanos extensos nas infra-estruturas, interrup\u00e7\u00f5es duradouras de energia e comunica\u00e7\u00e3o e comunidades isoladas\u201d.<\/p>\n<p>J\u00e1 na noite de domingo, o Governo jamaicano emitiu ordens de retirada obrigat\u00f3rias para todas as pessoas que integrem comunidades costeiras vulner\u00e1veis, incluindo partes de Kingston. \u201cPrev\u00ea-se uma vaga de tempestade principalmente no lado Sul da ilha, a leste do centro\u201d, afirmou Evan Thompson, director principal do Servi\u00e7o Meteorol\u00f3gico da Jamaica, <a href=\"https:\/\/edition.cnn.com\/2025\/10\/25\/weather\/hurricane-melissa-storm-tracker-forecast-jamaica-haiti-climate\" target=\"_blank\" rel=\"nofollow noopener\">citado pela CNN<\/a>.<\/p>\n<p>                &#13;<br \/>\n                    &#13;<br \/>\n                    &#13;<br \/>\n                        Pescadores mudam um barco para um local mais alto, antes da chegada do furac\u00e3o Melissa, em Port Royal, Jamaica&#13;<br \/>\nOctavio Jones\/Reuters                    &#13;<\/p>\n<p>Melissa estava localizado a cerca de 315 milhas (505 quil\u00f3metros) a su-sudoeste de Guant\u00e1namo, Cuba, com ventos m\u00e1ximos sustentados de 260 km\/h, disse o NHC.<\/p>\n<p>\u201cEspera-se uma lenta viragem para noroeste e norte hoje (segunda-feira) e nesta noite, seguida de uma acelera\u00e7\u00e3o para nordeste a partir de ter\u00e7a-feira e continuando pelo menos at\u00e9 quinta-feira\u201d, disse o NHC.<\/p>\n<p>Os furac\u00f5es s\u00e3o classificados nas categorias de 1 a 5 pela <a href=\"https:\/\/www.infopedia.pt\/artigos\/$escala-de-saffir-simpson\" target=\"_blank\" rel=\"nofollow noopener\">escala de Saffir-Simpson<\/a>, com base na velocidade dos ventos sustentados. As categorias indicam o potencial de destrui\u00e7\u00e3o, desde danos menores na categoria 1 (ventos entre 119-153 km\/h) at\u00e9 danos catastr\u00f3ficos na categoria 5 (ventos acima de 252 km\/h).<\/p>\n<p>Um famoso furac\u00e3o de categoria 5 foi o <a href=\"https:\/\/www.publico.pt\/2015\/08\/27\/mundo\/noticia\/katrina-a-destruicao-de-uma-cidade-com-hora-marcada-1706048\" rel=\"nofollow noopener\" target=\"_blank\">Katrina<\/a>, que, em 2005, arrasou mais de 200 quil\u00f3metros de costa Sul dos EUA, deixou 80% de Nova Orle\u00e3es submersa e matou quase duas mil pessoas.<\/p>\n<p>                &#13;<br \/>\n                    &#13;<br \/>\n                    &#13;<br \/>\n                        O furac\u00e3o Melissa, numa imagem composta de sat\u00e9lite obtida pela Reuters &#13;<br \/>\nCIRA\/NOAA via REUTERS                     &#13;<\/p>\n","protected":false},"excerpt":{"rendered":"O furac\u00e3o Melissa foi actualizado para uma tempestade de categoria 5, com ventos destrutivos e inunda\u00e7\u00f5es catastr\u00f3ficas, que&hellip;\n","protected":false},"author":2,"featured_media":128445,"comment_status":"","ping_status":"","sticky":false,"template":"","format":"standard","meta":{"footnotes":""},"categories":[50],"tags":[993,785,27,28,9109,14850,15,16,14849,14,7552,25,26,21,22,606,62,12,13,19,20,23,24,17,18,29,30,31,63,64,65],"class_list":{"0":"post-128444","1":"post","2":"type-post","3":"status-publish","4":"format-standard","5":"has-post-thumbnail","7":"category-mundo","8":"tag-america","9":"tag-azul","10":"tag-breaking-news","11":"tag-breakingnews","12":"tag-caraibas","13":"tag-catastrofes-naturais","14":"tag-featured-news","15":"tag-featurednews","16":"tag-furacoes","17":"tag-headlines","18":"tag-jamaica","19":"tag-latest-news","20":"tag-latestnews","21":"tag-main-news","22":"tag-mainnews","23":"tag-meteorologia","24":"tag-mundo","25":"tag-news","26":"tag-noticias","27":"tag-noticias-principais","28":"tag-noticiasprincipais","29":"tag-principais-noticias","30":"tag-principaisnoticias","31":"tag-top-stories","32":"tag-topstories","33":"tag-ultimas","34":"tag-ultimas-noticias","35":"tag-ultimasnoticias","36":"tag-world","37":"tag-world-news","38":"tag-worldnews"},"share_on_mastodon":{"url":"https:\/\/pubeurope.com\/@pt\/115446641160814549","error":""},"_links":{"self":[{"href":"https:\/\/www.europesays.com\/pt\/wp-json\/wp\/v2\/posts\/128444","targetHints":{"allow":["GET"]}}],"collection":[{"href":"https:\/\/www.europesays.com\/pt\/wp-json\/wp\/v2\/posts"}],"about":[{"href":"https:\/\/www.europesays.com\/pt\/wp-json\/wp\/v2\/types\/post"}],"author":[{"embeddable":true,"href":"https:\/\/www.europesays.com\/pt\/wp-json\/wp\/v2\/users\/2"}],"replies":[{"embeddable":true,"href":"https:\/\/www.europesays.com\/pt\/wp-json\/wp\/v2\/comments?post=128444"}],"version-history":[{"count":0,"href":"https:\/\/www.europesays.com\/pt\/wp-json\/wp\/v2\/posts\/128444\/revisions"}],"wp:featuredmedia":[{"embeddable":true,"href":"https:\/\/www.europesays.com\/pt\/wp-json\/wp\/v2\/media\/128445"}],"wp:attachment":[{"href":"https:\/\/www.europesays.com\/pt\/wp-json\/wp\/v2\/media?parent=128444"}],"wp:term":[{"taxonomy":"category","embeddable":true,"href":"https:\/\/www.europesays.com\/pt\/wp-json\/wp\/v2\/categories?post=128444"},{"taxonomy":"post_tag","embeddable":true,"href":"https:\/\/www.europesays.com\/pt\/wp-json\/wp\/v2\/tags?post=128444"}],"curies":[{"name":"wp","href":"https:\/\/api.w.org\/{rel}","templated":true}]}}