{"id":128466,"date":"2025-10-27T14:55:08","date_gmt":"2025-10-27T14:55:08","guid":{"rendered":"https:\/\/www.europesays.com\/pt\/128466\/"},"modified":"2025-10-27T14:55:08","modified_gmt":"2025-10-27T14:55:08","slug":"ele-comprou-este-quadro-a-preco-de-banana-em-uma-familia-vende-tudo-meses-depois-o-vendeu-por-mais-de-2-milhoes-de-reais","status":"publish","type":"post","link":"https:\/\/www.europesays.com\/pt\/128466\/","title":{"rendered":"Ele comprou este quadro a pre\u00e7o de banana em uma fam\u00edlia vende tudo; meses depois o vendeu por mais de 2 milh\u00f5es de reais"},"content":{"rendered":"<p>\n                        Pe\u00e7a faz parte de uma s\u00e9rie de 500 artes inspiradas em contos populares do Oriente M\u00e9dio\n                    <\/p>\n<ul class=\"article__header__author\">\n<li class=\"article__header__author__item\">\n                                                Por:<br \/>\n                                                                                    B\u00e1rbara Castro \/ Xataka\n                                                                        <\/li>\n<\/ul>\n<p>\n                                                                                                                                                                                                                            27 out<br \/>\n                                    2025<br \/>\n                                     &#8211; 10h36\n                                <\/p>\n<p>\n                                                                                                            (atualizado \u00e0s 11h27)\n                                                                    <\/p>\n<p><img loading=\"lazy\" decoding=\"async\" alt=\"\" class=\"img-d359921fb9c02f7a8e637516fca91653nfxox0am\" height=\"581\" src=\"https:\/\/www.europesays.com\/pt\/wp-content\/uploads\/2025\/10\/1852526894-13662000.png\"  title=\"Xataka\" width=\"774\"\/><\/p>\n<p>\nFoto: Xataka\n<\/p>\n<p class=\"text\">Uma obra do artista surrealista Salvador Dal\u00ed foi identificada e vendida por cerca de \u00a320,000 a \u00a330,000 (mais de R$2 milh\u00f5es). O que gera curiosidade na pintura, no entanto, \u00e9 que originalmente ela foi comprada por apenas \u00a3150 (aproximadamente R$ 1074) e em um &#8220;fam\u00edlia vende tudo&#8221;.<\/p>\n<p class=\"text\">Intitulado Vecchio Sultano, a obra \u00e9 parte de uma s\u00e9rie de 500 artes que refletisse os contos populares do Oriente M\u00e9dio e foi encomendada por um rico casal italiano. A pe\u00e7a feita com aquarela e caneta hidrogr\u00e1fica e ilustra uma parte das Mil e Uma Noites.<\/p>\n<p class=\"text\">A obra foi identificada e oficializada como uma pe\u00e7a de Dal\u00ed, posteriormente leiloada pela Cheffin Auctioneers.<\/p>\n<p class=\"text\">Dal\u00ed concluiu apenas 100 das 500 obras previstas, e metade delas permaneceu com a editora Rizzoli, disse Cheffins. J\u00e1 as outras 50 ficaram com a fam\u00edlia italiana Giuseppe e Mara Albaretto, que as encomendaram e que mais tarde foram herdadas por sua filha Christina, que tamb\u00e9m era afilhada do pintor.<\/p>\n<p class=\"text\">Capa da mat\u00e9ria: Reprodu\u00e7\u00e3o\/AP<\/p>\n<p class=\"text\"><a href=\"https:\/\/www.xataka.com.br\/diversos\/ele-comprou-este-quadro-a-preco-banana-em-uma-familia-vende-tudo-meses-depois-vendeu-mais-2-milhoes-reais\" rel=\"nofollow noopener\" target=\"_blank\">Veja mais<\/a><\/p>\n<p class=\"text\"><b>Mat\u00e9rias relacionadas<\/b><\/p>\n<p class=\"text\"><a href=\"https:\/\/www.xataka.com.br\/diversos\/a-ambicao-da-china-liderar-todas-as-areas-do-planeta-encontrou-seu-proximo-adversario-jaen\" rel=\"nofollow noopener\" target=\"_blank\"> A ambi\u00e7\u00e3o da China de liderar todas as \u00e1reas do planeta encontrou seu pr\u00f3ximo advers\u00e1rio: Ja\u00e9n <\/a><\/p>\n<p class=\"text\"><a href=\"https:\/\/www.xataka.com.br\/diversos\/achavamos-que-os-f-16-eram-a-grande-conquista-da-ucrania-pais-acaba-dar-primeiro-passo-para-receber-ate-150-cacas-gripen-europeus\" rel=\"nofollow noopener\" target=\"_blank\"> Ach\u00e1vamos que os F-16 eram a grande conquista da Ucr\u00e2nia: o pa\u00eds acaba de dar o primeiro passo para receber at\u00e9 150 ca\u00e7as Gripen europeus <\/a><\/p>\n<p class=\"text\"><a href=\"https:\/\/www.xataka.com.br\/diversos\/fa-lego-encomendou-um-conjunto-popular-anos-atras-e-perdeu-durante-uma-mudanca-agora-ele-encontra-em-sua-embalagem-original\" rel=\"nofollow noopener\" target=\"_blank\"> F\u00e3 de LEGO encomendou um conjunto popular anos atr\u00e1s e o perdeu durante uma mudan\u00e7a; agora, ele o encontra em sua embalagem original <\/a><\/p>\n<p class=\"text\"><a href=\"https:\/\/www.xataka.com.br\/informatica\/ia-no-varejo-pode-ampliar-desigualdades-digitais-especialista-alerta-uso-do-chatgpt-para-fazer-compras-apos-anuncio-parceria-com-walmart\" rel=\"nofollow noopener\" target=\"_blank\"> &#8220;IA no varejo pode ampliar desigualdades digitais&#8221;: especialista alerta sobre uso do ChatGPT para fazer compras ap\u00f3s an\u00fancio de parceria com Walmart <\/a><\/p>\n<p class=\"text\"><a href=\"https:\/\/www.xataka.com.br\/diversos\/assisti-dragonball-evolution-novamente-para-ter-certeza-que-era-realmente-tao-ruim-quanto-eu-me-lembrava-nao-cometa-meu-erro\" rel=\"nofollow noopener\" target=\"_blank\"> Assisti &#8220;Dragonball Evolution&#8221; novamente para ter certeza de que era realmente t\u00e3o ruim quanto eu me lembrava; n\u00e3o cometa o meu erro <\/a><\/p>\n","protected":false},"excerpt":{"rendered":"Pe\u00e7a faz parte de uma s\u00e9rie de 500 artes inspiradas em contos populares do Oriente M\u00e9dio Por: B\u00e1rbara&hellip;\n","protected":false},"author":2,"featured_media":128467,"comment_status":"","ping_status":"","sticky":false,"template":"","format":"standard","meta":{"footnotes":""},"categories":[144],"tags":[207,205,206,203,201,202,204,114,115,32,33],"class_list":{"0":"post-128466","1":"post","2":"type-post","3":"status-publish","4":"format-standard","5":"has-post-thumbnail","7":"category-arte-e-design","8":"tag-arte","9":"tag-arte-e-design","10":"tag-artedesign","11":"tag-arts","12":"tag-arts-and-design","13":"tag-artsanddesign","14":"tag-design","15":"tag-entertainment","16":"tag-entretenimento","17":"tag-portugal","18":"tag-pt"},"share_on_mastodon":{"url":"https:\/\/pubeurope.com\/@pt\/115446711860213478","error":""},"_links":{"self":[{"href":"https:\/\/www.europesays.com\/pt\/wp-json\/wp\/v2\/posts\/128466","targetHints":{"allow":["GET"]}}],"collection":[{"href":"https:\/\/www.europesays.com\/pt\/wp-json\/wp\/v2\/posts"}],"about":[{"href":"https:\/\/www.europesays.com\/pt\/wp-json\/wp\/v2\/types\/post"}],"author":[{"embeddable":true,"href":"https:\/\/www.europesays.com\/pt\/wp-json\/wp\/v2\/users\/2"}],"replies":[{"embeddable":true,"href":"https:\/\/www.europesays.com\/pt\/wp-json\/wp\/v2\/comments?post=128466"}],"version-history":[{"count":0,"href":"https:\/\/www.europesays.com\/pt\/wp-json\/wp\/v2\/posts\/128466\/revisions"}],"wp:featuredmedia":[{"embeddable":true,"href":"https:\/\/www.europesays.com\/pt\/wp-json\/wp\/v2\/media\/128467"}],"wp:attachment":[{"href":"https:\/\/www.europesays.com\/pt\/wp-json\/wp\/v2\/media?parent=128466"}],"wp:term":[{"taxonomy":"category","embeddable":true,"href":"https:\/\/www.europesays.com\/pt\/wp-json\/wp\/v2\/categories?post=128466"},{"taxonomy":"post_tag","embeddable":true,"href":"https:\/\/www.europesays.com\/pt\/wp-json\/wp\/v2\/tags?post=128466"}],"curies":[{"name":"wp","href":"https:\/\/api.w.org\/{rel}","templated":true}]}}