{"id":128480,"date":"2025-10-27T15:05:08","date_gmt":"2025-10-27T15:05:08","guid":{"rendered":"https:\/\/www.europesays.com\/pt\/128480\/"},"modified":"2025-10-27T15:05:08","modified_gmt":"2025-10-27T15:05:08","slug":"varios-mortos-barco-com-migrantes-afunda-junto-a-lesbos","status":"publish","type":"post","link":"https:\/\/www.europesays.com\/pt\/128480\/","title":{"rendered":"V\u00e1rios mortos. Barco com migrantes afunda junto a Lesbos"},"content":{"rendered":"<p>&#13;<br \/>\nAs autoridades gregas lan\u00e7aram uma opera\u00e7\u00e3o de busca e salvamento na ilha de Lesbos nesta segunda-feira, ap\u00f3s uma embarca\u00e7\u00e3o que transportava migrantes ter afundado.<br \/>&#13;\n<\/p>\n<p>&#13;<br \/>\nNo mais recente balan\u00e7o do acidente, a guarda costeira referiu que r<b>esgatou sete migrantes com vida do mar a sudoeste de Cabo Agr\u00edlia mas tamb\u00e9m reportou a morte de quatro pessoas<\/b>.\u00a0&#13;\n<\/p>\n<p>&#13;<br \/>\nSublinhou ainda que n\u00e3o h\u00e1 informa\u00e7\u00f5es sobre o n\u00famero total de migrantes a bordo do barco naufragado. <br \/>&#13;\n<\/p>\n<p>&#13;<br \/>\n<b>&#8220;Recuperamos quatro corpos. N\u00e3o sabemos se havia mais pessoas no barco&#8221;<\/b>, disse um oficial da guarda costeira da Gr\u00e9cia. <br \/>&#13;\n<\/p>\n<p>&#13;<br \/>\n<b>&#8220;A guarda costeira continua as suas buscas na \u00e1rea para encontrar outras pessoas&#8221;<\/b>, relatou.&#13;\n<\/p>\n<p>&#13;<br \/>\n<br \/>&#13;<br \/>\nSegundo a emissora local ERT, os sobreviventes s\u00e3o sudaneses.<br \/>&#13;\n<\/p>\n<p>&#13;<br \/>\n<br \/>&#13;<br \/>\nAs autoridades acrescentaram que a opera\u00e7\u00e3o envolve duas embarca\u00e7\u00f5es, um helic\u00f3ptero e uma unidade terrestre da Guarda Costeira. <br \/>&#13;\n<\/p>\n<p>&#13;<br \/>\nFoi ainda acentuado que nos \u00faltimos dias t\u00eam ocorrido ventos fortes de 60 km\/h nesta \u00e1rea perto da costa turca.<br \/>&#13;\n<\/p>\n<p>&#13;<br \/>\nCemit\u00e9rio mediterr\u00e2nico<br \/>&#13;<br \/>\n<br \/>&#13;\n<\/p>\n<p>&#13;<br \/>\nH\u00e1 muito que a Gr\u00e9cia, no extremo sul da Uni\u00e3o Europeia, tem sido uma porta de entrada privilegiada na Europa para migrantes e refugiados do M\u00e9dio Oriente, \u00c1frica e \u00c1sia.\u00a0&#13;\n<\/p>\n<p>&#13;<br \/>\nO pa\u00eds mediterr\u00e2nico endureceu recentemente as regras de migra\u00e7\u00e3o, ap\u00f3s um ressurgimento de chegadas da L\u00edbia atrav\u00e9s das ilhas gregas de Creta e Gavdos.&#13;\n<\/p>\n<p>&#13;<br \/>\n<b>O naufr\u00e1gio desta segunda-feira ao largo de Lesbos \u00e9 o terceiro em \u00e1guas gregas desde o in\u00edcio de outubro.&#13;<br \/>\n<\/b>&#13;\n<\/p>\n<p>H\u00e1 dez dias, duas mulheres foram encontradas mortas na costa rochosa de Quios, onde o barco em que viajavam, transportando um total de 29 migrantes, encalhou.<\/p>\n<p>A 7 de outubro, outros quatro migrantes foram encontrados mortos ao largo da costa de Lesbos.<\/p>\n<p>Na \u00faltima sexta-feira, junto \u00e0 costa de Bodrum, uma cidade no sudoeste da Turquia, a cinco quil\u00f3metros da ilha grega de Kos,  17 pessoas morreram afogadas ap\u00f3s o naufr\u00e1gio da embarca\u00e7\u00e3o onde seguiam.<br \/>&#13;\n<\/p>\n<p>&#13;<br \/>\nDe acordo com a Organiza\u00e7\u00e3o Internacional para as Migra\u00e7\u00f5es, quase <b>1.400 migrantes desapareceram ou morreram no Mediterr\u00e2neo em 2025<\/b>.<br \/>&#13;\n<\/p>\n<p>&#13;<br \/>\nc\/ag\u00eancias<br \/>&#13;<\/p>\n","protected":false},"excerpt":{"rendered":"&#13; As autoridades gregas lan\u00e7aram uma opera\u00e7\u00e3o de busca e salvamento na ilha de Lesbos nesta segunda-feira, ap\u00f3s&hellip;\n","protected":false},"author":2,"featured_media":128481,"comment_status":"","ping_status":"","sticky":false,"template":"","format":"standard","meta":{"footnotes":""},"categories":[50],"tags":[27,28,15,16,4234,14,25,26,29284,21,22,2125,62,2758,12,13,19,20,23,24,17,18,29,30,31,63,64,65],"class_list":{"0":"post-128480","1":"post","2":"type-post","3":"status-publish","4":"format-standard","5":"has-post-thumbnail","7":"category-mundo","8":"tag-breaking-news","9":"tag-breakingnews","10":"tag-featured-news","11":"tag-featurednews","12":"tag-grecia","13":"tag-headlines","14":"tag-latest-news","15":"tag-latestnews","16":"tag-lesbos","17":"tag-main-news","18":"tag-mainnews","19":"tag-migrantes","20":"tag-mundo","21":"tag-naufragio","22":"tag-news","23":"tag-noticias","24":"tag-noticias-principais","25":"tag-noticiasprincipais","26":"tag-principais-noticias","27":"tag-principaisnoticias","28":"tag-top-stories","29":"tag-topstories","30":"tag-ultimas","31":"tag-ultimas-noticias","32":"tag-ultimasnoticias","33":"tag-world","34":"tag-world-news","35":"tag-worldnews"},"share_on_mastodon":{"url":"https:\/\/pubeurope.com\/@pt\/115446751127724616","error":""},"_links":{"self":[{"href":"https:\/\/www.europesays.com\/pt\/wp-json\/wp\/v2\/posts\/128480","targetHints":{"allow":["GET"]}}],"collection":[{"href":"https:\/\/www.europesays.com\/pt\/wp-json\/wp\/v2\/posts"}],"about":[{"href":"https:\/\/www.europesays.com\/pt\/wp-json\/wp\/v2\/types\/post"}],"author":[{"embeddable":true,"href":"https:\/\/www.europesays.com\/pt\/wp-json\/wp\/v2\/users\/2"}],"replies":[{"embeddable":true,"href":"https:\/\/www.europesays.com\/pt\/wp-json\/wp\/v2\/comments?post=128480"}],"version-history":[{"count":0,"href":"https:\/\/www.europesays.com\/pt\/wp-json\/wp\/v2\/posts\/128480\/revisions"}],"wp:featuredmedia":[{"embeddable":true,"href":"https:\/\/www.europesays.com\/pt\/wp-json\/wp\/v2\/media\/128481"}],"wp:attachment":[{"href":"https:\/\/www.europesays.com\/pt\/wp-json\/wp\/v2\/media?parent=128480"}],"wp:term":[{"taxonomy":"category","embeddable":true,"href":"https:\/\/www.europesays.com\/pt\/wp-json\/wp\/v2\/categories?post=128480"},{"taxonomy":"post_tag","embeddable":true,"href":"https:\/\/www.europesays.com\/pt\/wp-json\/wp\/v2\/tags?post=128480"}],"curies":[{"name":"wp","href":"https:\/\/api.w.org\/{rel}","templated":true}]}}