{"id":128499,"date":"2025-10-27T15:23:09","date_gmt":"2025-10-27T15:23:09","guid":{"rendered":"https:\/\/www.europesays.com\/pt\/128499\/"},"modified":"2025-10-27T15:23:09","modified_gmt":"2025-10-27T15:23:09","slug":"nao-e-um-museu-e-um-lugar-para-o-inesperado","status":"publish","type":"post","link":"https:\/\/www.europesays.com\/pt\/128499\/","title":{"rendered":"N\u00e3o \u00e9 um museu, \u00e9 um lugar para o inesperado"},"content":{"rendered":"<p>        A arte contempor\u00e2nea tem um novo templo no cora\u00e7\u00e3o de Paris, mesmo junto ao Louvre. Jean Nouvel reinventa a no\u00e7\u00e3o de espa\u00e7o, Haussmann brilha na fachada e a Fondation Cartier pour l\u2019Art Contemporain desafia a gravidade. E enriquece a oferta cultura na capital francesa.    <\/p>\n<p>Paris n\u00e3o se resume ao Eliseu, \u00e0s intrigas da \u2018corte\u2019 e sucessivas crises pol\u00edticas. Tamb\u00e9m simboliza o que de melhor h\u00e1 na express\u00e3o \u201c\u00e0 grande e \u00e0 francesa\u201d. \u00c9 precisamente o que se espera do encontro entre o arrojo de Jean Nouvel e o legado de Haussmann, a mais recente provoca\u00e7\u00e3o criativa da Funda\u00e7\u00e3o Cartier, no n\u00ba 2 da Place du Palais-Royal \u2013 et oui!, mesmo junto ao Louvre. A inaugura\u00e7\u00e3o, com pompa e merecida circunst\u00e2ncia, tem lugar a 25 e 26 de outubro.<\/p>\n<p>Falamos na nova casa da Fondation Cartier pour l\u2019Art Contemporain. Uma explos\u00e3o de ousadia arquitet\u00f3nica. A fachada, de 1855, projetada pelo bar\u00e3o Georges-Eug\u00e8ne Haussmann, no \u00e2mbito de um radical projeto de reforma urbana, lan\u00e7ado pelo imperador Napole\u00e3o III, mant\u00e9m o seu esplendor.<\/p>\n<p><strong>Conte\u00fado reservado a assinantes. Leia\u00a0<a href=\"https:\/\/leitor.jornaleconomico.pt\/noticia\/nao-e-um-museu-e-um-lugar-para-o-inesperado\" target=\"_blank\" rel=\"noopener nofollow\">aqui<\/a>\u00a0o conte\u00fado completo. Edi\u00e7\u00e3o do\u00a0<a href=\"https:\/\/leitor.jornaleconomico.pt\/edicao\/jornal-economico\/2322\" target=\"_blank\" rel=\"noopener nofollow\">Jornal Econ\u00f3mico<\/a> de 24 de outubro.<\/strong><\/p>\n","protected":false},"excerpt":{"rendered":"A arte contempor\u00e2nea tem um novo templo no cora\u00e7\u00e3o de Paris, mesmo junto ao Louvre. Jean Nouvel reinventa&hellip;\n","protected":false},"author":2,"featured_media":128500,"comment_status":"","ping_status":"","sticky":false,"template":"","format":"standard","meta":{"footnotes":""},"categories":[144],"tags":[207,205,206,203,201,202,204,114,115,32,33],"class_list":{"0":"post-128499","1":"post","2":"type-post","3":"status-publish","4":"format-standard","5":"has-post-thumbnail","7":"category-arte-e-design","8":"tag-arte","9":"tag-arte-e-design","10":"tag-artedesign","11":"tag-arts","12":"tag-arts-and-design","13":"tag-artsanddesign","14":"tag-design","15":"tag-entertainment","16":"tag-entretenimento","17":"tag-portugal","18":"tag-pt"},"share_on_mastodon":{"url":"https:\/\/pubeurope.com\/@pt\/115446821865034686","error":""},"_links":{"self":[{"href":"https:\/\/www.europesays.com\/pt\/wp-json\/wp\/v2\/posts\/128499","targetHints":{"allow":["GET"]}}],"collection":[{"href":"https:\/\/www.europesays.com\/pt\/wp-json\/wp\/v2\/posts"}],"about":[{"href":"https:\/\/www.europesays.com\/pt\/wp-json\/wp\/v2\/types\/post"}],"author":[{"embeddable":true,"href":"https:\/\/www.europesays.com\/pt\/wp-json\/wp\/v2\/users\/2"}],"replies":[{"embeddable":true,"href":"https:\/\/www.europesays.com\/pt\/wp-json\/wp\/v2\/comments?post=128499"}],"version-history":[{"count":0,"href":"https:\/\/www.europesays.com\/pt\/wp-json\/wp\/v2\/posts\/128499\/revisions"}],"wp:featuredmedia":[{"embeddable":true,"href":"https:\/\/www.europesays.com\/pt\/wp-json\/wp\/v2\/media\/128500"}],"wp:attachment":[{"href":"https:\/\/www.europesays.com\/pt\/wp-json\/wp\/v2\/media?parent=128499"}],"wp:term":[{"taxonomy":"category","embeddable":true,"href":"https:\/\/www.europesays.com\/pt\/wp-json\/wp\/v2\/categories?post=128499"},{"taxonomy":"post_tag","embeddable":true,"href":"https:\/\/www.europesays.com\/pt\/wp-json\/wp\/v2\/tags?post=128499"}],"curies":[{"name":"wp","href":"https:\/\/api.w.org\/{rel}","templated":true}]}}