{"id":128506,"date":"2025-10-27T15:29:16","date_gmt":"2025-10-27T15:29:16","guid":{"rendered":"https:\/\/www.europesays.com\/pt\/128506\/"},"modified":"2025-10-27T15:29:16","modified_gmt":"2025-10-27T15:29:16","slug":"fila-e-netshoes-realizam-bate-papo-e-treino-gratuitos-durante-outubro-rosa-esportividade","status":"publish","type":"post","link":"https:\/\/www.europesays.com\/pt\/128506\/","title":{"rendered":"Fila e Netshoes realizam bate-papo e treino gratuitos durante Outubro Rosa &#8211; Esportividade"},"content":{"rendered":"<p>Por Renata S\u00e1, editora do Esportividade<\/p>\n<p>\t\t\t\t\t\t<img fetchpriority=\"high\" decoding=\"async\" aria-describedby=\"caption-attachment-163517\" class=\"size-full wp-image-163517\" src=\"https:\/\/www.europesays.com\/pt\/wp-content\/uploads\/2025\/10\/Fila-Netshoes-speedzone-5.jpg\" alt=\"\" width=\"710\" height=\"425\"  \/><\/p>\n<p id=\"caption-attachment-163517\" class=\"wp-caption-text\">Trein\u00e3o Fila e Netshoes de Outubro Rosa em S\u00e3o Paulo (Esportividade)<\/p>\n<p>A campanha Outubro Rosa, que promove a\u00e7\u00f5es voltadas para o diagn\u00f3stico precoce do c\u00e2ncer de mama, ganhou um evento especial com bate-papo seguido de treino de corrida no dia 25 de outubro de 2025, s\u00e1bado, \u00e0s 9h, no parque das Bicicletas, na zona sul de S\u00e3o Paulo.<\/p>\n<p>A iniciativa foi da Fila, marca de t\u00eanis e roupas esportivas, em parceria com a Netshoes, e-commerce de artigos esportivos e lifestyle, para a divulga\u00e7\u00e3o do rec\u00e9m-lan\u00e7ado <a href=\"https:\/\/esportividade.com.br\/lancamento-racer-speedzone-e-o-tenis-baixa-pace-da-fila-para-treinos-e-provas\/\" rel=\"nofollow noopener\" target=\"_blank\">Fila Racer Speedzone<\/a> rosa. A import\u00e2ncia do exerc\u00edcio f\u00edsico \u2013 at\u00e9 mesmo para pessoas com diagn\u00f3stico de c\u00e2ncer \u2013 tamb\u00e9m esteve em discuss\u00e3o.<\/p>\n<p><img loading=\"lazy\" decoding=\"async\" aria-describedby=\"caption-attachment-163520\" class=\"size-full wp-image-163520\" src=\"https:\/\/www.europesays.com\/pt\/wp-content\/uploads\/2025\/10\/Fila-Netshoes-speedzone-1.jpg\" alt=\"\" width=\"710\" height=\"533\"  \/><\/p>\n<p id=\"caption-attachment-163520\" class=\"wp-caption-text\">Bate-papo sobre o diagn\u00f3stico precoce de c\u00e2ncer de mama e a pr\u00e1tica esportiva (Esportividade)<\/p>\n<p>Al\u00e9m de abordar a necessidade de encontros como os trein\u00f5es de corrida, a mastologista Maira Caleffi defendeu a pr\u00e1tica regular de exerc\u00edcios f\u00edsicos como papel fundamental na redu\u00e7\u00e3o de fatores de risco para desenvolvimento do c\u00e2ncer.<\/p>\n<p>\u201c\u00c9 essencial para salvar vidas estimular uma mudan\u00e7a nos h\u00e1bitos cotidianos, como preven\u00e7\u00e3o prim\u00e1ria, e a realiza\u00e7\u00e3o anual de exames de rastreamento para mulheres a partir dos 40 anos\u201d, \u00e9 o que diz a m\u00e9dica, que \u00e9 presidente fundadora da Femama (Federa\u00e7\u00e3o Brasileira de Institui\u00e7\u00f5es Filantr\u00f3picas de Apoio \u00e0 Sa\u00fade da Mama) e chefe do N\u00facleo Mama do Hospital Moinhos de Vento de Porto Alegre.<\/p>\n<p><img loading=\"lazy\" decoding=\"async\" aria-describedby=\"caption-attachment-163521\" class=\"size-full wp-image-163521\" src=\"https:\/\/www.europesays.com\/pt\/wp-content\/uploads\/2025\/10\/Fila-Netshoes-speedzone-3.jpg\" alt=\"\" width=\"710\" height=\"594\"  \/><\/p>\n<p id=\"caption-attachment-163521\" class=\"wp-caption-text\">Treino de corrida da Fila para teste do Racer Speedzone rosa (Esportividade)<\/p>\n<p>Durante o bate-papo, a influenciadora Gi Charaba tamb\u00e9m contou sobre a experi\u00eancia ao ser diagnosticada com c\u00e2ncer de mama ainda jovem e como foi o tratamento realizado pelo SUS (Sistema \u00danico de Sa\u00fade).<\/p>\n<p>As participantes, ap\u00f3s a conversa, puderam testar o modelo rosa do Speedzone durante um treino de corrida no parque das Bicicletas. Elas ainda ganharam um kit com produtos Fila contendo camiseta, viseira, pochete e sacola. Uma parte do lucro das vendas do Fila Racer Speedzone rosa ser\u00e1 revertida para a <a href=\"https:\/\/www.instagram.com\/femama.brasil\/\" target=\"_blank\" rel=\"noopener nofollow\">Femama<\/a>.<\/p>\n<p>O evento foi voltado a convidados e pessoas inscritas pelo aplicativo da <a href=\"https:\/\/esportividade.com.br\/aulas-de-musculacao-gratuitas-e-a-ceu-aberto-serao-reabertas-no-villa-lobos\/\" rel=\"nofollow noopener\" target=\"_blank\">Mude \u2013 com academias ao ar livre e acesso gratuito a treinos com professores<\/a>.<\/p>\n<p><strong>Fila Racer Speedzone e Manu Cit<\/strong><\/p>\n<p><img loading=\"lazy\" decoding=\"async\" aria-describedby=\"caption-attachment-163522\" class=\"size-full wp-image-163522\" src=\"https:\/\/www.europesays.com\/pt\/wp-content\/uploads\/2025\/10\/Fila-Netshoes-speedzone-4.jpg\" alt=\"\" width=\"710\" height=\"664\"  \/><\/p>\n<p id=\"caption-attachment-163522\" class=\"wp-caption-text\">Manu Cit e Fila lan\u00e7am vers\u00e3o do Racer Speedzone inspirado na Guday ma\u00e7\u00e3 verde (Fila\/Divulga\u00e7\u00e3o)<\/p>\n<p>Em uma cocria\u00e7\u00e3o, Fila e Manu Cit, atual embaixadora da marca, lan\u00e7aram uma nova combina\u00e7\u00e3o de cores do Fila Racer Speedzone. Verde e branco, o modelo supervers\u00e1til para treinos e provas mais curtas de corrida de rua \u00e9 inspirado na Guday de ma\u00e7\u00e3 verde, goma de creatina de empresa da influenciadora.<\/p>\n<p><strong>Leia mais:<\/strong><br \/><a href=\"https:\/\/esportividade.com.br\/lancamento-racer-speedzone-e-o-tenis-baixa-pace-da-fila-para-treinos-e-provas\/\" rel=\"nofollow noopener\" target=\"_blank\">Fila Racer Speedzone \u00e9 meu t\u00eanis \u2018baixa pace\u2019 do momento<\/a><\/p>\n<p>No in\u00edcio de 2025, para anunciar a parceria, a Fila lan\u00e7ou a vers\u00e3o roxa do produto. E, agora, a fim de personalizar ainda mais essa uni\u00e3o, o Fila Racer Speedzone incorporou as cores predominantes da Guday sabor ma\u00e7\u00e3 verde. \u201cEssa collab mostra que esporte, sa\u00fade e estilo caminham juntos e podem inspirar cada vez mais pessoas a acreditar no seu pr\u00f3prio ritmo\u201d, afirma Manu Cit.<\/p>\n<p><strong>Exame gratuito de mamografia at\u00e9 07\/11<\/strong><\/p>\n<p>Uma unidade m\u00f3vel para a realiza\u00e7\u00e3o de exame gratuito de mamografia ficar\u00e1 at\u00e9 7 de novembro de 2025, sexta-feira, das 8h \u00e0s 18h, em frente \u00e0 Assembleia Legislativa do Estado de S\u00e3o Paulo. O atendimento, realizado de segunda-feira a sexta-feira, \u00e9 oferecido para mulheres com mais de 35 anos, que j\u00e1 sair\u00e3o de l\u00e1 com o laudo e as imagens do exame no mesmo dia.<\/p>\n<p>Ser\u00e3o distribu\u00eddas 60 senhas por dia, e \u00e9 necess\u00e1rio levar RG e cart\u00e3o do SUS. Quem possuir pedido m\u00e9dico tamb\u00e9m dever\u00e1 lev\u00e1-lo. As que n\u00e3o o tiverem poder\u00e3o obt\u00ea-lo no local ap\u00f3s avalia\u00e7\u00e3o m\u00e9dica. Ap\u00f3s 48h da realiza\u00e7\u00e3o exame, ser\u00e1 poss\u00edvel consultar o laudo digitalmente. A Alesp (Assembleia Legislativa do Estado de S\u00e3o Paulo) fica na avenida Pedro \u00c1lvares Cabral, 201, diante do parque do Ibirapuera, na zona sul da cidade.<\/p>\n<p>\t\t\t\t\t<script async src=\"\/\/www.instagram.com\/embed.js\"><\/script><\/p>\n","protected":false},"excerpt":{"rendered":"Por Renata S\u00e1, editora do Esportividade Trein\u00e3o Fila e Netshoes de Outubro Rosa em S\u00e3o Paulo (Esportividade) A&hellip;\n","protected":false},"author":2,"featured_media":128507,"comment_status":"","ping_status":"","sticky":false,"template":"","format":"standard","meta":{"footnotes":""},"categories":[86],"tags":[29288,116,32,33,117],"class_list":{"0":"post-128506","1":"post","2":"type-post","3":"status-publish","4":"format-standard","5":"has-post-thumbnail","7":"category-saude","8":"tag-corrida-de-rua","9":"tag-health","10":"tag-portugal","11":"tag-pt","12":"tag-saude"},"share_on_mastodon":{"url":"https:\/\/pubeurope.com\/@pt\/115446845679149989","error":""},"_links":{"self":[{"href":"https:\/\/www.europesays.com\/pt\/wp-json\/wp\/v2\/posts\/128506","targetHints":{"allow":["GET"]}}],"collection":[{"href":"https:\/\/www.europesays.com\/pt\/wp-json\/wp\/v2\/posts"}],"about":[{"href":"https:\/\/www.europesays.com\/pt\/wp-json\/wp\/v2\/types\/post"}],"author":[{"embeddable":true,"href":"https:\/\/www.europesays.com\/pt\/wp-json\/wp\/v2\/users\/2"}],"replies":[{"embeddable":true,"href":"https:\/\/www.europesays.com\/pt\/wp-json\/wp\/v2\/comments?post=128506"}],"version-history":[{"count":0,"href":"https:\/\/www.europesays.com\/pt\/wp-json\/wp\/v2\/posts\/128506\/revisions"}],"wp:featuredmedia":[{"embeddable":true,"href":"https:\/\/www.europesays.com\/pt\/wp-json\/wp\/v2\/media\/128507"}],"wp:attachment":[{"href":"https:\/\/www.europesays.com\/pt\/wp-json\/wp\/v2\/media?parent=128506"}],"wp:term":[{"taxonomy":"category","embeddable":true,"href":"https:\/\/www.europesays.com\/pt\/wp-json\/wp\/v2\/categories?post=128506"},{"taxonomy":"post_tag","embeddable":true,"href":"https:\/\/www.europesays.com\/pt\/wp-json\/wp\/v2\/tags?post=128506"}],"curies":[{"name":"wp","href":"https:\/\/api.w.org\/{rel}","templated":true}]}}