{"id":128532,"date":"2025-10-27T15:51:12","date_gmt":"2025-10-27T15:51:12","guid":{"rendered":"https:\/\/www.europesays.com\/pt\/128532\/"},"modified":"2025-10-27T15:51:12","modified_gmt":"2025-10-27T15:51:12","slug":"camila-queiroz-e-klebber-toledo-fazem-boa-acao-no-cha-de-bebe-da-filha-queremos","status":"publish","type":"post","link":"https:\/\/www.europesays.com\/pt\/128532\/","title":{"rendered":"Camila Queiroz e Klebber Toledo fazem boa a\u00e7\u00e3o no ch\u00e1 de beb\u00ea da filha: &#8216;Queremos&#8217;"},"content":{"rendered":"<p>Na reta final da gravidez, a atriz <a href=\"https:\/\/caras.com.br\/perfil\/camila-queiroz\" rel=\"nofollow noopener\" target=\"_blank\"><strong>Camila Queiroz<\/strong><\/a> e o ator <strong><a href=\"https:\/\/caras.com.br\/tags\/klebber-toledo\" rel=\"nofollow noopener\" target=\"_blank\">Klebber Toledo<\/a><\/strong> celebraram, no \u00faltimo s\u00e1bado, 25, <a href=\"https:\/\/caras.com.br\/bebe\/camila-queiroz-compartilha-novos-registros-do-cha-de-bebe-de-sua-filha.phtml\" rel=\"nofollow noopener\" target=\"_blank\">o ch\u00e1 de beb\u00ea da primeira filha do casal.<\/a> Al\u00e9m de festejar com amigos e familiares, eles aproveitaram o momento para uma a\u00e7\u00e3o solid\u00e1ria: arrecadar fraldas que ser\u00e3o doadas a outras m\u00e3es, como ela contou neste domingo, 26.<\/p>\n<p>Na publica\u00e7\u00e3o, ela mostrou a pilha de sacos de fraldas que estava na casa da fam\u00edlia. O casal ficou radiante com a atitude dos convidados, que seguiram a sugest\u00e3o de presente\u00e1-los com itens para doa\u00e7\u00e3o.<\/p>\n<p>\u201cEm um momento t\u00e3o feliz, queremos tamb\u00e9m levar um pouco de carinho para outras mam\u00e3es que precisam de ajuda. Obrigada, fam\u00edlia e amigos, por doarem fraldas. Temos certeza de que ser\u00e3o de grande ajuda neste momento t\u00e3o importante\u201d, escreveu Queiroz.<\/p>\n<p> <img loading=\"lazy\" decoding=\"async\" class=\"size-full wp-image-1022934 img-fluid lazy\" alt=\"Camila Queiroz arrecada fraldas para doa\u00e7\u00e3o no ch\u00e1 de beb\u00ea da filha \u2014 Foto: Reprodu\u00e7\u00e3o\/Instagram @camilaqueiroz\" width=\"800\" height=\"1271\" src=\"https:\/\/www.europesays.com\/pt\/wp-content\/uploads\/2025\/10\/camila-1.jpg\"  \/>Camila Queiroz arrecada fraldas para doa\u00e7\u00e3o no ch\u00e1 de beb\u00ea da filha \u2014 Foto: Reprodu\u00e7\u00e3o\/Instagram @camilaqueiroz Como foi o ch\u00e1 de beb\u00ea? <\/p>\n<p>\u00c0 espera de sua primeira filha, Camila Queiroz comemorou a gesta\u00e7\u00e3o em um \u201calmo\u00e7o no jardim\u201d. O evento foi decorado com arranjos florais e elementos em tons past\u00e9is, predominando o rosa e o verde.<\/p>\n<p>Al\u00e9m disso, o evento contou com tendas listradas em rosa e branco, al\u00e9m de mesas adornadas com flores, especialmente preparadas para receber familiares e amigos pr\u00f3ximos do casal.<\/p>\n<p>Para a ocasi\u00e3o, Camila escolheu um look leve e sofisticado: uma saia longa bege combinada com uma blusa branca de mangas bufantes e recortes rendados.<\/p>\n<p> <img loading=\"lazy\" decoding=\"async\" class=\"size-full wp-image-1022941 img-fluid lazy\" alt=\"Camila Queiroz e Klebber Toledo \u2014 Foto: Reprodu\u00e7\u00e3o\/Instagram @camilaqueiroz\" width=\"800\" height=\"1249\" src=\"https:\/\/www.europesays.com\/pt\/wp-content\/uploads\/2025\/10\/camila1-1.jpg\"  \/>Camila Queiroz e Klebber Toledo \u2014 Foto: Reprodu\u00e7\u00e3o\/Instagram @camilaqueiroz <img loading=\"lazy\" decoding=\"async\" class=\"size-full wp-image-1022942 img-fluid lazy\" alt=\"Camila Queiroz \u2014 Foto: Reprodu\u00e7\u00e3o\/Instagram @camilaqueiroz\" width=\"800\" height=\"1280\" src=\"https:\/\/www.europesays.com\/pt\/wp-content\/uploads\/2025\/10\/camila-2.jpg\"  \/>Camila Queiroz \u2014 Foto: Reprodu\u00e7\u00e3o\/Instagram @camilaqueiroz Como foi o an\u00fancio da gravidez? <\/p>\n<p>Vale lembrar que o casal anunciou a primeira gravidez em julho deste ano. Nas redes sociais, os dois compartilharam um ensaio fotogr\u00e1fico. Na ocasi\u00e3o, Camila contou que j\u00e1 estava com cinco meses de gesta\u00e7\u00e3o e se declarou ao lado do marido: \u201cH\u00e1 5 meses esperando o amor da nossa vida\u201d, escreveram para os f\u00e3s.<\/p>\n<p>J\u00e1 em agosto, Camila Queiroz e Klebber Toledo revelaram que e<a href=\"https:\/\/caras.com.br\/bebe\/menino-ou-menina-camila-queiroz-e-klebber-toledo-descobrem-o-genero-do-bebe.phtml\" rel=\"nofollow noopener\" target=\"_blank\">speram uma menina<\/a>. O ch\u00e1 revela\u00e7\u00e3o foi intimista, realizado apenas entre os dois, e o momento especial aconteceu com um bolo branco de recheio rosa.<\/p>\n<p><strong>Leia tamb\u00e9m<\/strong>:\u00a0<a href=\"https:\/\/caras.com.br\/viagem\/camila-queiroz-e-klebber-toledo-curtem-babymoon-antes-da-chegada-do-filho-entenda.phtml\" rel=\"nofollow noopener\" target=\"_blank\">Camila Queiroz e Klebber Toledo curtem \u2018babymoon\u2019 antes da chegada do filho; entenda o que \u00e9<\/a><\/p>\n<blockquote class=\"instagram-media\" style=\"background: #FFF; border: 0; border-radius: 3px; box-shadow: 0 0 1px 0 rgba(0,0,0,0.5),0 1px 10px 0 rgba(0,0,0,0.15); margin: 1px; max-width: 540px; min-width: 326px; padding: 0; width: calc(100% - 2px);\" data-instgrm-captioned=\"\" data-instgrm-permalink=\"https:\/\/www.instagram.com\/reel\/DQR02HQkcSb\/?utm_source=ig_embed&amp;utm_campaign=loading\" data-instgrm-version=\"14\"><\/blockquote>\n<p>\u00a0<\/p>\n<p>        <a href=\"https:\/\/caras.com.br\/autor\/juliana-dracz\" rel=\"nofollow noopener\" target=\"_blank\">&#13;<br \/>\n          <img loading=\"lazy\" decoding=\"async\" alt=\"Juliana Dracz\" src=\"https:\/\/www.europesays.com\/pt\/wp-content\/uploads\/2025\/09\/436551461_2434711450057729_5105646040807821088_n_sqmd.png\" class=\"avatar avatar-115 photo rounded-circle\" height=\"115\" width=\"115\"\/>        <\/a><\/p>\n<p>Juliana Dracz \u00e9 rep\u00f3rter de conte\u00fado do site CARAS. Formada em Jornalismo pela Universidade Cat\u00f3lica de Bras\u00edlia, ela j\u00e1 trabalhou em grandes sites de entretenimento. Atualmente, escreve sobre novelas, celebridades e TV.<\/p>\n<ul class=\"terms-list post_tag list-inline\">\n<li class=\"camila-queiroz list-inline-item\">\n\t\t\t\t\t<a href=\"https:\/\/caras.com.br\/tags\/camila-queiroz\" class=\"item-category\" rel=\"nofollow noopener\" target=\"_blank\">Camila Queiroz<\/a>\n\t\t\t\t<\/li>\n<li class=\"klebber-toledo list-inline-item\">\n\t\t\t\t\t<a href=\"https:\/\/caras.com.br\/tags\/klebber-toledo\" class=\"item-category\" rel=\"nofollow noopener\" target=\"_blank\">klebber toledo<\/a>\n\t\t\t\t<\/li>\n<\/ul>\n<p>\t                                            <script async src=\"\/\/www.instagram.com\/embed.js\"><\/script><\/p>\n","protected":false},"excerpt":{"rendered":"Na reta final da gravidez, a atriz Camila Queiroz e o ator Klebber Toledo celebraram, no \u00faltimo s\u00e1bado,&hellip;\n","protected":false},"author":2,"featured_media":128533,"comment_status":"","ping_status":"","sticky":false,"template":"","format":"standard","meta":{"footnotes":""},"categories":[145],"tags":[11700,211,210,114,115,26611,32,33],"class_list":{"0":"post-128532","1":"post","2":"type-post","3":"status-publish","4":"format-standard","5":"has-post-thumbnail","7":"category-celebridades","8":"tag-camila-queiroz","9":"tag-celebridades","10":"tag-celebrities","11":"tag-entertainment","12":"tag-entretenimento","13":"tag-klebber-toledo","14":"tag-portugal","15":"tag-pt"},"share_on_mastodon":{"url":"https:\/\/pubeurope.com\/@pt\/115446932205037842","error":""},"_links":{"self":[{"href":"https:\/\/www.europesays.com\/pt\/wp-json\/wp\/v2\/posts\/128532","targetHints":{"allow":["GET"]}}],"collection":[{"href":"https:\/\/www.europesays.com\/pt\/wp-json\/wp\/v2\/posts"}],"about":[{"href":"https:\/\/www.europesays.com\/pt\/wp-json\/wp\/v2\/types\/post"}],"author":[{"embeddable":true,"href":"https:\/\/www.europesays.com\/pt\/wp-json\/wp\/v2\/users\/2"}],"replies":[{"embeddable":true,"href":"https:\/\/www.europesays.com\/pt\/wp-json\/wp\/v2\/comments?post=128532"}],"version-history":[{"count":0,"href":"https:\/\/www.europesays.com\/pt\/wp-json\/wp\/v2\/posts\/128532\/revisions"}],"wp:featuredmedia":[{"embeddable":true,"href":"https:\/\/www.europesays.com\/pt\/wp-json\/wp\/v2\/media\/128533"}],"wp:attachment":[{"href":"https:\/\/www.europesays.com\/pt\/wp-json\/wp\/v2\/media?parent=128532"}],"wp:term":[{"taxonomy":"category","embeddable":true,"href":"https:\/\/www.europesays.com\/pt\/wp-json\/wp\/v2\/categories?post=128532"},{"taxonomy":"post_tag","embeddable":true,"href":"https:\/\/www.europesays.com\/pt\/wp-json\/wp\/v2\/tags?post=128532"}],"curies":[{"name":"wp","href":"https:\/\/api.w.org\/{rel}","templated":true}]}}