{"id":128546,"date":"2025-10-27T16:02:08","date_gmt":"2025-10-27T16:02:08","guid":{"rendered":"https:\/\/www.europesays.com\/pt\/128546\/"},"modified":"2025-10-27T16:02:08","modified_gmt":"2025-10-27T16:02:08","slug":"jornalista-britanico-criticou-israel-e-foi-detido-nos-eua-por-apoiar-o-terrorismo","status":"publish","type":"post","link":"https:\/\/www.europesays.com\/pt\/128546\/","title":{"rendered":"Jornalista brit\u00e2nico criticou Israel e foi detido nos EUA por &#8220;apoiar o terrorismo&#8221;"},"content":{"rendered":"<p data-remotead-prev-elm=\"true\" data-remotead-elm-id=\"inread\">O jornalista tamb\u00e9m viu o seu visto revogado e foi proibido de concluir o ciclo de palestras. Hamdi discursou, no s\u00e1bado, na gala anual do CAIR (Conselho para as Rela\u00e7\u00f5es Americano-Isl\u00e2micas) em Sacramento e esperava-se que discursasse no domingo, na gala da Fl\u00f3rida.<\/p>\n<p>A entidade defendeu que a deten\u00e7\u00e3o \u00e9 &#8220;uma afronta flagrante \u00e0 liberdade de express\u00e3o&#8221;, uma vez que as suas motiva\u00e7\u00f5es est\u00e3o associadas a cr\u00edticas \u00e0 campanha militar de Israel em Gaza, acrescentado que &#8220;os advogados e parceiros est\u00e3o a trabalhar para resolver esta injusti\u00e7a&#8221;.<\/p>\n<p>Ainda segundo o Conselho para as Rela\u00e7\u00f5es Americano-Isl\u00e2micas, citado pelo jornal brit\u00e2nico &#8220;The Guardian&#8221;, o ICE deve &#8220;prestar contas e libertar imediatamente Hamdi&#8221;, uma vez que o seu \u00fanico &#8220;crime&#8221; \u00e9 criticar um governo estrangeiro que a CAIR acusa de ter &#8220;cometido genoc\u00eddio&#8221;.<\/p>\n<p data-remotead-prev-elm=\"true\" data-remotead-elm-id=\"centro1\">A secret\u00e1ria de imprensa do Departamento de Seguran\u00e7a Interna dos EUA, Tricia McLaughlin, esclareceu, nas redes sociais, que Hamdi &#8220;est\u00e1 sob cust\u00f3dia do ICE e aguarda a deporta\u00e7\u00e3o. Aqueles que apoiam o terrorismo e prejudicam a seguran\u00e7a nacional americana n\u00e3o ter\u00e3o permiss\u00e3o para trabalhar ou visitar este pa\u00eds&#8221;.<\/p>\n<p>Laura Loome, aliada da administra\u00e7\u00e3o Trump, que se autodenomina &#8220;defensora dos brancos&#8221; e &#8220;islamof\u00f3bica com orgulho&#8221;, partilhou a publica\u00e7\u00e3o e assumiu o cr\u00e9dito pela pris\u00e3o do jornalista. &#8220;Como resultado direto da minha press\u00e3o implac\u00e1vel sobre o Departamento de Estado e o Departamento de Seguran\u00e7a Interna, as autoridades americanas decidiram tomar medidas contra o estatuto do visto de Hamdi e a sua perman\u00eancia neste pa\u00eds&#8221;, declarou.<\/p>\n<p>Hamdi \u00e9 apenas um dos v\u00e1rios imigrantes que foram presos e deportados pelo ICE por causa de opini\u00f5es pr\u00f3-palestinianas.<\/p>\n","protected":false},"excerpt":{"rendered":"O jornalista tamb\u00e9m viu o seu visto revogado e foi proibido de concluir o ciclo de palestras. Hamdi&hellip;\n","protected":false},"author":2,"featured_media":128547,"comment_status":"","ping_status":"","sticky":false,"template":"","format":"standard","meta":{"footnotes":""},"categories":[50],"tags":[27,28,311,413,15,16,14,25,26,21,22,62,12,13,19,20,23,24,17,18,29,30,31,63,64,65],"class_list":{"0":"post-128546","1":"post","2":"type-post","3":"status-publish","4":"format-standard","5":"has-post-thumbnail","7":"category-mundo","8":"tag-breaking-news","9":"tag-breakingnews","10":"tag-conflito-israelo-palestiniano","11":"tag-eua","12":"tag-featured-news","13":"tag-featurednews","14":"tag-headlines","15":"tag-latest-news","16":"tag-latestnews","17":"tag-main-news","18":"tag-mainnews","19":"tag-mundo","20":"tag-news","21":"tag-noticias","22":"tag-noticias-principais","23":"tag-noticiasprincipais","24":"tag-principais-noticias","25":"tag-principaisnoticias","26":"tag-top-stories","27":"tag-topstories","28":"tag-ultimas","29":"tag-ultimas-noticias","30":"tag-ultimasnoticias","31":"tag-world","32":"tag-world-news","33":"tag-worldnews"},"share_on_mastodon":{"url":"https:\/\/pubeurope.com\/@pt\/115446975346194973","error":""},"_links":{"self":[{"href":"https:\/\/www.europesays.com\/pt\/wp-json\/wp\/v2\/posts\/128546","targetHints":{"allow":["GET"]}}],"collection":[{"href":"https:\/\/www.europesays.com\/pt\/wp-json\/wp\/v2\/posts"}],"about":[{"href":"https:\/\/www.europesays.com\/pt\/wp-json\/wp\/v2\/types\/post"}],"author":[{"embeddable":true,"href":"https:\/\/www.europesays.com\/pt\/wp-json\/wp\/v2\/users\/2"}],"replies":[{"embeddable":true,"href":"https:\/\/www.europesays.com\/pt\/wp-json\/wp\/v2\/comments?post=128546"}],"version-history":[{"count":0,"href":"https:\/\/www.europesays.com\/pt\/wp-json\/wp\/v2\/posts\/128546\/revisions"}],"wp:featuredmedia":[{"embeddable":true,"href":"https:\/\/www.europesays.com\/pt\/wp-json\/wp\/v2\/media\/128547"}],"wp:attachment":[{"href":"https:\/\/www.europesays.com\/pt\/wp-json\/wp\/v2\/media?parent=128546"}],"wp:term":[{"taxonomy":"category","embeddable":true,"href":"https:\/\/www.europesays.com\/pt\/wp-json\/wp\/v2\/categories?post=128546"},{"taxonomy":"post_tag","embeddable":true,"href":"https:\/\/www.europesays.com\/pt\/wp-json\/wp\/v2\/tags?post=128546"}],"curies":[{"name":"wp","href":"https:\/\/api.w.org\/{rel}","templated":true}]}}