{"id":128548,"date":"2025-10-27T16:05:07","date_gmt":"2025-10-27T16:05:07","guid":{"rendered":"https:\/\/www.europesays.com\/pt\/128548\/"},"modified":"2025-10-27T16:05:07","modified_gmt":"2025-10-27T16:05:07","slug":"rafaella-justus-desabafa-sobre-criticas-e-odio-na-internet","status":"publish","type":"post","link":"https:\/\/www.europesays.com\/pt\/128548\/","title":{"rendered":"Rafaella Justus desabafa sobre cr\u00edticas e \u00f3dio na internet"},"content":{"rendered":"<p><strong><a style=\"color: rgb(0, 0, 0);\" href=\"https:\/\/www.otempo.com.br\/entretenimento\/2025\/10\/13\/rafa-justus-abre-o-jogo-sobre-plasticas-e-exalta-beleza-me-acho-bonita\" target=\"_blank\" rel=\"noopener nofollow\">Rafaella Justus<\/a><\/strong>, de 16 anos, se pronunciou em suas redes sociais nesse domingo (26) ap\u00f3s cr\u00edticas sobre sua apar\u00eancia em uma foto postada na tem\u00e1tica de Halloween. &#8220;Estava vendo os coment\u00e1rios dos meus v\u00eddeos aqui, principalmente os que postei ontem, e vejo o quanto ainda tem gente desnecess\u00e1ria&#8221;, disse.<\/p>\n<p>Ela, que \u00e9 filha de Roberto Justus e Ticiane Pinheiros, se vestiu como a personagem Mal\u00e9vola para a ocasi\u00e3o, o que gerou coment\u00e1rios contra sua apar\u00eancia e contra a comemora\u00e7\u00e3o do Halloween.<\/p>\n<p>\u00a0<\/p>\n<blockquote class=\"instagram-media\" style=\"background: #FFF; border: 0; border-radius: 3px; box-shadow: 0 0 1px 0 rgba(0,0,0,0.5),0 1px 10px 0 rgba(0,0,0,0.15); margin: 1px; max-width: 540px; min-width: 326px; padding: 0; width: calc(100% - 2px);\" data-instgrm-captioned=\"\" data-instgrm-permalink=\"https:\/\/www.instagram.com\/p\/DQNu57nDr9l\/?utm_source=ig_embed&amp;utm_campaign=loading\" data-instgrm-version=\"14\"><p>&#13;<br \/>\n&#13;\n<\/p><\/blockquote>\n<p>\u00a0<\/p>\n<p>\u00a0<\/p>\n<p>&#8220;Fico triste, n\u00e3o por estarem me ofendendo, mas triste pelas pessoas. Por tanto \u00f3dio gratuito que as pessoas descontam nos outros para se sentirem superiores. Isso me deixa realmente triste, ver o quanto existe de gente mal-amada&#8221;, completou, em um v\u00eddeo do TikTok.<\/p>\n<p>&#8220;Vi uns coment\u00e1rios que me remetem a coisas muito ruins do passado. Mas tenho uma cabe\u00e7a muito boa para lidar com essas situa\u00e7\u00f5es [&#8230;] Resolvi fazer esse v\u00eddeo tamb\u00e9m porque sei que n\u00e3o sou s\u00f3 eu que passo por isso, sei que existem muitas pessoas e que [isso] \u00e9 uma consequ\u00eancia de estar na m\u00eddia.&#8221;<\/p>\n<p>Para lidar com as cr\u00edticas, Rafa diz que tenta imaginar como a situa\u00e7\u00e3o seria fora da internet: &#8220;Uma coisa \u00e9 falar na internet, destilar \u00f3dio na internet, menosprezar os outros. Outra coisa \u00e9 a vida real, quando voc\u00ea est\u00e1 frente a frente com a pessoa. Tenho certeza que seria muito diferente.&#8221;<\/p>\n<p>\u00a0<\/p>\n<p>\u00a0<\/p>\n<p>            <script async src=\"\/\/www.instagram.com\/embed.js\"><\/script><\/p>\n","protected":false},"excerpt":{"rendered":"Rafaella Justus, de 16 anos, se pronunciou em suas redes sociais nesse domingo (26) ap\u00f3s cr\u00edticas sobre sua&hellip;\n","protected":false},"author":2,"featured_media":128549,"comment_status":"","ping_status":"","sticky":false,"template":"","format":"standard","meta":{"footnotes":""},"categories":[145],"tags":[211,210,114,115,13359,23307,32,33,16160],"class_list":{"0":"post-128548","1":"post","2":"type-post","3":"status-publish","4":"format-standard","5":"has-post-thumbnail","7":"category-celebridades","8":"tag-celebridades","9":"tag-celebrities","10":"tag-entertainment","11":"tag-entretenimento","12":"tag-halloween","13":"tag-malevola","14":"tag-portugal","15":"tag-pt","16":"tag-rafa-justus"},"share_on_mastodon":{"url":"https:\/\/pubeurope.com\/@pt\/115446987045307494","error":""},"_links":{"self":[{"href":"https:\/\/www.europesays.com\/pt\/wp-json\/wp\/v2\/posts\/128548","targetHints":{"allow":["GET"]}}],"collection":[{"href":"https:\/\/www.europesays.com\/pt\/wp-json\/wp\/v2\/posts"}],"about":[{"href":"https:\/\/www.europesays.com\/pt\/wp-json\/wp\/v2\/types\/post"}],"author":[{"embeddable":true,"href":"https:\/\/www.europesays.com\/pt\/wp-json\/wp\/v2\/users\/2"}],"replies":[{"embeddable":true,"href":"https:\/\/www.europesays.com\/pt\/wp-json\/wp\/v2\/comments?post=128548"}],"version-history":[{"count":0,"href":"https:\/\/www.europesays.com\/pt\/wp-json\/wp\/v2\/posts\/128548\/revisions"}],"wp:featuredmedia":[{"embeddable":true,"href":"https:\/\/www.europesays.com\/pt\/wp-json\/wp\/v2\/media\/128549"}],"wp:attachment":[{"href":"https:\/\/www.europesays.com\/pt\/wp-json\/wp\/v2\/media?parent=128548"}],"wp:term":[{"taxonomy":"category","embeddable":true,"href":"https:\/\/www.europesays.com\/pt\/wp-json\/wp\/v2\/categories?post=128548"},{"taxonomy":"post_tag","embeddable":true,"href":"https:\/\/www.europesays.com\/pt\/wp-json\/wp\/v2\/tags?post=128548"}],"curies":[{"name":"wp","href":"https:\/\/api.w.org\/{rel}","templated":true}]}}