{"id":128550,"date":"2025-10-27T16:08:09","date_gmt":"2025-10-27T16:08:09","guid":{"rendered":"https:\/\/www.europesays.com\/pt\/128550\/"},"modified":"2025-10-27T16:08:09","modified_gmt":"2025-10-27T16:08:09","slug":"casamento-dylan-lanca-teoria-sobre-segredo-de-marisa-susana-tvi","status":"publish","type":"post","link":"https:\/\/www.europesays.com\/pt\/128550\/","title":{"rendered":"\u00abCasamento\u00bb: Dylan lan\u00e7a teoria sobre segredo de Marisa Susana &#8211; TVI"},"content":{"rendered":"<ol>\n<li><a href=\"https:\/\/news.google.com\/rss\/articles\/CBMivwFBVV95cUxNMXd2VHN6aU9SWF90SlJIcEh5b3o3YkJKYmxBLUZiQWt4SUxTMkFZdnBRZnFGT3BaS2M4MlZxQkoxd2x2T0ZzMDZlVmJhQV9ZSmllRkdIMjBEZWc3Z0Z4bVR3MDNFWmg2M0R5RnhVR191YTd0LWJtdDg1SUhkS1lCSmVNNnNnRDFCcHVFay1ieVIySHBQRUNRRElCa0VNbEt2MTdWazhLdF9WR0JxNG42QVNEZkR6T1Q1aHJYU3djaw?oc=5\" target=\"_blank\" rel=\"nofollow noopener\">\u00abCasamento\u00bb: Dylan lan\u00e7a teoria sobre segredo de Marisa Susana<\/a>&nbsp;&nbsp;TVI<\/li>\n<li><a href=\"https:\/\/news.google.com\/rss\/articles\/CBMiqgFBVV95cUxOOEEtbjg4OS1PSXppUmlhN3FEUmUtS3AyNzVNemZsRktCeTNwWEhldmFJb1lLVXFnVlN0aFF3VFpZVktzQzF1aU5BdWR2ZTBPZURtcENUZ0V1YWFCQmZFRDlSN01TQkFJZlZJYWM5UVpsZTZfckVwMmtYZ2k5MW1SNHp3eGxXazFBaEJnZ1FfM292TmU1ejNjMW0waWFYRmxiVW14OEx6bjRMZw?oc=5\" target=\"_blank\" rel=\"nofollow noopener\">Sandro reage ap\u00f3s confronto com Fl\u00e1vio Furtado na gala do Secret Story: \u201cFicou sentido\u2026\u201d<\/a>&nbsp;&nbsp;Hiper Fm<\/li>\n<li><a href=\"https:\/\/news.google.com\/rss\/articles\/CBMif0FVX3lxTE14TnNNRWNrZ0xyZllFZ2N0R2RFWDJXTVV5M0ZVM09rUDZ2Ukc3ZzB3b0FvUUktaG0zb0Y0eXQ2U2poUnNxY2FkdDg2RUlTQjVKZzl6QndET2ZWQ0RGOERtUlRaNFNyX0hxa3pVUThVbXVoaWFxRHk2dEtONUEwRm8?oc=5\" target=\"_blank\" rel=\"nofollow noopener\">L\u00eddia Rodrigues esclarece pol\u00e9mica: \u201cNada \u00e9 combinado&#8230;\u201d<\/a>&nbsp;&nbsp;Dioguinho<\/li>\n<li><a href=\"https:\/\/news.google.com\/rss\/articles\/CBMi2wFBVV95cUxNVFR0d2lJYUdJMUJNbkZuRGVOVWFsejJudVcxYlA0VFVWSmNXZ09Ja1RyalpXTGxsVFF4b0FPVC1ZOXRfVHdNaDlDYk1lRmZtMDBMNDdXRENaUFVBenJPdzBoYkR0b0pYWlphLVFJMkkzRHZxYWZBUURuUnptOVdsVE5hMUhzUmZ5MVMxOC1kQnBJNVZuRHBjWVhiNkk2YXVuMkwtZzFUencxcHN6OTFBdEQ0QkdYMDJKaUM2Y0RUczFIVHkzc2RZbU9PLUc4UW1XNDhvdHdJcGdGQkE?oc=5\" target=\"_blank\" rel=\"nofollow noopener\">Ic\u00f3nica: De saltos altos e chap\u00e9u de festa, Raquel faz as limpezas e Leandro reage<\/a>&nbsp;&nbsp;TVI<\/li>\n<li><a href=\"https:\/\/news.google.com\/rss\/articles\/CBMi5gFBVV95cUxPWjk0dWJybGVTeUcwZHMwYlUxQVdDVnc1cEJ6cHFncDVBS2pDOTF4N1gyUmliTHVYM1VNUkFndzJablB3a3JjMjZVUkZSeGFyNU5YY0psakg5eHNjakJvdUZsOGRnbGU3VmNOM3drc2t6cEFJNmV1NUV2djdkRW9pNkhldUFta3hGczFLSlIzMWJNdW1NZHlPazZLNmpRLU9MOUFDZ2Y5UzgtbGFsUnJIQWl2RXJVYXNwV0lqS3RhLVJEaTkySTM2SjA5VFpvZHhVUklQZzNkOHlYRUNMU0VwMzlsNWFZQQ?oc=5\" target=\"_blank\" rel=\"nofollow noopener\">Casa dos Segredos- Sandro j\u00e1 conhecia Liliana e F\u00e1bio? Barbeiro esclarece: \u201cN\u00e3o foi a produ\u00e7\u00e3o que combinou\u201d<\/a>&nbsp;&nbsp;SAPO<\/li>\n<\/ol>\n","protected":false},"excerpt":{"rendered":"\u00abCasamento\u00bb: Dylan lan\u00e7a teoria sobre segredo de Marisa Susana&nbsp;&nbsp;TVI Sandro reage ap\u00f3s confronto com Fl\u00e1vio Furtado na gala&hellip;\n","protected":false},"author":2,"featured_media":128551,"comment_status":"","ping_status":"","sticky":false,"template":"","format":"standard","meta":{"footnotes":""},"categories":[142],"tags":[19105,114,115,19033,19184,19034,32,33,151,19032],"class_list":{"0":"post-128550","1":"post","2":"type-post","3":"status-publish","4":"format-standard","5":"has-post-thumbnail","7":"category-tv","8":"tag-dylan","9":"tag-entertainment","10":"tag-entretenimento","11":"tag-galas-em-video","12":"tag-marisa","13":"tag-melhores-momentos-casa-dos-segredos","14":"tag-portugal","15":"tag-pt","16":"tag-tv","17":"tag-videos-secret-story-tvi"},"share_on_mastodon":{"url":"https:\/\/pubeurope.com\/@pt\/115446998869191183","error":""},"_links":{"self":[{"href":"https:\/\/www.europesays.com\/pt\/wp-json\/wp\/v2\/posts\/128550","targetHints":{"allow":["GET"]}}],"collection":[{"href":"https:\/\/www.europesays.com\/pt\/wp-json\/wp\/v2\/posts"}],"about":[{"href":"https:\/\/www.europesays.com\/pt\/wp-json\/wp\/v2\/types\/post"}],"author":[{"embeddable":true,"href":"https:\/\/www.europesays.com\/pt\/wp-json\/wp\/v2\/users\/2"}],"replies":[{"embeddable":true,"href":"https:\/\/www.europesays.com\/pt\/wp-json\/wp\/v2\/comments?post=128550"}],"version-history":[{"count":0,"href":"https:\/\/www.europesays.com\/pt\/wp-json\/wp\/v2\/posts\/128550\/revisions"}],"wp:featuredmedia":[{"embeddable":true,"href":"https:\/\/www.europesays.com\/pt\/wp-json\/wp\/v2\/media\/128551"}],"wp:attachment":[{"href":"https:\/\/www.europesays.com\/pt\/wp-json\/wp\/v2\/media?parent=128550"}],"wp:term":[{"taxonomy":"category","embeddable":true,"href":"https:\/\/www.europesays.com\/pt\/wp-json\/wp\/v2\/categories?post=128550"},{"taxonomy":"post_tag","embeddable":true,"href":"https:\/\/www.europesays.com\/pt\/wp-json\/wp\/v2\/tags?post=128550"}],"curies":[{"name":"wp","href":"https:\/\/api.w.org\/{rel}","templated":true}]}}