{"id":128567,"date":"2025-10-27T16:18:08","date_gmt":"2025-10-27T16:18:08","guid":{"rendered":"https:\/\/www.europesays.com\/pt\/128567\/"},"modified":"2025-10-27T16:18:08","modified_gmt":"2025-10-27T16:18:08","slug":"oe2026-parlamento-inicia-debate-do-documento-antes-de-votacao-na-generalidade","status":"publish","type":"post","link":"https:\/\/www.europesays.com\/pt\/128567\/","title":{"rendered":"OE2026. Parlamento inicia debate do documento antes de vota\u00e7\u00e3o na generalidade"},"content":{"rendered":"<p>O <b>descongelamento das propinas<\/b> que o Governo pretendia ter feito no ano passado \u00e9 uma das medidas previstas na proposta de OE.<\/p>\n<p>&#13;<br \/>\nQuanto \u00e0s <b>pens\u00f5es<\/b>, o ministro das Finan\u00e7as <b>afasta um aumento permanente<\/b> como defende o PS, mas acena com <b>novas descidas de IRS at\u00e9 2029<\/b>, \u00e0 raz\u00e3o de 500 milh\u00f5es de euros ao ano.&#13;\n<\/p>\n<p>&#13;<br \/>\n<br \/>&#13;<br \/>\nEst\u00e1 prevista a <b>atualiza\u00e7\u00e3o dos escal\u00f5es do IRS em 3,51 por cento<\/b>, como tamb\u00e9m a <b>redu\u00e7\u00e3o das taxas<\/b> em 0,3 pontos percentuais entre o 2.\u00ba e o 5.\u00ba escal\u00f5es, tal como acordado com o Chega.<br \/>&#13;\n<\/p>\n<p>&#13;<br \/>\nContas v\u00e3o mexer com os bolsos dos contribuintes&#13;\n<\/p>\n<p>\nA poupan\u00e7a de IRS para 2026, em compara\u00e7\u00e3o com este ano, <b>come\u00e7a nos 37 euros<\/b> por ano e <b>pode chegar a quase 900<\/b>, dependendo dos rendimentos.<\/p>\n<p>Num <b>agregado familiar com dois contribuintes e dois filho<\/b>s, se o valor total mensal for de <b>2300 euros<\/b> a <b>poupan\u00e7a<\/b> ser\u00e1 de <b>75 euros<\/b> no fim do ano. <\/p>\n<p>Se os sal\u00e1rios dos dois chegarem aos <b>cinco mil euros<\/b>, a<b> poupan\u00e7a<\/b> pode chegar a <b>485 euros<\/b>.<\/p>\n<p>No caso de um contribuinte solteiro, sem filhos, com um <b>sal\u00e1rio de 1150 euros<\/b> vai <b>poupar 37 euros em IRS<\/b>, no pr\u00f3ximo ano.<\/p>\n<p>Um valor que <b>sobe para 82 euros num vencimento de 1500 euros<\/b>, e aumenta para <b>243 euros por ano<\/b>, se o <b>sal\u00e1rio for de 2500 euros<\/b>.<\/p>\n<p>Tamb\u00e9m o montante at\u00e9 ao qual se <b>isenta pagamento de IRS<\/b> \u00e9 <b>atualizado para 12.880 euros<\/b>, o que corresponde a um sal\u00e1rio mensal de 920 euros, a proposta para o valor do sal\u00e1rio m\u00ednimo.<\/p>\n<p>(Mais) Exemplos: <\/p>\n<p><b>IRS 2026 &#8211; Solteiro, sem dependentes<\/b><\/p>\n<p><b>Sal\u00e1rio\u00a0 \u00a0 \u00a0 poupan\u00e7a anual<\/b><br \/>&#13;<br \/>\n1150\u20ac\u00a0 \u00a0 \u00a0 \u00a0 37\u20ac<br \/>&#13;<br \/>\n1500\u20ac\u00a0 \u00a0 \u00a0 \u00a0 82\u20ac<br \/>&#13;<br \/>\n2500\u20ac\u00a0 \u00a0 \u00a0 \u00a0 243\u20ac<\/p>\n<p>Fonte: Deloitte&#13;\n<\/p>\n<p><b>IRS 2026 &#8211; Casados, dois titulares, dois dependente<\/b>s<\/p>\n<p><b>&#13;<br \/>\nSal\u00e1rio\u00a0 \u00a0 \u00a0 poupan\u00e7a anual<\/b><br \/>&#13;<br \/>\n2300\u20ac\u00a0 \u00a0 \u00a0 \u00a0 \u00a075\u20ac<br \/>&#13;<br \/>\n3000\u20ac\u00a0 \u00a0 \u00a0 \u00a0 \u00a0163\u20ac<br \/>&#13;<br \/>\n5000\u20ac\u00a0 \u00a0 \u00a0 \u00a0 \u00a0485\u20ac<\/p>\n<p>Fonte: Deloitte<br \/>&#13;<br \/>\nAs previs\u00f5es do Governo<br \/>&#13;\n<\/p>\n<p>&#13;<br \/>\nO <b>Governo prev\u00ea <\/b>que o <b>Produto Interno Bruto (PIB) cres\u00e7a<\/b> dois por cento este ano e <b>2,3 por cento em 2026<\/b> e pretende alcan\u00e7ar <b>excedentes<\/b> de 0,3 por cento do PIB em 2025 e de <b>0,1 por cento em 2026<\/b>.&#13;\n<\/p>\n<p>Na quinta-feira, 23 de outubro, o <b>Conselho das Finan\u00e7as P\u00fablicas<\/b> (CFP) <b>questionou a sustentabilidade <\/b>e concretiza\u00e7\u00e3o do excedente de 0,1 por cento previsto no OE2026. <\/p>\n<p>&#13;<br \/>\nO CFP alerta que esse <b>excedente tem por base medidas pontuais e receitas de car\u00e1ter extraordin\u00e1rio.<\/b>&#13;\n<\/p>\n<p>Quanto ao <b>r\u00e1cio da d\u00edvida<\/b>, estima a redu\u00e7\u00e3o para 90,2 por cento do PIB em 2025 e 87,8 por cento em 2026.<br \/>\nO calend\u00e1rio\u00a0para aprovar o OE 2026<br \/>\nO <b>debate na generalidade<\/b> come\u00e7a esta segunda-feira, a partir das 15h00 e <b>prossegue amanh\u00e3<\/b>, ter\u00e7a-feira, com rondas de pedidos de esclarecimento dos partidos e <b>termina com a vota\u00e7\u00e3o na generalidade<\/b>.<\/p>\n<p>A <b>aprova\u00e7\u00e3o <\/b>do Or\u00e7amento do Estado para 2026 <b>na generalidade<\/b> est\u00e1 garantida com os <b>votos a favor de PSD e CDS<\/b> e as anunciadas <b>absten\u00e7\u00f5es do PS e do PAN<\/b>. O <b>PCP, Bloco de Esquerda e Iniciativa Liberal v\u00e3o votar contra. <\/b><\/p>\n<p>&#13;<br \/>\n<b>&#13;<br \/>\nChega e Livre ainda n\u00e3o anunciaram o sentido de voto.<\/b>&#13;\n<\/p>\n<p><b>Depois de votado na generalidade, <\/b>arranca na quarta-feira<b> a aprecia\u00e7\u00e3o na especialidade, <\/b>na Comiss\u00e3o de Or\u00e7amento, Finan\u00e7as e Administra\u00e7\u00e3o P\u00fablica (COFAP)<b>, <\/b>com audi\u00e7\u00f5es de todos os ministros e tamb\u00e9m de algumas institui\u00e7\u00f5es e organismos como o Tribunal de Contas, o Conselho Econ\u00f3mico e Social e o CFP.<b\/><\/p>\n<p>A vota\u00e7\u00e3o final global est\u00e1 marcada para dia 27 de novembro.<\/p>\n<p><b>Depois de votado na generalidade, arranca na quarta-feira a aprecia\u00e7\u00e3o na especialidade, <\/b>na Comiss\u00e3o de Or\u00e7amento, Finan\u00e7as e Administra\u00e7\u00e3o P\u00fablica.<b\/><\/p>\n<p><b>A\u00a0vota\u00e7\u00e3o final global est\u00e1 marcada para dia 27 de novembro.<\/b><\/p>\n","protected":false},"excerpt":{"rendered":"O descongelamento das propinas que o Governo pretendia ter feito no ano passado \u00e9 uma das medidas previstas&hellip;\n","protected":false},"author":2,"featured_media":128568,"comment_status":"","ping_status":"","sticky":false,"template":"","format":"standard","meta":{"footnotes":""},"categories":[8],"tags":[27,28,15,16,14,25,26,21,22,12,13,19,20,32,23,24,33,420,421,17,18,29,30,31],"class_list":{"0":"post-128567","1":"post","2":"type-post","3":"status-publish","4":"format-standard","5":"has-post-thumbnail","7":"category-principais-noticias","8":"tag-breaking-news","9":"tag-breakingnews","10":"tag-featured-news","11":"tag-featurednews","12":"tag-headlines","13":"tag-latest-news","14":"tag-latestnews","15":"tag-main-news","16":"tag-mainnews","17":"tag-news","18":"tag-noticias","19":"tag-noticias-principais","20":"tag-noticiasprincipais","21":"tag-portugal","22":"tag-principais-noticias","23":"tag-principaisnoticias","24":"tag-pt","25":"tag-rtp","26":"tag-rtp-noticias","27":"tag-top-stories","28":"tag-topstories","29":"tag-ultimas","30":"tag-ultimas-noticias","31":"tag-ultimasnoticias"},"share_on_mastodon":{"url":"https:\/\/pubeurope.com\/@pt\/115447038459141439","error":""},"_links":{"self":[{"href":"https:\/\/www.europesays.com\/pt\/wp-json\/wp\/v2\/posts\/128567","targetHints":{"allow":["GET"]}}],"collection":[{"href":"https:\/\/www.europesays.com\/pt\/wp-json\/wp\/v2\/posts"}],"about":[{"href":"https:\/\/www.europesays.com\/pt\/wp-json\/wp\/v2\/types\/post"}],"author":[{"embeddable":true,"href":"https:\/\/www.europesays.com\/pt\/wp-json\/wp\/v2\/users\/2"}],"replies":[{"embeddable":true,"href":"https:\/\/www.europesays.com\/pt\/wp-json\/wp\/v2\/comments?post=128567"}],"version-history":[{"count":0,"href":"https:\/\/www.europesays.com\/pt\/wp-json\/wp\/v2\/posts\/128567\/revisions"}],"wp:featuredmedia":[{"embeddable":true,"href":"https:\/\/www.europesays.com\/pt\/wp-json\/wp\/v2\/media\/128568"}],"wp:attachment":[{"href":"https:\/\/www.europesays.com\/pt\/wp-json\/wp\/v2\/media?parent=128567"}],"wp:term":[{"taxonomy":"category","embeddable":true,"href":"https:\/\/www.europesays.com\/pt\/wp-json\/wp\/v2\/categories?post=128567"},{"taxonomy":"post_tag","embeddable":true,"href":"https:\/\/www.europesays.com\/pt\/wp-json\/wp\/v2\/tags?post=128567"}],"curies":[{"name":"wp","href":"https:\/\/api.w.org\/{rel}","templated":true}]}}