{"id":128575,"date":"2025-10-27T16:24:39","date_gmt":"2025-10-27T16:24:39","guid":{"rendered":"https:\/\/www.europesays.com\/pt\/128575\/"},"modified":"2025-10-27T16:24:39","modified_gmt":"2025-10-27T16:24:39","slug":"ben-stiller-reflete-sobre-o-rotulo-de-nepo-baby-isso-simplesmente-virou-uma-coisa","status":"publish","type":"post","link":"https:\/\/www.europesays.com\/pt\/128575\/","title":{"rendered":"Ben Stiller reflete sobre o r\u00f3tulo de &#8220;nepo baby&#8221;: &#8220;Isso simplesmente virou uma coisa&#8221;"},"content":{"rendered":"<p>O ator e diretor <strong>Ben Stiller<\/strong>, astro de <strong>\u2018Uma Noite no Museu\u2019<\/strong> e filho dos falecidos comediantes<strong> Jerry Stiller<\/strong> e<strong> Anne Meara<\/strong>, abordou recentemente o debate sobre ser um \u201cnepo baby\u201d (filho de pais famosos).<\/p>\n<p>Em entrevista divulgada pelo <a href=\"https:\/\/deadline.com\/2025\/10\/ben-stiller-nepo-baby-criticism-selling-point-1236597157\/\" rel=\"nofollow noopener\" target=\"_blank\">Deadline<\/a> e feita no programa de <strong>Howard Stern<\/strong>, <strong>Stiller<\/strong> disse que entende as cr\u00edticas sobre a \u201cfacilidade de acesso\u201d \u00e0 ind\u00fastria, mas considera que ter crescido nesse meio \u00e9, de certa forma, um \u201cponto de venda\u201d.<\/p>\n<p>\u201cAcho que \u00e9 meio como aquele neg\u00f3cio do \u2018Brat Pack\u2019 [grupo de jovens atores famosos nos anos 80], sabe? A New York Magazine cunhou uma express\u00e3o, e isso simplesmente virou uma coisa\u201d, disse ele, comparando a notoriedade do termo.<\/p>\n<p><strong>Stiller<\/strong> continuou, usando uma analogia marcante: \u201cMas isso sempre existiu, na humanidade e na vida. \u00c9 como comprar um violino, um Stradivarius ou algo assim, ele est\u00e1 na fam\u00edlia h\u00e1 centenas de anos. Isso \u00e9 um ponto de venda\u201d.<\/p>\n<p>Apesar da compara\u00e7\u00e3o, ele reconheceu: \u201cMas tamb\u00e9m entendo que h\u00e1 outros argumentos a serem feitos sobre acesso e todas essas coisas\u201d.<\/p>\n<p><a href=\"https:\/\/cinepop.com.br\/ben-stiller-fala-sobre-desafios-da-comedia-no-governo-trump-arriscar-na-comedia-e-mais-desafiador-699508\/\" rel=\"nofollow noopener\" target=\"_blank\">Ben Stiller fala sobre desafios da com\u00e9dia no governo Trump: \u201cArriscar na com\u00e9dia \u00e9 mais desafiador\u201d<\/a><\/p>\n<p>O artista defendeu sua paix\u00e3o e a de outros que cresceram na ind\u00fastria: \u201cMinha sensa\u00e7\u00e3o \u00e9\u2026 se est\u00e1 no seu sangue, se \u00e9 a sua paix\u00e3o e voc\u00ea cresceu em meio a isso, para mim, acho que crescer nesse ambiente, conversar sobre todas essas coisas que vi com meus pais, voc\u00ea, na verdade, como crian\u00e7a, v\u00ea o lado sombrio disso, o estresse, os efeitos que isso tem nos relacionamentos. Voc\u00ea v\u00ea tudo de perto quando \u00e9 crian\u00e7a, e mesmo assim ainda quer seguir esse caminho\u201d.<\/p>\n<p><strong>Stiller<\/strong> tamb\u00e9m relembrou seu primeiro trabalho, em 1986, na remontagem off-Broadway de House of Blue Leaves. Ele conseguiu a audi\u00e7\u00e3o \u201ccomo um favor\u201d para sua m\u00e3e, porque \u201cn\u00e3o consegui entrar, j\u00e1 que o diretor de elenco n\u00e3o queria me ver\u201d.<\/p>\n<p>\u201cMas senti que, ao fazer aquela audi\u00e7\u00e3o, eu sabia que tinha feito o necess\u00e1rio para conseguir o papel\u201d, explicou <strong>Stiller<\/strong>, refor\u00e7ando: \u201cSe voc\u00ea tem a paix\u00e3o, precisa fazer. Precisa tentar\u201d.<\/p>\n","protected":false},"excerpt":{"rendered":"O ator e diretor Ben Stiller, astro de \u2018Uma Noite no Museu\u2019 e filho dos falecidos comediantes Jerry&hellip;\n","protected":false},"author":2,"featured_media":128576,"comment_status":"","ping_status":"","sticky":false,"template":"","format":"standard","meta":{"footnotes":""},"categories":[140],"tags":[26198,18223,92,114,115,147,148,11011,146,32,33,12009],"class_list":{"0":"post-128575","1":"post","2":"type-post","3":"status-publish","4":"format-standard","5":"has-post-thumbnail","7":"category-filmes","8":"tag-ben-stiller","9":"tag-charlie-kirk","10":"tag-donald-trump","11":"tag-entertainment","12":"tag-entretenimento","13":"tag-film","14":"tag-filmes","15":"tag-jimmy-kimmel","16":"tag-movies","17":"tag-portugal","18":"tag-pt","19":"tag-ruptura"},"share_on_mastodon":{"url":"https:\/\/pubeurope.com\/@pt\/115447061841642704","error":""},"_links":{"self":[{"href":"https:\/\/www.europesays.com\/pt\/wp-json\/wp\/v2\/posts\/128575","targetHints":{"allow":["GET"]}}],"collection":[{"href":"https:\/\/www.europesays.com\/pt\/wp-json\/wp\/v2\/posts"}],"about":[{"href":"https:\/\/www.europesays.com\/pt\/wp-json\/wp\/v2\/types\/post"}],"author":[{"embeddable":true,"href":"https:\/\/www.europesays.com\/pt\/wp-json\/wp\/v2\/users\/2"}],"replies":[{"embeddable":true,"href":"https:\/\/www.europesays.com\/pt\/wp-json\/wp\/v2\/comments?post=128575"}],"version-history":[{"count":0,"href":"https:\/\/www.europesays.com\/pt\/wp-json\/wp\/v2\/posts\/128575\/revisions"}],"wp:featuredmedia":[{"embeddable":true,"href":"https:\/\/www.europesays.com\/pt\/wp-json\/wp\/v2\/media\/128576"}],"wp:attachment":[{"href":"https:\/\/www.europesays.com\/pt\/wp-json\/wp\/v2\/media?parent=128575"}],"wp:term":[{"taxonomy":"category","embeddable":true,"href":"https:\/\/www.europesays.com\/pt\/wp-json\/wp\/v2\/categories?post=128575"},{"taxonomy":"post_tag","embeddable":true,"href":"https:\/\/www.europesays.com\/pt\/wp-json\/wp\/v2\/tags?post=128575"}],"curies":[{"name":"wp","href":"https:\/\/api.w.org\/{rel}","templated":true}]}}