{"id":128608,"date":"2025-10-27T16:46:16","date_gmt":"2025-10-27T16:46:16","guid":{"rendered":"https:\/\/www.europesays.com\/pt\/128608\/"},"modified":"2025-10-27T16:46:16","modified_gmt":"2025-10-27T16:46:16","slug":"sexta-e-sabado-sao-dias-mais-criticos-da-vinda-do-outono-verdadeiro-por-isso-este-artigo-contem-conselhos-para-cuidarmos-das-nossas-casas","status":"publish","type":"post","link":"https:\/\/www.europesays.com\/pt\/128608\/","title":{"rendered":"Sexta e s\u00e1bado s\u00e3o dias &#8220;mais cr\u00edticos&#8221; da vinda do &#8220;outono verdadeiro&#8221;, por isso: este artigo cont\u00e9m conselhos para cuidarmos das nossas casas"},"content":{"rendered":"<p>\t                Vem a\u00ed &#8220;chuva extrema&#8221;. No s\u00e1bado evite &#8220;desloca\u00e7\u00f5es de longa dist\u00e2ncia&#8221;. Climatologista d\u00e1 sugest\u00f5es para o que podemos fazer nas nossas casas para que tudo fique preparado para o que a\u00ed vem &#8211; e h\u00e1 conselhos tamb\u00e9m para as autarquias<\/p>\n<p>O climatologista M\u00e1rio Marques alertou esta segunda-feira para a possibilidade de &#8220;chuva extrema e vento forte&#8221; nos pr\u00f3ximos dias, com especial incid\u00eancia no litoral oeste e no Centro e Sul do pa\u00eds.<\/p>\n<p>Segundo o climatologista, Portugal vai enfrentar \u201cum outono verdadeiro\u201d, marcado pela passagem sucessiva de depress\u00f5es atl\u00e2nticas e por uma \u201calimenta\u00e7\u00e3o cont\u00ednua de vapor de \u00e1gua\u201d, proveniente de massas de ar quente vindas do Atl\u00e2ntico.<\/p>\n<p>&#8220;A partir desta ter\u00e7a-feira, sobretudo \u00e0 tarde, e at\u00e9 s\u00e1bado, ou pelo meno doming, teremos aqui uma passagem sucessiva de depress\u00f5es, com grande alimenta\u00e7\u00e3o de vapor de \u00e1gua. H\u00e1 potencial para ter um grande agravamento t\u00e9rmico, um forte gradiente barom\u00e9trico, mas tamb\u00e9m existe a associa\u00e7\u00e3o \u00e0 corrente de jato. O que \u00e9 que isso quer dizer? Quer dizer que existir\u00e3o passagens sucessivas de press\u00f5es a partir desta ter\u00e7a-feira&#8221;, afirmou M\u00e1rio Marques.<\/p>\n<p>O climatologista sublinhou ainda que esta sexta-feira e este s\u00e1bado ser\u00e3o \u201cos mais cr\u00edticos\u201d e que isso &#8220;faz\u00a0com que o risco, a exposi\u00e7\u00e3o e a vulnerabilidade aumente de uma forma significativa, pelo que s\u00e1bado ser\u00e1 um dia a evitar desloca\u00e7\u00f5es de longa dist\u00e2ncia&#8221;.<\/p>\n<p>&#8220;Poderemos ter aqui condi\u00e7\u00f5es prop\u00edcias para inunda\u00e7\u00f5es r\u00e1pidas, para grandes len\u00e7\u00f3is de \u00e1gua, quer em quantidade, quer na sua extens\u00e3o, nas \u00e1reas planas. Poderemos ter aqui uma situa\u00e7\u00e3o com grande potencial para causar in\u00fameras ocorr\u00eancias relacionadas com a precipita\u00e7\u00e3o&#8221;,\u00a0referiu, acrescentando que &#8220;os modelos indicam taxas de precipita\u00e7\u00e3o hor\u00e1ria muito elevadas, com potencial para causar in\u00fameras ocorr\u00eancias\u201d.<\/p>\n<p>A chuva dever\u00e1 atingir todo o territ\u00f3rio continental, incluindo o Algarve, mas ser\u00e1 \u201cmais intensa e cont\u00ednua\u201d entre Sintra e o extremo noroeste da Pen\u00ednsula Ib\u00e9rica, onde as cadeias montanhosas potenciam a condensa\u00e7\u00e3o e o agravamento da precipita\u00e7\u00e3o.<\/p>\n<p>Al\u00e9m da chuva, est\u00e1 previsto vento forte a muito forte entre sexta-feira e s\u00e1bado nas regi\u00f5es centro e sul &#8211; especialmente nesta \u00faltima. Lu\u00eds Mestre aconselhou a popula\u00e7\u00e3o a evitar desloca\u00e7\u00f5es longas no feriado de Todos os Santos, a verificar o escoamento das \u00e1guas nas habita\u00e7\u00f5es e a garantir a limpeza de caleiras e sarjetas, alertando tamb\u00e9m as autarquias para a necessidade de remover folhas e detritos das vias.<\/p>\n<p>\u201cPoder\u00e1 haver aqui ajustamentos, mas penso que os ingredientes est\u00e3o l\u00e1 e espero que n\u00e3o seja t\u00e3o grave como as coisas est\u00e3o a parecer. \u00c9 necess\u00e1rio cautela: fazer limpeza dos escoamentos nas nossas casas, ver como \u00e9 que est\u00e3o as caleiras, as sarjetas, retirar objetos, e mesmo nas estradas as autarquias t\u00eam que fazer o seu trabalho de limpar constantemente, porque existe muita queda de folha&#8221;, concluiu o climatologista.<\/p>\n<p>O Instituto Portugu\u00eas do Mar e da Atmosfera (IPMA) colocou <a href=\"https:\/\/cnnportugal.iol.pt\/tempo\/meteorologia\/chuva-e-trovoada-colocam-todos-os-distritos-do-continente-sob-aviso-amarelo\/20251027\/68ff239ad34ee0c2fed1b3aa\" target=\"_blank\" rel=\"nofollow noopener\">todos os distritos de Portugal continental sob aviso amarelo<\/a> devido \u00e0 previs\u00e3o de chuva, por vezes forte e acompanhada de trovoada, para esta ter\u00e7a-feira.<\/p>\n<p>Os distritos de Faro, \u00c9vora, Set\u00fabal e Beja j\u00e1 est\u00e3o esta segunda-feira sob aviso amarelo face \u00e0 previs\u00e3o de aguaceiros, por vezes fortes e acompanhados de trovoada entre as 12:00 e as 21:00 de hoje.<\/p>\n","protected":false},"excerpt":{"rendered":"Vem a\u00ed &#8220;chuva extrema&#8221;. No s\u00e1bado evite &#8220;desloca\u00e7\u00f5es de longa dist\u00e2ncia&#8221;. Climatologista d\u00e1 sugest\u00f5es para o que podemos&hellip;\n","protected":false},"author":2,"featured_media":42325,"comment_status":"","ping_status":"","sticky":false,"template":"","format":"standard","meta":{"footnotes":""},"categories":[10],"tags":[609,836,611,27,28,2139,607,608,333,832,604,135,610,476,15,16,301,830,14,603,25,26,570,21,22,831,833,606,62,834,12,13,19,20,835,602,52,32,23,24,33,605,17,18,29,30,31],"class_list":{"0":"post-128608","1":"post","2":"type-post","3":"status-publish","4":"format-standard","5":"has-post-thumbnail","7":"category-portugal","8":"tag-alerta","9":"tag-analise","10":"tag-ao-minuto","11":"tag-breaking-news","12":"tag-breakingnews","13":"tag-chuva","14":"tag-cnn","15":"tag-cnn-portugal","16":"tag-comentadores","17":"tag-costa","18":"tag-crime","19":"tag-desporto","20":"tag-direto","21":"tag-economia","22":"tag-featured-news","23":"tag-featurednews","24":"tag-governo","25":"tag-guerra","26":"tag-headlines","27":"tag-justica","28":"tag-latest-news","29":"tag-latestnews","30":"tag-live","31":"tag-main-news","32":"tag-mainnews","33":"tag-mais-vistas","34":"tag-marcelo","35":"tag-meteorologia","36":"tag-mundo","37":"tag-negocios","38":"tag-news","39":"tag-noticias","40":"tag-noticias-principais","41":"tag-noticiasprincipais","42":"tag-opiniao","43":"tag-pais","44":"tag-politica","45":"tag-portugal","46":"tag-principais-noticias","47":"tag-principaisnoticias","48":"tag-pt","49":"tag-tempo","50":"tag-top-stories","51":"tag-topstories","52":"tag-ultimas","53":"tag-ultimas-noticias","54":"tag-ultimasnoticias"},"share_on_mastodon":{"url":"","error":"Validation failed: Text character limit of 500 exceeded"},"_links":{"self":[{"href":"https:\/\/www.europesays.com\/pt\/wp-json\/wp\/v2\/posts\/128608","targetHints":{"allow":["GET"]}}],"collection":[{"href":"https:\/\/www.europesays.com\/pt\/wp-json\/wp\/v2\/posts"}],"about":[{"href":"https:\/\/www.europesays.com\/pt\/wp-json\/wp\/v2\/types\/post"}],"author":[{"embeddable":true,"href":"https:\/\/www.europesays.com\/pt\/wp-json\/wp\/v2\/users\/2"}],"replies":[{"embeddable":true,"href":"https:\/\/www.europesays.com\/pt\/wp-json\/wp\/v2\/comments?post=128608"}],"version-history":[{"count":0,"href":"https:\/\/www.europesays.com\/pt\/wp-json\/wp\/v2\/posts\/128608\/revisions"}],"wp:featuredmedia":[{"embeddable":true,"href":"https:\/\/www.europesays.com\/pt\/wp-json\/wp\/v2\/media\/42325"}],"wp:attachment":[{"href":"https:\/\/www.europesays.com\/pt\/wp-json\/wp\/v2\/media?parent=128608"}],"wp:term":[{"taxonomy":"category","embeddable":true,"href":"https:\/\/www.europesays.com\/pt\/wp-json\/wp\/v2\/categories?post=128608"},{"taxonomy":"post_tag","embeddable":true,"href":"https:\/\/www.europesays.com\/pt\/wp-json\/wp\/v2\/tags?post=128608"}],"curies":[{"name":"wp","href":"https:\/\/api.w.org\/{rel}","templated":true}]}}