{"id":128620,"date":"2025-10-27T17:03:09","date_gmt":"2025-10-27T17:03:09","guid":{"rendered":"https:\/\/www.europesays.com\/pt\/128620\/"},"modified":"2025-10-27T17:03:09","modified_gmt":"2025-10-27T17:03:09","slug":"tesla-evita-colisao-com-aviao-fas-elogiam-modo-autonomo-mas-condutor-revela-a-verdade","status":"publish","type":"post","link":"https:\/\/www.europesays.com\/pt\/128620\/","title":{"rendered":"Tesla evita colis\u00e3o com avi\u00e3o? F\u00e3s elogiam modo aut\u00f3nomo, mas condutor revela\u00a0a\u00a0verdade"},"content":{"rendered":"<p>Um v\u00eddeo impressionante de um avi\u00e3o quase a colidir com uma estrada nos Estados Unidos tornou-se viral, depois de f\u00e3s da Tesla afirmarem que o modo de condu\u00e7\u00e3o aut\u00f3noma Full Self-Driving teria evitado o desastre. No entanto, a verdade acabou por ser bem diferente.<\/p>\n<p><a target=\"_blank\" href=\"https:\/\/pplware.sapo.pt\/wp-content\/uploads\/2025\/10\/tesla_aviao00.webp\" rel=\"nofollow noopener\"><img fetchpriority=\"high\" decoding=\"async\" src=\"https:\/\/www.europesays.com\/pt\/wp-content\/uploads\/2025\/10\/tesla_aviao00-720x405.webp.webp\" alt=\"\" width=\"720\" height=\"405\" class=\"aligncenter size-medium wp-image-1085349\"  \/><\/a><\/p>\n<p>F\u00e3s da Tesla celebram \u201cmilagre\u201d que afinal n\u00e3o existiu<\/p>\n<p>Este \u00e9 mais um artigo que mostra como h\u00e1 muito fanatismo a envolver a Tesla, sobretudo a envolver tecnologias que ainda est\u00e3o longe de ser o que afian\u00e7am, como originalmente foi <a target=\"_blank\" href=\"https:\/\/electrek.co\/2025\/10\/26\/tesla-fans-falsely-attribute-avoiding-literal-plane-crash-full-self-driving-insane-video\/\" rel=\"nofollow noopener\">aqui partilhado<\/a>.<\/p>\n<p>Como tal, a hist\u00f3ria escreve-se como tantas outras f\u00e1bulas. Os f\u00e3s da Tesla festejaram o que <strong>afirmavam ser uma atua\u00e7\u00e3o do modo Full Self-Driving (FSD)<\/strong>, o sistema de condu\u00e7\u00e3o aut\u00f3noma da marca, que teria evitado que um avi\u00e3o se despenhasse em plena estrada. Contudo, o <strong>condutor confirmou que o ve\u00edculo n\u00e3o estava a operar em modo aut\u00f3nomo<\/strong>.<\/p>\n<p>\u00c9 frequente os f\u00e3s da Tesla queixarem-se de que alguns condutores, ao utilizarem o Autopilot ou o FSD, culpam estes sistemas por acidentes em que foram, afinal, respons\u00e1veis. A marca refor\u00e7a que <strong>o condutor deve manter sempre o controlo<\/strong>, uma vez que ambos os sistemas s\u00e3o apenas de assist\u00eancia \u00e0 <a target=\"_blank\" href=\"https:\/\/pplware.sapo.pt\/motores\/carros-autonomos-conheca-os-5-niveis-de-conducao\/\" rel=\"nofollow noopener\">condu\u00e7\u00e3o de n\u00edvel 2<\/a>.<\/p>\n<p>Recentemente, a Tesla <a target=\"_blank\" href=\"https:\/\/pplware.sapo.pt\/motores\/tesla-considerada-culpada-de-acidente-fatal-com-o-piloto-automatico\/\" rel=\"nofollow noopener\">perdeu um processo judicial<\/a> em que foi parcialmente responsabilizada por um acidente mortal causado pelo uso indevido do Autopilot. Desde ent\u00e3o, <strong>a empresa tem optado por acordos extrajudiciais em casos semelhantes<\/strong>.<\/p>\n<p>Este contexto tem alterado a perce\u00e7\u00e3o p\u00fablica sobre o papel da Tesla em acidentes envolvendo as suas tecnologias.<\/p>\n<p>Um v\u00eddeo viral com informa\u00e7\u00e3o falsa<\/p>\n<p>Esta semana, o debate reacendeu-se ap\u00f3s a queda de um avi\u00e3o OA-1K Skyraider II da For\u00e7a A\u00e9rea dos EUA em Oklahoma City, pouco depois da descolagem.<\/p>\n<p><a target=\"_blank\" href=\"https:\/\/pplware.sapo.pt\/wp-content\/uploads\/2025\/10\/tesla_aviao01.webp\" rel=\"nofollow noopener\"><img loading=\"lazy\" decoding=\"async\" src=\"https:\/\/www.europesays.com\/pt\/wp-content\/uploads\/2025\/10\/tesla_aviao01-720x406.webp.webp\" alt=\"\" width=\"720\" height=\"406\" class=\"aligncenter size-medium wp-image-1085330\"  \/><\/a><\/p>\n<p>O aparelho passou perigosamente perto de uma autoestrada, quase atingindo v\u00e1rios carros. O momento foi registado por uma c\u00e2mara interna de um Tesla.<\/p>\n<p>As imagens foram rapidamente partilhadas nas redes sociais, com v\u00e1rios utilizadores a alegarem que o ve\u00edculo estava em modo Full Self-Driving e que este teria evitado o desastre.<\/p>\n<blockquote class=\"tiktok-embed\" cite=\"https:\/\/www.tiktok.com\/@mtopchian1\/video\/7564528284181040398\" data-video-id=\"7564528284181040398\" style=\"max-width: 605px; min-width: 325px;\"><p>\n<a target=\"_blank\" title=\"@mtopchian1\" href=\"https:\/\/www.tiktok.com\/@mtopchian1?refer=embed\" rel=\"noopener nofollow\">@mtopchian1<\/a> That plane looks a bit low to me <a target=\"_blank\" title=\"plane\" href=\"https:\/\/www.tiktok.com\/tag\/plane?refer=embed\" rel=\"noopener nofollow\">#plane<\/a> <a target=\"_blank\" title=\"crash\" href=\"https:\/\/www.tiktok.com\/tag\/crash?refer=embed\" rel=\"noopener nofollow\">#crash<\/a> <a target=\"_blank\" title=\"planecrash\" href=\"https:\/\/www.tiktok.com\/tag\/planecrash?refer=embed\" rel=\"noopener nofollow\">#planecrash<\/a> <a target=\"_blank\" title=\"nationalguard\" href=\"https:\/\/www.tiktok.com\/tag\/nationalguard?refer=embed\" rel=\"noopener nofollow\">#nationalguard<\/a> <a target=\"_blank\" title=\"okc\" href=\"https:\/\/www.tiktok.com\/tag\/okc?refer=embed\" rel=\"noopener nofollow\">#okc<\/a> <a target=\"_blank\" title=\"\u266c Sybau - KCK Mixes\" href=\"https:\/\/www.tiktok.com\/music\/Sybau-7507230950846957569?refer=embed\" rel=\"noopener nofollow\">\u266c Sybau &#8211; KCK Mixes<\/a>\n<\/p><\/blockquote>\n<p>O v\u00eddeo tornou-se viral, sendo at\u00e9 republicado pela m\u00e3e de Elon Musk.<\/p>\n<p><a target=\"_blank\" href=\"https:\/\/pplware.sapo.pt\/wp-content\/uploads\/2025\/10\/tesla_aviao02.webp\" rel=\"nofollow noopener\"><img loading=\"lazy\" decoding=\"async\" src=\"https:\/\/www.europesays.com\/pt\/wp-content\/uploads\/2025\/10\/tesla_aviao02-720x645.webp.webp\" alt=\"\" width=\"720\" height=\"645\" class=\"aligncenter size-medium wp-image-1085336\"  \/><\/a><\/p>\n<p>Contudo, o autor original do v\u00eddeo esclareceu:<\/p>\n<blockquote>\n<p>Conduzia manualmente. O FSD \u00e9 muito bom, mas teria sido completamente atingido pelo avi\u00e3o.<\/p>\n<\/blockquote>\n<p>Apesar da aus\u00eancia de provas, v\u00e1rias figuras conhecidas que promovem a Tesla, como Nic Cruz Patane e Mario Nawfal, frequentemente destacados por Elon Musk na plataforma X, divulgaram a informa\u00e7\u00e3o falsa.<\/p>\n<p>At\u00e9 o canal russo RT partilhou a hist\u00f3ria sem corre\u00e7\u00e3o posterior, alcan\u00e7ando milh\u00f5es de visualiza\u00e7\u00f5es.<\/p>\n<p>Em abono da verdade, este caso mostra como a combina\u00e7\u00e3o entre entusiasmo tecnol\u00f3gico e desinforma\u00e7\u00e3o pode rapidamente distorcer os factos. Embora os sistemas de assist\u00eancia da Tesla sejam avan\u00e7ados, continuam longe da condu\u00e7\u00e3o totalmente aut\u00f3noma.<\/p>\n<p>A realidade \u00e9 que, desta vez, foi o reflexo humano, e n\u00e3o a intelig\u00eancia artificial, que evitou a trag\u00e9dia.<\/p>\n<p>\t\t\t\t\t\t<script async src=\"\/\/www.tiktok.com\/embed.js\"><\/script><\/p>\n","protected":false},"excerpt":{"rendered":"Um v\u00eddeo impressionante de um avi\u00e3o quase a colidir com uma estrada nos Estados Unidos tornou-se viral, depois&hellip;\n","protected":false},"author":2,"featured_media":128621,"comment_status":"","ping_status":"","sticky":false,"template":"","format":"standard","meta":{"footnotes":""},"categories":[83],"tags":[88,89,90,27272,27273,32,33,296],"class_list":{"0":"post-128620","1":"post","2":"type-post","3":"status-publish","4":"format-standard","5":"has-post-thumbnail","7":"category-empresas","8":"tag-business","9":"tag-economy","10":"tag-empresas","11":"tag-fsd","12":"tag-full-self-driving","13":"tag-portugal","14":"tag-pt","15":"tag-tesla"},"share_on_mastodon":{"url":"https:\/\/pubeurope.com\/@pt\/115447215408961509","error":""},"_links":{"self":[{"href":"https:\/\/www.europesays.com\/pt\/wp-json\/wp\/v2\/posts\/128620","targetHints":{"allow":["GET"]}}],"collection":[{"href":"https:\/\/www.europesays.com\/pt\/wp-json\/wp\/v2\/posts"}],"about":[{"href":"https:\/\/www.europesays.com\/pt\/wp-json\/wp\/v2\/types\/post"}],"author":[{"embeddable":true,"href":"https:\/\/www.europesays.com\/pt\/wp-json\/wp\/v2\/users\/2"}],"replies":[{"embeddable":true,"href":"https:\/\/www.europesays.com\/pt\/wp-json\/wp\/v2\/comments?post=128620"}],"version-history":[{"count":0,"href":"https:\/\/www.europesays.com\/pt\/wp-json\/wp\/v2\/posts\/128620\/revisions"}],"wp:featuredmedia":[{"embeddable":true,"href":"https:\/\/www.europesays.com\/pt\/wp-json\/wp\/v2\/media\/128621"}],"wp:attachment":[{"href":"https:\/\/www.europesays.com\/pt\/wp-json\/wp\/v2\/media?parent=128620"}],"wp:term":[{"taxonomy":"category","embeddable":true,"href":"https:\/\/www.europesays.com\/pt\/wp-json\/wp\/v2\/categories?post=128620"},{"taxonomy":"post_tag","embeddable":true,"href":"https:\/\/www.europesays.com\/pt\/wp-json\/wp\/v2\/tags?post=128620"}],"curies":[{"name":"wp","href":"https:\/\/api.w.org\/{rel}","templated":true}]}}