{"id":128624,"date":"2025-10-27T17:05:08","date_gmt":"2025-10-27T17:05:08","guid":{"rendered":"https:\/\/www.europesays.com\/pt\/128624\/"},"modified":"2025-10-27T17:05:08","modified_gmt":"2025-10-27T17:05:08","slug":"xio-e-espanhol-condenados-pelo-homicidio-de-jovem-em-discoteca-de-famalicao","status":"publish","type":"post","link":"https:\/\/www.europesays.com\/pt\/128624\/","title":{"rendered":"&#8220;Xi\u00f3&#8221; e &#8220;Espanhol&#8221; condenados pelo homic\u00eddio de jovem em discoteca de Famalic\u00e3o"},"content":{"rendered":"<p>Diogo &#8220;Xi\u00f3&#8221; foi, esta segunda-feira, condenado a 12 anos e nove meses de pris\u00e3o, pelo homic\u00eddio de Hugo Ribeiro, de 21 anos, cometido em mar\u00e7o de 2022, \u00e0 porta da discoteca Noa, em Vale S. Cosme, Famalic\u00e3o. O coletivo de ju\u00edzes do Tribunal de Guimar\u00e3es tamb\u00e9m condenou o mesmo arguido a dois anos e seis meses de pris\u00e3o pelo furto do telem\u00f3vel da v\u00edtima. Xi\u00f3 foi assim condenado a 13 anos e seis meses, em c\u00famulo jur\u00eddico. Bruno &#8220;Espanhol&#8221; foi condenado a 12 anos de cadeia pelo homic\u00eddio de Hugo.<\/p>\n","protected":false},"excerpt":{"rendered":"Diogo &#8220;Xi\u00f3&#8221; foi, esta segunda-feira, condenado a 12 anos e nove meses de pris\u00e3o, pelo homic\u00eddio de Hugo&hellip;\n","protected":false},"author":2,"featured_media":128625,"comment_status":"","ping_status":"","sticky":false,"template":"","format":"standard","meta":{"footnotes":""},"categories":[10],"tags":[27,28,5879,15,16,14,5564,603,25,26,21,22,12,13,19,20,32,23,24,33,17,18,23067,29,30,31],"class_list":{"0":"post-128624","1":"post","2":"type-post","3":"status-publish","4":"format-standard","5":"has-post-thumbnail","7":"category-portugal","8":"tag-breaking-news","9":"tag-breakingnews","10":"tag-famalicao","11":"tag-featured-news","12":"tag-featurednews","13":"tag-headlines","14":"tag-homicidio","15":"tag-justica","16":"tag-latest-news","17":"tag-latestnews","18":"tag-main-news","19":"tag-mainnews","20":"tag-news","21":"tag-noticias","22":"tag-noticias-principais","23":"tag-noticiasprincipais","24":"tag-portugal","25":"tag-principais-noticias","26":"tag-principaisnoticias","27":"tag-pt","28":"tag-top-stories","29":"tag-topstories","30":"tag-tribunal-de-guimaraes","31":"tag-ultimas","32":"tag-ultimas-noticias","33":"tag-ultimasnoticias"},"share_on_mastodon":{"url":"https:\/\/pubeurope.com\/@pt\/115447222953424859","error":""},"_links":{"self":[{"href":"https:\/\/www.europesays.com\/pt\/wp-json\/wp\/v2\/posts\/128624","targetHints":{"allow":["GET"]}}],"collection":[{"href":"https:\/\/www.europesays.com\/pt\/wp-json\/wp\/v2\/posts"}],"about":[{"href":"https:\/\/www.europesays.com\/pt\/wp-json\/wp\/v2\/types\/post"}],"author":[{"embeddable":true,"href":"https:\/\/www.europesays.com\/pt\/wp-json\/wp\/v2\/users\/2"}],"replies":[{"embeddable":true,"href":"https:\/\/www.europesays.com\/pt\/wp-json\/wp\/v2\/comments?post=128624"}],"version-history":[{"count":0,"href":"https:\/\/www.europesays.com\/pt\/wp-json\/wp\/v2\/posts\/128624\/revisions"}],"wp:featuredmedia":[{"embeddable":true,"href":"https:\/\/www.europesays.com\/pt\/wp-json\/wp\/v2\/media\/128625"}],"wp:attachment":[{"href":"https:\/\/www.europesays.com\/pt\/wp-json\/wp\/v2\/media?parent=128624"}],"wp:term":[{"taxonomy":"category","embeddable":true,"href":"https:\/\/www.europesays.com\/pt\/wp-json\/wp\/v2\/categories?post=128624"},{"taxonomy":"post_tag","embeddable":true,"href":"https:\/\/www.europesays.com\/pt\/wp-json\/wp\/v2\/tags?post=128624"}],"curies":[{"name":"wp","href":"https:\/\/api.w.org\/{rel}","templated":true}]}}