{"id":128630,"date":"2025-10-27T17:12:38","date_gmt":"2025-10-27T17:12:38","guid":{"rendered":"https:\/\/www.europesays.com\/pt\/128630\/"},"modified":"2025-10-27T17:12:38","modified_gmt":"2025-10-27T17:12:38","slug":"quem-foi-o-assassino-na-serie-e-por-que-o-caso-segue-um-enigma","status":"publish","type":"post","link":"https:\/\/www.europesays.com\/pt\/128630\/","title":{"rendered":"quem foi o assassino (na s\u00e9rie) e por que o caso segue um enigma"},"content":{"rendered":"<p>\t\t\t\t\t\t\t\t\t\t\t\t\t\t\t\t\t\t\t\t\t\t\t\t\t\tQuer saber o que acontece no final da s\u00e9rie O Monstro de Floren\u00e7a?<\/p>\n<p data-start=\"554\" data-end=\"976\">Baseada no caso real do Il Mostro di Firenze (1968\u20131985), a miniss\u00e9rie reabre feridas: casais executados com <strong data-start=\"665\" data-end=\"680\">Beretta .22<\/strong>, mulheres <strong data-start=\"691\" data-end=\"704\">mutiladas<\/strong> e uma investiga\u00e7\u00e3o que parece uma cebola \u2014 quanto mais descasca, mais chora. A promotora <strong data-start=\"794\" data-end=\"817\">Silvia Della Monica<\/strong> cutuca vespeiro, a imprensa ferve, e velhos nomes (Mele\/Vinci) voltam \u00e0 roda. O \u00faltimo epis\u00f3dio mira no \u201cquem foi?\u201d e acerta no <strong data-start=\"946\" data-end=\"975\">\u201cpor que nunca provamos?\u201d<\/strong>.<\/p>\n<p>Sinopse de O Monstro de Floren\u00e7a<\/p>\n<p data-start=\"1023\" data-end=\"1470\">Entre o fim dos anos 60 e meados dos 80, um serial killer ataca casais nos arredores de Floren\u00e7a. A s\u00e9rie come\u00e7a em 1982, no <strong data-start=\"1148\" data-end=\"1174\">quarto duplo homic\u00eddio<\/strong>, quando Silvia (Liliana Bottone) toma medidas ousadas (como plantar uma \u201cdescri\u00e7\u00e3o do suspeito\u201d na m\u00eddia) e vasculha <strong data-start=\"1292\" data-end=\"1309\">casos antigos<\/strong>. O fio puxa nomes conhecidos: <strong data-start=\"1340\" data-end=\"1356\">Stefano Mele<\/strong>, <strong data-start=\"1358\" data-end=\"1375\">Giovanni Mele<\/strong>, <strong data-start=\"1377\" data-end=\"1397\">Piero Mucciarini<\/strong>, <strong data-start=\"1399\" data-end=\"1430\">Francesco e Salvatore Vinci<\/strong> \u2014 e, l\u00e1 na frente, <strong data-start=\"1450\" data-end=\"1469\">Pietro Pacciani<\/strong>.<\/p>\n<p>Final explicado O Monstro de Floren\u00e7a: como acaba?<\/p>\n<p data-start=\"1534\" data-end=\"1547\"><strong data-start=\"1534\" data-end=\"1547\">Vamos l\u00e1.<\/strong><\/p>\n<ul data-start=\"1549\" data-end=\"2667\">\n<li data-start=\"1549\" data-end=\"1618\">\n<p data-start=\"1551\" data-end=\"1618\">A narrativa fecha o cerco sobre as fam\u00edlias <strong data-start=\"1595\" data-end=\"1603\">Mele<\/strong> e <strong data-start=\"1606\" data-end=\"1615\">Vinci<\/strong>.<\/p>\n<\/li>\n<li data-start=\"1619\" data-end=\"1813\">\n<p data-start=\"1621\" data-end=\"1813\"><strong data-start=\"1621\" data-end=\"1637\">Stefano Mele<\/strong> (que confessou matar a esposa <strong data-start=\"1668\" data-end=\"1685\">Barbara Locci<\/strong> em 1968) muda vers\u00f5es, diz que <strong data-start=\"1717\" data-end=\"1739\">acobertou por medo<\/strong>, e <strong data-start=\"1743\" data-end=\"1769\">aponta Francesco Vinci<\/strong> \u2014 desviando holofotes da pr\u00f3pria fam\u00edlia.<\/p>\n<\/li>\n<li data-start=\"1814\" data-end=\"1970\">\n<p data-start=\"1816\" data-end=\"1970\"><strong data-start=\"1816\" data-end=\"1833\">Giovanni Mele<\/strong> descreve o \u201cprimeiro\u201d ataque do Monstro com detalhes estranhamente \u00edntimos, e surge um bilhete seu <strong data-start=\"1933\" data-end=\"1944\">guiando<\/strong> a confiss\u00e3o de Stefano.<\/p>\n<\/li>\n<li data-start=\"1971\" data-end=\"2070\">\n<p data-start=\"1973\" data-end=\"2070\"><strong data-start=\"1973\" data-end=\"1986\">Francesco<\/strong> e <strong data-start=\"1989\" data-end=\"2008\">Salvatore Vinci<\/strong> (ambos ligados a Barbara) entram no carrossel de suspeitas.<\/p>\n<\/li>\n<li data-start=\"2071\" data-end=\"2311\">\n<p data-start=\"2073\" data-end=\"2311\"><strong data-start=\"2073\" data-end=\"2086\">Salvatore<\/strong> \u00e9 pintado como o <strong data-start=\"2104\" data-end=\"2120\">grande vil\u00e3o<\/strong>: \u00e9 acusado pela morte da pr\u00f3pria esposa, <strong data-start=\"2162\" data-end=\"2175\">absolvido<\/strong>, <strong data-start=\"2177\" data-end=\"2191\">desaparece<\/strong>\u2026 e <strong data-start=\"2195\" data-end=\"2215\">os crimes cessam<\/strong>. A s\u00e9rie, com aquela piscadinha dram\u00e1tica, <strong data-start=\"2259\" data-end=\"2269\">sugere<\/strong> que ele <strong data-start=\"2278\" data-end=\"2289\">poderia<\/strong> ter sido o Monstro.<\/p>\n<\/li>\n<li data-start=\"2312\" data-end=\"2667\">\n<p data-start=\"2314\" data-end=\"2667\">Contudo, o ep\u00edlogo lembra: <strong data-start=\"2341\" data-end=\"2375\">na vida real, nada foi provado<\/strong>. O derradeiro investigado de peso, <strong data-start=\"2411\" data-end=\"2430\">Pietro Pacciani<\/strong>, chegou a ser <strong data-start=\"2445\" data-end=\"2458\">condenado<\/strong> por 7 dos 8 ataques a casais, teve a condena\u00e7\u00e3o <strong data-start=\"2507\" data-end=\"2518\">anulada<\/strong> e <strong data-start=\"2521\" data-end=\"2531\">morreu<\/strong> antes do novo julgamento. O suposto \u201cgrupo de ca\u00e7adores\u201d em torno dele rendeu pris\u00f5es, confiss\u00e3o com furos \u2014 e <strong data-start=\"2643\" data-end=\"2666\">mist\u00e9rio preservado<\/strong>.<\/p>\n<\/li>\n<\/ul>\n<p data-start=\"2669\" data-end=\"2891\"><strong data-start=\"2669\" data-end=\"2702\">Tradu\u00e7\u00e3o simult\u00e2nea do final:<\/strong> a s\u00e9rie fecha <strong data-start=\"2717\" data-end=\"2740\">sem solu\u00e7\u00e3o oficial<\/strong>. Fica o mosaico de pistas, rivalidades familiares, misoginia sistem\u00e1tica e uma pol\u00edcia que, entre pris\u00f5es e solta, <strong data-start=\"2856\" data-end=\"2882\">nunca conseguiu cravar<\/strong> o autor.<\/p>\n<p>Qual o significado de O Monstro de Floren\u00e7a<\/p>\n<p data-start=\"2949\" data-end=\"3012\">O desfecho n\u00e3o \u00e9 \u201canti-cl\u00edmax\u201d; \u00e9 <strong data-start=\"2983\" data-end=\"2997\">coment\u00e1rio<\/strong>. O caso exp\u00f5e:<\/p>\n<ul data-start=\"3013\" data-end=\"3322\">\n<li data-start=\"3013\" data-end=\"3097\">\n<p data-start=\"3015\" data-end=\"3097\"><strong data-start=\"3015\" data-end=\"3043\">Investiga\u00e7\u00e3o contaminada<\/strong> por ci\u00fames, honra ferida e \u201cverdades convenientes\u201d;<\/p>\n<\/li>\n<li data-start=\"3098\" data-end=\"3175\">\n<p data-start=\"3100\" data-end=\"3175\"><strong data-start=\"3100\" data-end=\"3122\">Mulheres como alvo<\/strong> (mutila\u00e7\u00f5es), espelho de uma cultura <strong data-start=\"3160\" data-end=\"3172\">mis\u00f3gina<\/strong>;<\/p>\n<\/li>\n<li data-start=\"3176\" data-end=\"3322\">\n<p data-start=\"3178\" data-end=\"3322\"><strong data-start=\"3178\" data-end=\"3200\">Falhas processuais<\/strong> que corroem prova e mem\u00f3ria.<br data-start=\"3229\" data-end=\"3232\"\/>No fim, a s\u00e9rie prefere a <strong data-start=\"3258\" data-end=\"3286\">honestidade do n\u00e3o saber<\/strong> ao conforto de um culpado qualquer.<\/p>\n<\/li>\n<\/ul>\n<p>Perguntas que todo mundo faz (e a s\u00e9rie te ajuda a responder)<br \/>\nO Monstro de Floren\u00e7a \u00e9 real?<\/p>\n<p data-start=\"3431\" data-end=\"3531\"><strong data-start=\"3431\" data-end=\"3439\">Sim.<\/strong> Os crimes ocorreram entre <strong data-start=\"3466\" data-end=\"3481\">1968 e 1985<\/strong>. O termo \u201cIl Mostro di Firenze\u201d veio da imprensa.<\/p>\n<p>Por que a arma do Mele importa?<\/p>\n<p data-start=\"3571\" data-end=\"3735\">Porque a <strong data-start=\"3580\" data-end=\"3595\">Beretta .22<\/strong> usada por <strong data-start=\"3606\" data-end=\"3622\">Stefano Mele<\/strong> no crime de 1968 acabou conectada, anos depois, ao <strong data-start=\"3674\" data-end=\"3692\">modus operandi<\/strong> do Monstro \u2014 reabrindo a linha Mele\/Vinci.<\/p>\n<p>Salvatore Vinci \u00e9 o assassino?<\/p>\n<p data-start=\"3774\" data-end=\"3883\">A s\u00e9rie <strong data-start=\"3782\" data-end=\"3792\">sugere<\/strong> (desaparecimento + fim dos ataques), mas <strong data-start=\"3834\" data-end=\"3847\">n\u00e3o prova<\/strong>. Na vida real, <strong data-start=\"3863\" data-end=\"3882\">nada conclusivo<\/strong>.<\/p>\n<p>E Francesco Vinci?<\/p>\n<p data-start=\"3910\" data-end=\"4009\">Virou <strong data-start=\"3916\" data-end=\"3934\">suspeito-chave<\/strong> (impulsionado pela acusa\u00e7\u00e3o de Stefano), mas <strong data-start=\"3980\" data-end=\"4008\">sem evid\u00eancia suficiente<\/strong>.<\/p>\n<p>Quem foi Pietro Pacciani?<\/p>\n<p data-start=\"4043\" data-end=\"4244\">Um fazendeiro <strong data-start=\"4057\" data-end=\"4070\">condenado<\/strong> nos anos 90 por 7 duplos homic\u00eddios, <strong data-start=\"4108\" data-end=\"4121\">absolvido<\/strong> em 2\u00aa inst\u00e2ncia; <strong data-start=\"4139\" data-end=\"4149\">morreu<\/strong> antes do novo julgamento. Teorias falam em <strong data-start=\"4193\" data-end=\"4206\">c\u00famplices<\/strong>; houve confiss\u00f5es <strong data-start=\"4225\" data-end=\"4243\">inconsistentes<\/strong>.<\/p>\n<p>Ent\u00e3o\u2026 quem \u00e9 o Monstro?<\/p>\n<p data-start=\"4277\" data-end=\"4341\"><strong data-start=\"4277\" data-end=\"4303\">Oficialmente, ningu\u00e9m.<\/strong> O caso permanece <strong data-start=\"4321\" data-end=\"4340\">n\u00e3o solucionado<\/strong>.<\/p>\n<p>Linha do tempo (expressa) para n\u00e3o se perder<\/p>\n<ul data-start=\"4396\" data-end=\"4743\">\n<li data-start=\"4396\" data-end=\"4459\">\n<p data-start=\"4398\" data-end=\"4459\"><strong data-start=\"4398\" data-end=\"4407\">1968:<\/strong> Barbara Locci \u00e9 morta; <strong data-start=\"4431\" data-end=\"4447\">Stefano Mele<\/strong> confessa.<\/p>\n<\/li>\n<li data-start=\"4460\" data-end=\"4550\">\n<p data-start=\"4462\" data-end=\"4550\"><strong data-start=\"4462\" data-end=\"4476\">1974\u20131985:<\/strong> s\u00e9ries de ataques a casais com <strong data-start=\"4508\" data-end=\"4523\">Beretta .22<\/strong>; mulheres <strong data-start=\"4534\" data-end=\"4547\">mutiladas<\/strong>.<\/p>\n<\/li>\n<li data-start=\"4551\" data-end=\"4625\">\n<p data-start=\"4553\" data-end=\"4625\"><strong data-start=\"4553\" data-end=\"4565\">Anos 80:<\/strong> foco em <strong data-start=\"4574\" data-end=\"4588\">Mele\/Vinci<\/strong>; vers\u00f5es mudam, suspeitas pipocam.<\/p>\n<\/li>\n<li data-start=\"4626\" data-end=\"4717\">\n<p data-start=\"4628\" data-end=\"4717\"><strong data-start=\"4628\" data-end=\"4640\">Anos 90:<\/strong> <strong data-start=\"4641\" data-end=\"4653\">Pacciani<\/strong> \u00e9 condenado \u2192 decis\u00e3o <strong data-start=\"4676\" data-end=\"4687\">anulada<\/strong> \u2192 morre antes do novo j\u00fari.<\/p>\n<\/li>\n<li data-start=\"4718\" data-end=\"4743\">\n<p data-start=\"4720\" data-end=\"4743\"><strong data-start=\"4720\" data-end=\"4729\">Hoje:<\/strong> <strong data-start=\"4730\" data-end=\"4742\">mist\u00e9rio<\/strong>.<\/p>\n<\/li>\n<\/ul>\n<p>D\u00favidas r\u00e1pidas dos cr\u00e9ditos<\/p>\n<ul data-start=\"4783\" data-end=\"5271\">\n<li data-start=\"4783\" data-end=\"4916\">\n<p data-start=\"4785\" data-end=\"4916\"><strong data-start=\"4785\" data-end=\"4831\">Por que a promotora mente para a imprensa?<\/strong><br data-start=\"4831\" data-end=\"4834\"\/>Para <strong data-start=\"4841\" data-end=\"4860\">provocar rea\u00e7\u00e3o<\/strong> e destravar pistas \u2014 t\u00e1tica controversa, mas dram\u00e1tica.<\/p>\n<\/li>\n<li data-start=\"4918\" data-end=\"5134\">\n<p data-start=\"4920\" data-end=\"5134\"><strong data-start=\"4920\" data-end=\"4979\">Por que a s\u00e9rie insiste em flashbacks de Barbara Locci?<\/strong><br data-start=\"4979\" data-end=\"4982\"\/>Porque Barbara \u00e9 o <strong data-start=\"5003\" data-end=\"5026\">epicentro emocional<\/strong>: seus abusos, rela\u00e7\u00f5es e morte irradiam <strong data-start=\"5067\" data-end=\"5081\">motiva\u00e7\u00f5es<\/strong> e <strong data-start=\"5084\" data-end=\"5098\">inimizades<\/strong> que contaminam toda a investiga\u00e7\u00e3o.<\/p>\n<\/li>\n<li data-start=\"5136\" data-end=\"5271\">\n<p data-start=\"5138\" data-end=\"5271\"><strong data-start=\"5138\" data-end=\"5182\">O caso encerra com \u201cgrupo de ca\u00e7adores\u201d?<\/strong><br data-start=\"5182\" data-end=\"5185\"\/>A teoria aparece (com supostos c\u00famplices de Pacciani), mas segue <strong data-start=\"5252\" data-end=\"5270\">n\u00e3o comprovada<\/strong>.<\/p>\n<\/li>\n<\/ul>\n<p>Se curtiu, o que ver depois?<\/p>\n<ul data-start=\"5310\" data-end=\"5573\">\n<li data-start=\"5310\" data-end=\"5394\">\n<p data-start=\"5312\" data-end=\"5394\"><strong data-start=\"5312\" data-end=\"5326\">Mindhunter<\/strong> \u2014 anatomia fria da mente criminosa (pena ter parado na 2\u00aa temp.).<\/p>\n<\/li>\n<li data-start=\"5395\" data-end=\"5487\">\n<p data-start=\"5397\" data-end=\"5487\"><strong data-start=\"5397\" data-end=\"5419\">Monsters (Netflix)<\/strong> \u2014 antologias sobre casos reais (Dahmer, Men\u00e9ndez, <a href=\"https:\/\/www.cinemadebuteco.com.br\/series\/review-monstro-a-historia-de-ed-gein-choque-sem-proposito-em-embalagem-premium\/\" target=\"_blank\" rel=\"noopener nofollow\">Ed Gein<\/a>, etc.).<\/p>\n<\/li>\n<li data-start=\"5488\" data-end=\"5573\">\n<p data-start=\"5490\" data-end=\"5573\"><strong data-start=\"5490\" data-end=\"5522\"><a href=\"https:\/\/www.cinemadebuteco.com.br\/series\/review-o-que-a-serie-adolescencia-nos-ensina\/\" target=\"_blank\" rel=\"noopener nofollow\">Adolesc\u00eancia<\/a> (2025, Netflix)<\/strong> \u2014 sobre misoginia \u201cevolu\u00edda\u201d (spoiler: nem tanto).<\/p>\n<\/li>\n<\/ul>\n<p>Resumo do final (para mandar no grupo)<\/p>\n<p data-start=\"5624\" data-end=\"5863\">A s\u00e9rie percorre <strong data-start=\"5641\" data-end=\"5649\">Mele<\/strong> e <strong data-start=\"5652\" data-end=\"5661\">Vinci<\/strong>, <strong data-start=\"5663\" data-end=\"5674\">insinua<\/strong> Salvatore, lembra <strong data-start=\"5693\" data-end=\"5705\">Pacciani<\/strong>, e fecha com a \u00fanica certeza dispon\u00edvel: <strong data-start=\"5747\" data-end=\"5808\">o Monstro de Floren\u00e7a nunca foi oficialmente identificado<\/strong>. A realidade n\u00e3o d\u00e1 \u201cplot twist\u201d \u2014 d\u00e1 <strong data-start=\"5847\" data-end=\"5862\">ambiguidade<\/strong>.<\/p>\n<p data-start=\"5865\" data-end=\"5877\" data-is-last-node=\"\" data-is-only-node=\"\"><strong data-start=\"5865\" data-end=\"5877\" data-is-last-node=\"\">e \u00e9 isso<\/strong><\/p>\n","protected":false},"excerpt":{"rendered":"Quer saber o que acontece no final da s\u00e9rie O Monstro de Floren\u00e7a? Baseada no caso real do&hellip;\n","protected":false},"author":2,"featured_media":128631,"comment_status":"","ping_status":"","sticky":false,"template":"","format":"standard","meta":{"footnotes":""},"categories":[140],"tags":[114,115,147,148,12390,146,716,29303,32,33],"class_list":{"0":"post-128630","1":"post","2":"type-post","3":"status-publish","4":"format-standard","5":"has-post-thumbnail","7":"category-filmes","8":"tag-entertainment","9":"tag-entretenimento","10":"tag-film","11":"tag-filmes","12":"tag-final-explicado","13":"tag-movies","14":"tag-netflix","15":"tag-o-monstro-de-florenca","16":"tag-portugal","17":"tag-pt"},"share_on_mastodon":{"url":"https:\/\/pubeurope.com\/@pt\/115447250458739494","error":""},"_links":{"self":[{"href":"https:\/\/www.europesays.com\/pt\/wp-json\/wp\/v2\/posts\/128630","targetHints":{"allow":["GET"]}}],"collection":[{"href":"https:\/\/www.europesays.com\/pt\/wp-json\/wp\/v2\/posts"}],"about":[{"href":"https:\/\/www.europesays.com\/pt\/wp-json\/wp\/v2\/types\/post"}],"author":[{"embeddable":true,"href":"https:\/\/www.europesays.com\/pt\/wp-json\/wp\/v2\/users\/2"}],"replies":[{"embeddable":true,"href":"https:\/\/www.europesays.com\/pt\/wp-json\/wp\/v2\/comments?post=128630"}],"version-history":[{"count":0,"href":"https:\/\/www.europesays.com\/pt\/wp-json\/wp\/v2\/posts\/128630\/revisions"}],"wp:featuredmedia":[{"embeddable":true,"href":"https:\/\/www.europesays.com\/pt\/wp-json\/wp\/v2\/media\/128631"}],"wp:attachment":[{"href":"https:\/\/www.europesays.com\/pt\/wp-json\/wp\/v2\/media?parent=128630"}],"wp:term":[{"taxonomy":"category","embeddable":true,"href":"https:\/\/www.europesays.com\/pt\/wp-json\/wp\/v2\/categories?post=128630"},{"taxonomy":"post_tag","embeddable":true,"href":"https:\/\/www.europesays.com\/pt\/wp-json\/wp\/v2\/tags?post=128630"}],"curies":[{"name":"wp","href":"https:\/\/api.w.org\/{rel}","templated":true}]}}