{"id":128634,"date":"2025-10-27T17:16:09","date_gmt":"2025-10-27T17:16:09","guid":{"rendered":"https:\/\/www.europesays.com\/pt\/128634\/"},"modified":"2025-10-27T17:16:09","modified_gmt":"2025-10-27T17:16:09","slug":"realme-vai-lancar-celular-quase-indestrutivel-com-bateria-de-7-000-mah-e-preco-acessivel","status":"publish","type":"post","link":"https:\/\/www.europesays.com\/pt\/128634\/","title":{"rendered":"Realme vai lan\u00e7ar celular quase indestrut\u00edvel com bateria de 7.000 mAh e pre\u00e7o acess\u00edvel"},"content":{"rendered":"<p>A <strong>Realme <\/strong>est\u00e1 preparando seu pr\u00f3ximo smartphone <strong>C85 Pro<\/strong> para redefinir a autonomia no segmento de entrada. De acordo com informa\u00e7\u00f5es do Realme Vietnam, o destaque principal ser\u00e1 a bateria de <strong>7.000 mAh em sil\u00edcio-carbono<\/strong>, que promete at\u00e9 dois dias de uso com uma \u00fanica carga, combinada com <strong>carregamento r\u00e1pido de 45W<\/strong>. Modelos anteriores da marca indicam que o tempo de tela ativa pode variar entre 10 e 12 horas, dependendo do uso.<\/p>\n<p>Apesar do tamanho da bateria, o C85 Pro deve manter uma espessura e peso razo\u00e1veis, seguindo a linha de telefones com grandes baterias lan\u00e7ados recentemente. A durabilidade tamb\u00e9m ser\u00e1 um ponto forte: espera-se <strong>certifica\u00e7\u00e3o IP69<\/strong> e padr\u00e3o militar <strong>MIL-STD-810H<\/strong>, oferecendo prote\u00e7\u00e3o contra poeira, \u00e1gua e quedas.<\/p>\n<p>            &#13;<br \/>\n                    &#13;<br \/>\n                        &#13;<br \/>\n                        &#13;<br \/>\n                        &#13;<br \/>\n                        &#13;<br \/>\n                        <img decoding=\"async\" loading=\"lazy\" width=\"330\" height=\"222\" src=\"https:\/\/www.europesays.com\/pt\/wp-content\/uploads\/2025\/10\/realme-c85-pro-key-specs-via-tiktok-1.jpeg\"  alt=\"Realme C85 Pro vai ter bateria para at\u00e9 dois dias de uso. Imagem: Reprodu\u00e7\u00e3o\" title=\"Realme C85 Pro vai ter bateria para at\u00e9 dois dias de uso. Imagem: Reprodu\u00e7\u00e3o\"\/>&#13;<br \/>\n                    Realme C85 Pro vai ter bateria para at\u00e9 dois dias de uso. Imagem: Reprodu\u00e7\u00e3o&#13;<\/p>\n<p>Na frente, o telefone ter\u00e1 um <strong>painel AMOLED FHD+<\/strong>, com taxa de atualiza\u00e7\u00e3o de <strong>120 Hz<\/strong> e brilho m\u00e1ximo de <strong>4.000 nits<\/strong>, garantindo boa visibilidade mesmo sob luz solar intensa. Por dentro, ele deve rodar o <strong>MediaTek Dimensity 6300 5G<\/strong>, com at\u00e9 <strong>8 GB de RAM<\/strong> e <strong>256 GB de armazenamento<\/strong>.<\/p>\n<p>Quando \u00e9 o lan\u00e7amento?<\/p>\n<p>O pre\u00e7o estimado fica entre <strong>US$ 250 e US$ 300<\/strong>, mirando principalmente mercados como Vietn\u00e3 e \u00cdndia. A expectativa \u00e9 de <strong>lan\u00e7amento no in\u00edcio de 2026<\/strong>.<\/p>\n<p>Realme GT8 tamb\u00e9m chegou com bateria gigante de 7000 mAh<\/p>\n<p>Na semana passada, a <strong>Realme a<\/strong>presentou o <strong>GT8 <\/strong>na China, <strong><a class=\"tg-link-manual\" href=\"https:\/\/www.oficinadanet.com.br\/noticias\/65263-realme-gt8-pro-lancamento\" rel=\"nofollow noopener\" target=\"_blank\">modelo que chega junto com o GT8 Pro<\/a><\/strong>, mas mant\u00e9m um foco pr\u00f3prio em design e desempenho. Mesmo sem os m\u00f3dulos de c\u00e2mera intercambi\u00e1veis do Pro, o GT8 mant\u00e9m a parceria com a c\u00e2mera <strong>Ricoh GR<\/strong>, oferecendo os mesmos cinco estilos de <a class=\"tg-link-manual\" href=\"https:\/\/www.oficinadanet.com.br\/netflix2018\/23817-os-melhores-filmes-para-assistir-na-netflix-em-2018\" rel=\"nofollow noopener\" target=\"_blank\">filme<\/a>, dist\u00e2ncias focais que se ajustam ente 28 mm e 40 mm e at\u00e9 sons de obturador inspirados nas c\u00e2meras cl\u00e1ssicas da marca.<\/p>\n<p>Na parte de fotografia, que \u00e9 o foco principal dos novos aparelhos, o GT8 traz uma c\u00e2mera<strong> principal de 50 MP<\/strong> com estabiliza\u00e7\u00e3o \u00f3ptica (<a class=\"tg-link-manual\" href=\"https:\/\/www.oficinadanet.com.br\/smartphones\/OIS\" rel=\"nofollow noopener\" target=\"_blank\">OIS<\/a>) e lentes 7P da Ricoh GR com revestimento antirreflexo, acompanhada de uma lente <strong>ultrawide de 8 MP<\/strong> e uma <strong>telefoto perisc\u00f3pio de 50 MP<\/strong> com zoom \u00f3ptico de 3,5x. Para selfies, h\u00e1 uma c\u00e2mera <strong>frontal de 16 MP<\/strong>.<\/p>\n<p>            &#13;<br \/>\n                    &#13;<br \/>\n                        &#13;<br \/>\n                        &#13;<br \/>\n                        &#13;<br \/>\n                        &#13;<br \/>\n                        <img decoding=\"async\" loading=\"lazy\" width=\"330\" height=\"186\" src=\"https:\/\/www.europesays.com\/pt\/wp-content\/uploads\/2025\/10\/realme-gt8-1.jpg\"  alt=\"Realme GT8. Imagem: Realme\/Reprodu\u00e7\u00e3o\" title=\"Realme GT8. Imagem: Realme\/Reprodu\u00e7\u00e3o\"\/>&#13;<br \/>\n                    Realme GT8. Imagem: Realme\/Reprodu\u00e7\u00e3o&#13;<\/p>\n<p>O design tamb\u00e9m chama aten\u00e7\u00e3o, com tr\u00eas vers\u00f5es diferentes: <strong>Classic White<\/strong> (feito de vidro fosco AG que resiste a marcas de dedo), <strong>Navy Blue<\/strong> (tamb\u00e9m de vidro, mas com brilho sutil) e <strong>Oxygen Green<\/strong> (traseira em material reciclado com textura de papel).<\/p>\n<p>Sob o cap\u00f4, o GT8 vem com o novo chip <strong>Snapdragon 8 Elite<\/strong>, aliado \u00e0 op\u00e7\u00f5es de 12 GB ou 16 GB de <a class=\"tg-link-manual\" href=\"https:\/\/www.oficinadanet.com.br\/onresponde\/65111-o-que-e-memoria-ram-celular\" rel=\"nofollow noopener\" target=\"_blank\">RAM<\/a> no padr\u00e3o LPDDR5X e armazenamento de 256 GB, 512 GB ou at\u00e9 1 TB com tecnologiua <a class=\"tg-link-manual\" href=\"https:\/\/www.oficinadanet.com.br\/onresponde\/47972-ufs-o-que-diferencas-cada-padrao-memoria\" rel=\"nofollow noopener\" target=\"_blank\">UFS<\/a> 4.0. Ele conta ainda com um chip gr\u00e1fico R1 dedicado, voltado para otimizar o desempenho em jogos, e um <strong>sistema de resfriamento VC de 7000 mm\u00b2<\/strong> que ajuda a manter o desempenho est\u00e1vel mesmo em sess\u00f5es longas de uso.<\/p>\n<p>A tela \u00e9 outro destaque: um painel <a class=\"tg-link-manual\" href=\"https:\/\/www.oficinadanet.com.br\/tecnologia\/60059-amoled-ltpo\" rel=\"nofollow noopener\" target=\"_blank\">LTPO<\/a> <a class=\"tg-link-manual\" href=\"https:\/\/www.oficinadanet.com.br\/tecnologia\/48143-telas-amoled\" rel=\"nofollow noopener\" target=\"_blank\">AMOLED<\/a> de <strong>6,79 polegadas<\/strong>, com resolu\u00e7\u00e3o 2K, taxa de atualiza\u00e7\u00e3o de <strong>144 Hz<\/strong> e brilho m\u00e1ximo de impressionantes 7000 <a class=\"tg-link-manual\" href=\"https:\/\/www.oficinadanet.com.br\/onresponde\/64224-o-que-significa-nits-brilho-da-tela\" rel=\"nofollow noopener\" target=\"_blank\">nits<\/a>, o mesmo do GT8 Pro.<\/p>\n<p>A Realme tamb\u00e9m apostou pesado na autonomia: o GT8 carrega uma bateria gigante de <strong>7000 mAh<\/strong> com suporte a carregamento ultrarr\u00e1pido de <strong>100 W<\/strong>. Segundo a marca, a c\u00e9lula &#8220;Titan&#8221; tem 15% de sil\u00edcio em sua composi\u00e7\u00e3o, o que garante mais longevidade.<\/p>\n<p>O aparelho ainda traz certifica\u00e7\u00f5es <strong>IP68<\/strong>, <strong>IP69 <\/strong>e <strong>IP66<\/strong>, garantindo resist\u00eancia \u00e0 \u00e1gua e poeira, al\u00e9m de recursos premium como leitor de digitais ultrass\u00f4nico 3D, alto-falantes est\u00e9reo, Wi-Fi 7, <a class=\"tg-link-manual\" href=\"https:\/\/www.oficinadanet.com.br\/onresponde\/65084-o-que-e-para-que-serve-nfc-celular\" rel=\"nofollow noopener\" target=\"_blank\">NFC<\/a> e <a class=\"tg-link-manual\" href=\"https:\/\/www.oficinadanet.com.br\/tecnologia\/32633-o-que-e-bluetooth-como-funciona-e-quais-as-suas-versoes\" rel=\"nofollow noopener\" target=\"_blank\">Bluetooth<\/a> 6.0. Ele sai de f\u00e1brica rodando o <a class=\"tg-link-manual\" href=\"https:\/\/www.oficinadanet.com.br\/android\" rel=\"nofollow noopener\" target=\"_blank\">Android<\/a> 16 com a interface Realme UI 7.<\/p>\n<p><a href=\"https:\/\/www.gizmochina.com\/2025\/10\/27\/realme-c85-pro-teased-with-a-7000mah-silicon-carbon-battery\/\" class=\"tg-link-manual\" rel=\"nofollow  noopener\" target=\"_blank\">Fonte<\/a><\/p>\n","protected":false},"excerpt":{"rendered":"A Realme est\u00e1 preparando seu pr\u00f3ximo smartphone C85 Pro para redefinir a autonomia no segmento de entrada. De&hellip;\n","protected":false},"author":2,"featured_media":128635,"comment_status":"","ping_status":"","sticky":false,"template":"","format":"standard","meta":{"footnotes":""},"categories":[84],"tags":[6059,109,107,108,13,32,33,2788,29304,105,103,104,954,106,110],"class_list":{"0":"post-128634","1":"post","2":"type-post","3":"status-publish","4":"format-standard","5":"has-post-thumbnail","7":"category-ciencia-e-tecnologia","8":"tag-bateria","9":"tag-ciencia","10":"tag-ciencia-e-tecnologia","11":"tag-cienciaetecnologia","12":"tag-noticias","13":"tag-portugal","14":"tag-pt","15":"tag-realme","16":"tag-realme-c85-pro","17":"tag-science","18":"tag-science-and-technology","19":"tag-scienceandtechnology","20":"tag-smartphones","21":"tag-technology","22":"tag-tecnologia"},"share_on_mastodon":{"url":"https:\/\/pubeurope.com\/@pt\/115447266430895863","error":""},"_links":{"self":[{"href":"https:\/\/www.europesays.com\/pt\/wp-json\/wp\/v2\/posts\/128634","targetHints":{"allow":["GET"]}}],"collection":[{"href":"https:\/\/www.europesays.com\/pt\/wp-json\/wp\/v2\/posts"}],"about":[{"href":"https:\/\/www.europesays.com\/pt\/wp-json\/wp\/v2\/types\/post"}],"author":[{"embeddable":true,"href":"https:\/\/www.europesays.com\/pt\/wp-json\/wp\/v2\/users\/2"}],"replies":[{"embeddable":true,"href":"https:\/\/www.europesays.com\/pt\/wp-json\/wp\/v2\/comments?post=128634"}],"version-history":[{"count":0,"href":"https:\/\/www.europesays.com\/pt\/wp-json\/wp\/v2\/posts\/128634\/revisions"}],"wp:featuredmedia":[{"embeddable":true,"href":"https:\/\/www.europesays.com\/pt\/wp-json\/wp\/v2\/media\/128635"}],"wp:attachment":[{"href":"https:\/\/www.europesays.com\/pt\/wp-json\/wp\/v2\/media?parent=128634"}],"wp:term":[{"taxonomy":"category","embeddable":true,"href":"https:\/\/www.europesays.com\/pt\/wp-json\/wp\/v2\/categories?post=128634"},{"taxonomy":"post_tag","embeddable":true,"href":"https:\/\/www.europesays.com\/pt\/wp-json\/wp\/v2\/tags?post=128634"}],"curies":[{"name":"wp","href":"https:\/\/api.w.org\/{rel}","templated":true}]}}