{"id":128674,"date":"2025-10-27T17:48:10","date_gmt":"2025-10-27T17:48:10","guid":{"rendered":"https:\/\/www.europesays.com\/pt\/128674\/"},"modified":"2025-10-27T17:48:10","modified_gmt":"2025-10-27T17:48:10","slug":"as-duas-razoes-que-levam-nelly-furtado-a-deixar-os-palcos","status":"publish","type":"post","link":"https:\/\/www.europesays.com\/pt\/128674\/","title":{"rendered":"As duas raz\u00f5es que levam Nelly Furtado a deixar os palcos"},"content":{"rendered":"<p data-remotead-prev-elm=\"true\" data-remotead-elm-id=\"inread\">&#8220;Decidi afastar-me dos espet\u00e1culos num futuro pr\u00f3ximo e procurar outros projetos criativos e pessoais que considero serem mais adequados para esta pr\u00f3xima fase da minha vida&#8221;, anunciou Nelly Furtado nas suas redes sociais, este fim de semana. N\u00e3o detalhou os caminhos para onde segue, mas promete novas ideias e novas metas a t\u00edtulo individual enquanto faz balan\u00e7o de um percurso de 25 anos do qual gostou, e acrescentou: &#8220;ainda adoro escrever m\u00fasica porque sempre olhei para isso como um hobby que tive a sorte de transformar em carreira&#8221;.<\/p>\n<p>Na mesma nota, a lusodescendente revela que olhar\u00e1 sempre para si pr\u00f3pria como &#8220;compositora&#8221; e diz agradecer &#8220;todos os anos de divers\u00e3o, comunidade e admira\u00e7\u00e3o&#8221; que mereceu.<\/p>\n<p>Para dar esta novidade, Nelly Furtado, de 46 anos, recorreu a uma imagem dela de h\u00e1 25 anos, quando deu os primeiros passos e lan\u00e7ou o \u00e1lbum Whoa, Nelly!. Agora, um ano depois de ter lan\u00e7ado o seu s\u00e9timo trabalho, anuncia pausa.<\/p>\n<p>Recorde-se que, em janeiro \u00faltimo, a cantora falou e denunciou as press\u00f5es que estava sentir em torno da sua apar\u00eancia f\u00edsica e que disse virem da ind\u00fastria da m\u00fasica. &#8220;Este ano, tomei consci\u00eancia da press\u00e3o est\u00e9tica do meu trabalho de uma maneira totalmente nova e, ao mesmo tempo, experimentei novos n\u00edveis de amor-pr\u00f3prio e verdadeira confian\u00e7a interior&#8221;. Na mesma nota, a cantora explicou que &#8220;nunca&#8221; fez &#8220;nenhuma cirurgia facial ou corporal, exceto nos dentes, muito recentemente&#8221;. Nessa mesma mensagem de in\u00edcio de ano, Nelly Furtado deixava recomenda\u00e7\u00f5es a todos. &#8220;Seja livre, celebre a sua individualidade e saiba que \u00e9 perfeitamente normal estar bem com o reflexo do espelho&#8221;, escreveu.<\/p>\n","protected":false},"excerpt":{"rendered":"&#8220;Decidi afastar-me dos espet\u00e1culos num futuro pr\u00f3ximo e procurar outros projetos criativos e pessoais que considero serem mais&hellip;\n","protected":false},"author":2,"featured_media":128675,"comment_status":"","ping_status":"","sticky":false,"template":"","format":"standard","meta":{"footnotes":""},"categories":[85],"tags":[8161,20491,114,115,8451,7819,32,33],"class_list":{"0":"post-128674","1":"post","2":"type-post","3":"status-publish","4":"format-standard","5":"has-post-thumbnail","7":"category-entretenimento","8":"tag-carreira","9":"tag-delas","10":"tag-entertainment","11":"tag-entretenimento","12":"tag-nelly-furtado","13":"tag-pausa","14":"tag-portugal","15":"tag-pt"},"share_on_mastodon":{"url":"https:\/\/pubeurope.com\/@pt\/115447392241967942","error":""},"_links":{"self":[{"href":"https:\/\/www.europesays.com\/pt\/wp-json\/wp\/v2\/posts\/128674","targetHints":{"allow":["GET"]}}],"collection":[{"href":"https:\/\/www.europesays.com\/pt\/wp-json\/wp\/v2\/posts"}],"about":[{"href":"https:\/\/www.europesays.com\/pt\/wp-json\/wp\/v2\/types\/post"}],"author":[{"embeddable":true,"href":"https:\/\/www.europesays.com\/pt\/wp-json\/wp\/v2\/users\/2"}],"replies":[{"embeddable":true,"href":"https:\/\/www.europesays.com\/pt\/wp-json\/wp\/v2\/comments?post=128674"}],"version-history":[{"count":0,"href":"https:\/\/www.europesays.com\/pt\/wp-json\/wp\/v2\/posts\/128674\/revisions"}],"wp:featuredmedia":[{"embeddable":true,"href":"https:\/\/www.europesays.com\/pt\/wp-json\/wp\/v2\/media\/128675"}],"wp:attachment":[{"href":"https:\/\/www.europesays.com\/pt\/wp-json\/wp\/v2\/media?parent=128674"}],"wp:term":[{"taxonomy":"category","embeddable":true,"href":"https:\/\/www.europesays.com\/pt\/wp-json\/wp\/v2\/categories?post=128674"},{"taxonomy":"post_tag","embeddable":true,"href":"https:\/\/www.europesays.com\/pt\/wp-json\/wp\/v2\/tags?post=128674"}],"curies":[{"name":"wp","href":"https:\/\/api.w.org\/{rel}","templated":true}]}}