{"id":128687,"date":"2025-10-27T17:56:14","date_gmt":"2025-10-27T17:56:14","guid":{"rendered":"https:\/\/www.europesays.com\/pt\/128687\/"},"modified":"2025-10-27T17:56:14","modified_gmt":"2025-10-27T17:56:14","slug":"vermelho-e-a-cor-mais-quente-em-apartamento-sofisticadissimo-yearbook","status":"publish","type":"post","link":"https:\/\/www.europesays.com\/pt\/128687\/","title":{"rendered":"Vermelho \u00e9 a cor mais quente em apartamento sofisticad\u00edssimo | Yearbook"},"content":{"rendered":"\n<p class=\" content-text__container theme-color-primary-first-letter\" data-track-category=\"Link no Texto\" data-track-links=\"\"> <a class=\"\" href=\"https:\/\/casavogue.globo.com\/Interiores\/Ambientes\/noticia\/2018\/02\/10-salas-de-jantar-decoradas-com-vermelho.html\" rel=\"nofollow noopener\" target=\"_blank\">Vermelho<\/a> \u00e9 o matiz favorito do propriet\u00e1rio deste apartamento de 655 m\u00b2 em S\u00e3o Paulo. Por isso, foi sutilmente inclu\u00eddo no projeto de est\u00e9tica silenciosa do <a class=\"\" href=\"https:\/\/www.instagram.com\/studiomk27\/\" target=\"_blank\" rel=\"nofollow noopener\">Studio MK27<\/a>, liderado pelo arquiteto Marcio Kogan. A atmosfera calorosa se deve tamb\u00e9m \u00e0 decora\u00e7\u00e3o afetiva, materializada em estantes que exibem a cole\u00e7\u00e3o de objetos e livros mais preciosos da fam\u00edlia. <\/p>\n<p> <script async src=\"\/\/www.instagram.com\/embed.js\"><\/script><\/p>\n","protected":false},"excerpt":{"rendered":"Vermelho \u00e9 o matiz favorito do propriet\u00e1rio deste apartamento de 655 m\u00b2 em S\u00e3o Paulo. Por isso, foi&hellip;\n","protected":false},"author":2,"featured_media":128688,"comment_status":"","ping_status":"","sticky":false,"template":"","format":"standard","meta":{"footnotes":""},"categories":[144],"tags":[207,205,206,203,201,202,204,114,115,32,33],"class_list":{"0":"post-128687","1":"post","2":"type-post","3":"status-publish","4":"format-standard","5":"has-post-thumbnail","7":"category-arte-e-design","8":"tag-arte","9":"tag-arte-e-design","10":"tag-artedesign","11":"tag-arts","12":"tag-arts-and-design","13":"tag-artsanddesign","14":"tag-design","15":"tag-entertainment","16":"tag-entretenimento","17":"tag-portugal","18":"tag-pt"},"share_on_mastodon":{"url":"https:\/\/pubeurope.com\/@pt\/115447423553136907","error":""},"_links":{"self":[{"href":"https:\/\/www.europesays.com\/pt\/wp-json\/wp\/v2\/posts\/128687","targetHints":{"allow":["GET"]}}],"collection":[{"href":"https:\/\/www.europesays.com\/pt\/wp-json\/wp\/v2\/posts"}],"about":[{"href":"https:\/\/www.europesays.com\/pt\/wp-json\/wp\/v2\/types\/post"}],"author":[{"embeddable":true,"href":"https:\/\/www.europesays.com\/pt\/wp-json\/wp\/v2\/users\/2"}],"replies":[{"embeddable":true,"href":"https:\/\/www.europesays.com\/pt\/wp-json\/wp\/v2\/comments?post=128687"}],"version-history":[{"count":0,"href":"https:\/\/www.europesays.com\/pt\/wp-json\/wp\/v2\/posts\/128687\/revisions"}],"wp:featuredmedia":[{"embeddable":true,"href":"https:\/\/www.europesays.com\/pt\/wp-json\/wp\/v2\/media\/128688"}],"wp:attachment":[{"href":"https:\/\/www.europesays.com\/pt\/wp-json\/wp\/v2\/media?parent=128687"}],"wp:term":[{"taxonomy":"category","embeddable":true,"href":"https:\/\/www.europesays.com\/pt\/wp-json\/wp\/v2\/categories?post=128687"},{"taxonomy":"post_tag","embeddable":true,"href":"https:\/\/www.europesays.com\/pt\/wp-json\/wp\/v2\/tags?post=128687"}],"curies":[{"name":"wp","href":"https:\/\/api.w.org\/{rel}","templated":true}]}}