{"id":128717,"date":"2025-10-27T18:24:10","date_gmt":"2025-10-27T18:24:10","guid":{"rendered":"https:\/\/www.europesays.com\/pt\/128717\/"},"modified":"2025-10-27T18:24:10","modified_gmt":"2025-10-27T18:24:10","slug":"neta-de-cavaco-silva-e-kyle-quest-trocam-aliancas-na-zambujeira-do-mar","status":"publish","type":"post","link":"https:\/\/www.europesays.com\/pt\/128717\/","title":{"rendered":"Neta de Cavaco Silva e Kyle Quest trocam alian\u00e7as na Zambujeira do Mar"},"content":{"rendered":"<p data-remotead-prev-elm=\"true\" data-remotead-elm-id=\"inread\">A fam\u00edlia Cavaco Sila Montez voltou a reunir-se em clima de celebra\u00e7\u00e3o. Mariana Montez, a neta mais velha do antigo Presidente da Rep\u00fablica, An\u00edbal Cavaco Silva, casou-se no s\u00e1bado com o m\u00fasico Diogo Calheiros Braga, conhecido no meio art\u00edstico como Kyle Quest.<\/p>\n<p><img decoding=\"async\" class=\"ngx-body\" guid=\"7e556e4d-ff45-4fbb-aef2-de3b373ea7df\" src=\"https:\/\/www.europesays.com\/pt\/wp-content\/uploads\/2025\/10\/1761589449_423_image.jpg\" width=\"100%\"\/><\/p>\n<p>O enlace religioso teve lugar na Capela de Nossa Senhora do Mar, na Zambujeira do Mar, num cen\u00e1rio banhado pelo sol e pela brisa atl\u00e2ntica, que acolheu uma multid\u00e3o de convidados.<\/p>\n<p data-remotead-prev-elm=\"true\" data-remotead-elm-id=\"centro1\">Apesar da pequena dimens\u00e3o da capela, muitos assistiram \u00e0 cerim\u00f3nia do lado de fora, onde se ouviram aplausos e m\u00fasica quando os noivos sa\u00edram. Entre os presentes estiveram v\u00e1rias figuras conhecidas do meio art\u00edstico e digital, como Concha de Lima Mayer, Catarina Maia, Maria Morango e Vera Moura, amigas pr\u00f3ximas da noiva.<\/p>\n<p>Um vestido rom\u00e2ntico e cheio de pormenores<\/p>\n<p>Para o grande dia, Mariana escolheu um vestido criado pela marca Wheat &amp; Rose Bridal Studio. O modelo, de linhas simples e rom\u00e2nticas, era composto por uma saia branca at\u00e9 ao ch\u00e3o e um corpete detalhado, real\u00e7ado por uma grande flor no centro.<\/p>\n<p>\u00c0 noite, a noiva acrescentou apenas umas mangas, mantendo o mesmo vestido. O v\u00e9u de renda, ca\u00eddo at\u00e9 aos p\u00e9s, e um colar dourado completaram o visual elegante.<\/p>\n<blockquote data-type=\"articles\" data-id=\"related-article-17762282\"><p>\n              <strong>Leia tamb\u00e9m <\/strong><br \/>\n              <a href=\"https:\/\/www.jn.pt\/pessoas\/artigo\/maria-e-anibal-cavaco-silva-somos-dois-mas-somos-um\/17762282\" rel=\"nofollow noopener\" target=\"_blank\">Maria e An\u00edbal Cavaco Silva: \u201cSomos dois, mas somos um\u201d<\/a>\n            <\/p><\/blockquote>\n<p>A festa prolongou-se pela noite dentro, entre m\u00fasica, dan\u00e7a e boa disposi\u00e7\u00e3o. J\u00e1 como Mariana Montez Calheiros Braga, a noiva mostrou-se sorridente nas imagens partilhadas por amigos nas redes sociais.<\/p>\n<p>Durante a festa, os pais da noiva, Lu\u00eds Montez e Patr\u00edcia Cavaco Silva, subiram ao palco para homenagear os rec\u00e9m-casados. O gesto foi recebido com aplausos e sorrisos, refor\u00e7ando o clima de intimidade e afeto que marcou toda a celebra\u00e7\u00e3o.<\/p>\n<p data-remotead-prev-elm=\"true\" data-remotead-elm-id=\"centro3\"><img decoding=\"async\" class=\"ngx-body\" guid=\"ea90f7cc-ce95-4816-b9ef-9a6b88af3943\" src=\"https:\/\/www.europesays.com\/pt\/wp-content\/uploads\/2025\/10\/1761589450_410_image.jpg\" width=\"100%\"\/><\/p>\n<p>A rela\u00e7\u00e3o tornou-se p\u00fablica em 2020 e, desde ent\u00e3o, Mariana e Diogo t\u00eam partilhado v\u00e1rios momentos juntos. Ele, artista de 28 anos, lan\u00e7ou recentemente o \u00e1lbum &#8220;Cicatrizes Deluxo&#8221;; ela, formada em Design, trabalha com o pai, Lu\u00eds Montez, na empresa M\u00fasica no Cora\u00e7\u00e3o.<\/p>\n","protected":false},"excerpt":{"rendered":"A fam\u00edlia Cavaco Sila Montez voltou a reunir-se em clima de celebra\u00e7\u00e3o. Mariana Montez, a neta mais velha&hellip;\n","protected":false},"author":2,"featured_media":128718,"comment_status":"","ping_status":"","sticky":false,"template":"","format":"standard","meta":{"footnotes":""},"categories":[85],"tags":[1435,29297,114,115,29306,29307,29298,712,32,33,11876],"class_list":{"0":"post-128717","1":"post","2":"type-post","3":"status-publish","4":"format-standard","5":"has-post-thumbnail","7":"category-entretenimento","8":"tag-casamento","9":"tag-cavaco-silva","10":"tag-entertainment","11":"tag-entretenimento","12":"tag-kyle-quest","13":"tag-luis-montez","14":"tag-mariana-montez","15":"tag-pessoas","16":"tag-portugal","17":"tag-pt","18":"tag-zambujeira-do-mar"},"share_on_mastodon":{"url":"https:\/\/pubeurope.com\/@pt\/115447534098983506","error":""},"_links":{"self":[{"href":"https:\/\/www.europesays.com\/pt\/wp-json\/wp\/v2\/posts\/128717","targetHints":{"allow":["GET"]}}],"collection":[{"href":"https:\/\/www.europesays.com\/pt\/wp-json\/wp\/v2\/posts"}],"about":[{"href":"https:\/\/www.europesays.com\/pt\/wp-json\/wp\/v2\/types\/post"}],"author":[{"embeddable":true,"href":"https:\/\/www.europesays.com\/pt\/wp-json\/wp\/v2\/users\/2"}],"replies":[{"embeddable":true,"href":"https:\/\/www.europesays.com\/pt\/wp-json\/wp\/v2\/comments?post=128717"}],"version-history":[{"count":0,"href":"https:\/\/www.europesays.com\/pt\/wp-json\/wp\/v2\/posts\/128717\/revisions"}],"wp:featuredmedia":[{"embeddable":true,"href":"https:\/\/www.europesays.com\/pt\/wp-json\/wp\/v2\/media\/128718"}],"wp:attachment":[{"href":"https:\/\/www.europesays.com\/pt\/wp-json\/wp\/v2\/media?parent=128717"}],"wp:term":[{"taxonomy":"category","embeddable":true,"href":"https:\/\/www.europesays.com\/pt\/wp-json\/wp\/v2\/categories?post=128717"},{"taxonomy":"post_tag","embeddable":true,"href":"https:\/\/www.europesays.com\/pt\/wp-json\/wp\/v2\/tags?post=128717"}],"curies":[{"name":"wp","href":"https:\/\/api.w.org\/{rel}","templated":true}]}}