{"id":128721,"date":"2025-10-27T18:27:09","date_gmt":"2025-10-27T18:27:09","guid":{"rendered":"https:\/\/www.europesays.com\/pt\/128721\/"},"modified":"2025-10-27T18:27:09","modified_gmt":"2025-10-27T18:27:09","slug":"portugues-detido-nas-asturias-por-matar-mineiro-reformado-a-pancada","status":"publish","type":"post","link":"https:\/\/www.europesays.com\/pt\/128721\/","title":{"rendered":"Portugu\u00eas detido nas Ast\u00farias por matar mineiro reformado \u00e0 pancada"},"content":{"rendered":"<p data-remotead-prev-elm=\"true\" data-remotead-elm-id=\"inread\">De acordo com a imprensa local, a v\u00edtima e o agressor, conhecido como &#8220;El Portugu\u00e9s&#8221;, travaram-se de raz\u00f5es num bar da localidade e, ap\u00f3s a agress\u00e3o a soco, pontap\u00e9 e \u00e0 paulada, Cristino Prendes necessitou da ajuda de um familiar para chegar a casa, a cerca de 300 metros do local. A esposa n\u00e3o estava na resid\u00eancia e, quando chegou, encontrou-o &#8220;encolhido na cama&#8221;, dizendo que estava bem e que iria recuperar.<\/p>\n<p>O alegado autor do crime foi detido na tarde de domingo por agentes da Guarda Civil. Testemunhas relatam que o agressor continuou a atacar a v\u00edtima mesmo depois de esta cair ao ch\u00e3o. Inicialmente, ao jovem foi imputado um crime de ofensas \u00e0 integridade f\u00edsica, mas, ap\u00f3s a aut\u00f3psia confirmar que se tratou de &#8220;uma morte violenta de etiologia homicida&#8221;, dever\u00e1 enfrentar acusa\u00e7\u00f5es de homic\u00eddio.<\/p>\n<p>O jovem detido reside em Barredos h\u00e1 poucos meses e tem poucos la\u00e7os com a comunidade.<\/p>\n<p><strong>Indigna\u00e7\u00e3o<\/strong><\/p>\n<p data-remotead-prev-elm=\"true\" data-remotead-elm-id=\"centro1\">A fam\u00edlia, &#8220;destro\u00e7ada&#8221; pela perda, n\u00e3o compreende a rea\u00e7\u00e3o violenta do agressor e, em Barredos, a morte de &#8220;Lupo&#8221; gerou uma enorme consterna\u00e7\u00e3o, que se transformou em indigna\u00e7\u00e3o. Familiares e amigos consideram que &#8220;n\u00e3o se pode dar uma tareia de morte a uma pessoa simplesmente por ela estar a incomodar&#8221;.<\/p>\n<p>Amigos e vizinhos aceitavam as extravag\u00e2ncias de &#8220;Lupo&#8221;, descrito como &#8220;muito querido&#8221;, &#8220;simp\u00e1tico&#8221;, &#8220;carinhoso e boa gente&#8221;. Colaborava com a associa\u00e7\u00e3o de vizinhos e era &#8220;muito prest\u00e1vel e atencioso&#8221;.<\/p>\n<p>O funeral de Cristino Prendes realizar-se-\u00e1 esta segunda-feira, na igreja paroquial de Barredos. O corpo n\u00e3o pode ser cremado por mandado judicial, face \u00e0 possibilidade de ser necess\u00e1ria uma aut\u00f3psia exumat\u00f3ria.<\/p>\n","protected":false},"excerpt":{"rendered":"De acordo com a imprensa local, a v\u00edtima e o agressor, conhecido como &#8220;El Portugu\u00e9s&#8221;, travaram-se de raz\u00f5es&hellip;\n","protected":false},"author":2,"featured_media":128722,"comment_status":"","ping_status":"","sticky":false,"template":"","format":"standard","meta":{"footnotes":""},"categories":[50],"tags":[29312,29311,27,28,16610,15,16,14,603,25,26,21,22,62,12,13,19,20,13138,23,24,17,18,29,30,31,63,64,65],"class_list":{"0":"post-128721","1":"post","2":"type-post","3":"status-publish","4":"format-standard","5":"has-post-thumbnail","7":"category-mundo","8":"tag-asturias","9":"tag-barredos","10":"tag-breaking-news","11":"tag-breakingnews","12":"tag-detido","13":"tag-featured-news","14":"tag-featurednews","15":"tag-headlines","16":"tag-justica","17":"tag-latest-news","18":"tag-latestnews","19":"tag-main-news","20":"tag-mainnews","21":"tag-mundo","22":"tag-news","23":"tag-noticias","24":"tag-noticias-principais","25":"tag-noticiasprincipais","26":"tag-portugues","27":"tag-principais-noticias","28":"tag-principaisnoticias","29":"tag-top-stories","30":"tag-topstories","31":"tag-ultimas","32":"tag-ultimas-noticias","33":"tag-ultimasnoticias","34":"tag-world","35":"tag-world-news","36":"tag-worldnews"},"share_on_mastodon":{"url":"https:\/\/pubeurope.com\/@pt\/115447545398056345","error":""},"_links":{"self":[{"href":"https:\/\/www.europesays.com\/pt\/wp-json\/wp\/v2\/posts\/128721","targetHints":{"allow":["GET"]}}],"collection":[{"href":"https:\/\/www.europesays.com\/pt\/wp-json\/wp\/v2\/posts"}],"about":[{"href":"https:\/\/www.europesays.com\/pt\/wp-json\/wp\/v2\/types\/post"}],"author":[{"embeddable":true,"href":"https:\/\/www.europesays.com\/pt\/wp-json\/wp\/v2\/users\/2"}],"replies":[{"embeddable":true,"href":"https:\/\/www.europesays.com\/pt\/wp-json\/wp\/v2\/comments?post=128721"}],"version-history":[{"count":0,"href":"https:\/\/www.europesays.com\/pt\/wp-json\/wp\/v2\/posts\/128721\/revisions"}],"wp:featuredmedia":[{"embeddable":true,"href":"https:\/\/www.europesays.com\/pt\/wp-json\/wp\/v2\/media\/128722"}],"wp:attachment":[{"href":"https:\/\/www.europesays.com\/pt\/wp-json\/wp\/v2\/media?parent=128721"}],"wp:term":[{"taxonomy":"category","embeddable":true,"href":"https:\/\/www.europesays.com\/pt\/wp-json\/wp\/v2\/categories?post=128721"},{"taxonomy":"post_tag","embeddable":true,"href":"https:\/\/www.europesays.com\/pt\/wp-json\/wp\/v2\/tags?post=128721"}],"curies":[{"name":"wp","href":"https:\/\/api.w.org\/{rel}","templated":true}]}}