{"id":128775,"date":"2025-10-27T19:11:11","date_gmt":"2025-10-27T19:11:11","guid":{"rendered":"https:\/\/www.europesays.com\/pt\/128775\/"},"modified":"2025-10-27T19:11:11","modified_gmt":"2025-10-27T19:11:11","slug":"encontro-com-kim-jong-un-na-asia","status":"publish","type":"post","link":"https:\/\/www.europesays.com\/pt\/128775\/","title":{"rendered":"Encontro com Kim Jong-un na \u00c1sia"},"content":{"rendered":"<p>O Presidente dos Estados Unidos, Donald Trump, considerou esta segunda-feira, 27 de outubro, que o an\u00fancio do hom\u00f3logo russo, Vladimir Putin, sobre a realiza\u00e7\u00e3o do teste de um m\u00edssil de cruzeiro russo de propuls\u00e3o nuclear, &#8220;\u00e9 inoportuno&#8221;.<\/p>\n<p>O Presidente da R\u00fassia &#8220;deveria p\u00f4r fim \u00e0 guerra&#8221; na Ucr\u00e2nia, afirmou o dirigente norte-americano, considerando que &#8220;\u00e9 inadequado da parte de Putin&#8221; anunciar este teste.<\/p>\n<p><strong>\u201cEsta guerra, que deveria durar uma semana, entrar\u00e1 em breve no quarto ano. \u00c9 isso que ele deveria fazer, em vez de testar m\u00edsseis\u201d<\/strong>, disse Trump, aos jornalistas, a bordo do avi\u00e3o que o leva ao Jap\u00e3o, no segundo dia de uma digress\u00e3o pela \u00c1sia.<\/p>\n<p>O Presidente russo anunciou, no domingo, o sucesso do teste final de um m\u00edssil de cruzeiro com propuls\u00e3o nuclear, elogiando a arma, que descreveu como \u00fanica, com um alcance de at\u00e9 14 mil quil\u00f3metros, em resposta ao escudo antim\u00edsseis dos EUA.<\/p>\n","protected":false},"excerpt":{"rendered":"O Presidente dos Estados Unidos, Donald Trump, considerou esta segunda-feira, 27 de outubro, que o an\u00fancio do hom\u00f3logo&hellip;\n","protected":false},"author":2,"featured_media":128776,"comment_status":"","ping_status":"","sticky":false,"template":"","format":"standard","meta":{"footnotes":""},"categories":[50],"tags":[27,28,3459,92,235,15,16,14,25,26,21,22,62,12,13,19,20,23,24,839,17,18,29,30,31,63,64,65],"class_list":{"0":"post-128775","1":"post","2":"type-post","3":"status-publish","4":"format-standard","5":"has-post-thumbnail","7":"category-mundo","8":"tag-breaking-news","9":"tag-breakingnews","10":"tag-coreia-do-norte","11":"tag-donald-trump","12":"tag-estados-unidos","13":"tag-featured-news","14":"tag-featurednews","15":"tag-headlines","16":"tag-latest-news","17":"tag-latestnews","18":"tag-main-news","19":"tag-mainnews","20":"tag-mundo","21":"tag-news","22":"tag-noticias","23":"tag-noticias-principais","24":"tag-noticiasprincipais","25":"tag-principais-noticias","26":"tag-principaisnoticias","27":"tag-russia","28":"tag-top-stories","29":"tag-topstories","30":"tag-ultimas","31":"tag-ultimas-noticias","32":"tag-ultimasnoticias","33":"tag-world","34":"tag-world-news","35":"tag-worldnews"},"share_on_mastodon":{"url":"https:\/\/pubeurope.com\/@pt\/115447718419951550","error":""},"_links":{"self":[{"href":"https:\/\/www.europesays.com\/pt\/wp-json\/wp\/v2\/posts\/128775","targetHints":{"allow":["GET"]}}],"collection":[{"href":"https:\/\/www.europesays.com\/pt\/wp-json\/wp\/v2\/posts"}],"about":[{"href":"https:\/\/www.europesays.com\/pt\/wp-json\/wp\/v2\/types\/post"}],"author":[{"embeddable":true,"href":"https:\/\/www.europesays.com\/pt\/wp-json\/wp\/v2\/users\/2"}],"replies":[{"embeddable":true,"href":"https:\/\/www.europesays.com\/pt\/wp-json\/wp\/v2\/comments?post=128775"}],"version-history":[{"count":0,"href":"https:\/\/www.europesays.com\/pt\/wp-json\/wp\/v2\/posts\/128775\/revisions"}],"wp:featuredmedia":[{"embeddable":true,"href":"https:\/\/www.europesays.com\/pt\/wp-json\/wp\/v2\/media\/128776"}],"wp:attachment":[{"href":"https:\/\/www.europesays.com\/pt\/wp-json\/wp\/v2\/media?parent=128775"}],"wp:term":[{"taxonomy":"category","embeddable":true,"href":"https:\/\/www.europesays.com\/pt\/wp-json\/wp\/v2\/categories?post=128775"},{"taxonomy":"post_tag","embeddable":true,"href":"https:\/\/www.europesays.com\/pt\/wp-json\/wp\/v2\/tags?post=128775"}],"curies":[{"name":"wp","href":"https:\/\/api.w.org\/{rel}","templated":true}]}}