{"id":128777,"date":"2025-10-27T19:14:09","date_gmt":"2025-10-27T19:14:09","guid":{"rendered":"https:\/\/www.europesays.com\/pt\/128777\/"},"modified":"2025-10-27T19:14:09","modified_gmt":"2025-10-27T19:14:09","slug":"maira-cardi-visita-filha-recem-nascida-na-uti-e-lamenta-situacao","status":"publish","type":"post","link":"https:\/\/www.europesays.com\/pt\/128777\/","title":{"rendered":"Ma\u00edra Cardi visita filha rec\u00e9m-nascida na UTI e lamenta situa\u00e7\u00e3o"},"content":{"rendered":"<p>\n\t\t\t\tMa\u00edra Cardi visita filha rec\u00e9m-nascida na UTI e lamenta situa\u00e7\u00e3o: \u201cN\u00e3o consegui ficar\u201d<br \/>\n\t\t\t\tMa\u00edra Cardi visita filha rec\u00e9m-nascida na UTI e lamenta situa\u00e7\u00e3o: \u201cN\u00e3o consegui ficar\u201d<br \/>\n\t\t\t\tMa\u00edra Cardi visita filha rec\u00e9m-nascida na UTI e lamenta situa\u00e7\u00e3o: \u201cN\u00e3o consegui ficar\u201d<br \/>\n\t\t\t\tMa\u00edra Cardi visita filha rec\u00e9m-nascida na UTI e lamenta situa\u00e7\u00e3o: \u201cN\u00e3o consegui ficar\u201d\n\t\t\t<\/p>\n<p>\t\t\t1.0x\t\t<\/p>\n","protected":false},"excerpt":{"rendered":"Ma\u00edra Cardi visita filha rec\u00e9m-nascida na UTI e lamenta situa\u00e7\u00e3o: \u201cN\u00e3o consegui ficar\u201d Ma\u00edra Cardi visita filha rec\u00e9m-nascida&hellip;\n","protected":false},"author":2,"featured_media":128778,"comment_status":"","ping_status":"","sticky":false,"template":"","format":"standard","meta":{"footnotes":""},"categories":[145],"tags":[211,210,114,115,7142,32,33,7143,9661],"class_list":{"0":"post-128777","1":"post","2":"type-post","3":"status-publish","4":"format-standard","5":"has-post-thumbnail","7":"category-celebridades","8":"tag-celebridades","9":"tag-celebrities","10":"tag-entertainment","11":"tag-entretenimento","12":"tag-maira-cardi","13":"tag-portugal","14":"tag-pt","15":"tag-thiago-nigro","16":"tag-uti"},"share_on_mastodon":{"url":"https:\/\/pubeurope.com\/@pt\/115447730163595381","error":""},"_links":{"self":[{"href":"https:\/\/www.europesays.com\/pt\/wp-json\/wp\/v2\/posts\/128777","targetHints":{"allow":["GET"]}}],"collection":[{"href":"https:\/\/www.europesays.com\/pt\/wp-json\/wp\/v2\/posts"}],"about":[{"href":"https:\/\/www.europesays.com\/pt\/wp-json\/wp\/v2\/types\/post"}],"author":[{"embeddable":true,"href":"https:\/\/www.europesays.com\/pt\/wp-json\/wp\/v2\/users\/2"}],"replies":[{"embeddable":true,"href":"https:\/\/www.europesays.com\/pt\/wp-json\/wp\/v2\/comments?post=128777"}],"version-history":[{"count":0,"href":"https:\/\/www.europesays.com\/pt\/wp-json\/wp\/v2\/posts\/128777\/revisions"}],"wp:featuredmedia":[{"embeddable":true,"href":"https:\/\/www.europesays.com\/pt\/wp-json\/wp\/v2\/media\/128778"}],"wp:attachment":[{"href":"https:\/\/www.europesays.com\/pt\/wp-json\/wp\/v2\/media?parent=128777"}],"wp:term":[{"taxonomy":"category","embeddable":true,"href":"https:\/\/www.europesays.com\/pt\/wp-json\/wp\/v2\/categories?post=128777"},{"taxonomy":"post_tag","embeddable":true,"href":"https:\/\/www.europesays.com\/pt\/wp-json\/wp\/v2\/tags?post=128777"}],"curies":[{"name":"wp","href":"https:\/\/api.w.org\/{rel}","templated":true}]}}