{"id":128813,"date":"2025-10-27T19:41:18","date_gmt":"2025-10-27T19:41:18","guid":{"rendered":"https:\/\/www.europesays.com\/pt\/128813\/"},"modified":"2025-10-27T19:41:18","modified_gmt":"2025-10-27T19:41:18","slug":"estafeta-tirava-iphones-das-embalagens-antes-de-as-entregar-aos-destinatarios","status":"publish","type":"post","link":"https:\/\/www.europesays.com\/pt\/128813\/","title":{"rendered":"Estafeta tirava iPhones das embalagens antes de as entregar aos destinat\u00e1rios"},"content":{"rendered":"<p data-remotead-prev-elm=\"true\" data-remotead-elm-id=\"inread\">Segundo um comunicado da PSP, &#8220;o suspeito, que trabalhava numa empresa de distribui\u00e7\u00e3o, antes de entregar as encomendas \u00e0 sua responsabilidade, abria as embalagens e retirava parte do conte\u00fado das mesmas. Posteriormente entregava ao destinat\u00e1rio a embalagem selada, mas com diverso material tecnol\u00f3gico em falta&#8221;.<\/p>\n<p>A PSP teve conhecimento de v\u00e1rios il\u00edcitos deste g\u00e9nero e moveu &#8220;imediatas e incans\u00e1veis dilig\u00eancias com vista \u00e0 localiza\u00e7\u00e3o do suspeito&#8221;. Conseguiram intercetar o suspeito na posse de seis telem\u00f3veis iPhones, ainda embalados e etiquetados, que deveriam ter sido entregues ao destinat\u00e1rio.<\/p>\n<p>No decurso das dilig\u00eancias, recuperaram-se um total de 16 iphones, um computador MacBook e um iPad, no valor total de aproximadamente 10 mil euros, todos eles furtados e alguns j\u00e1 revendidos. O suspeito foi apresentado a primeiro interrogat\u00f3rio judicial e ficou com apresenta\u00e7\u00f5es semanais.<\/p>\n<p>No processo foram ainda constitu\u00eddos arguidos tr\u00eas homens por suspeita dos crimes de receta\u00e7\u00e3o do material furtado.<\/p>\n","protected":false},"excerpt":{"rendered":"Segundo um comunicado da PSP, &#8220;o suspeito, que trabalhava numa empresa de distribui\u00e7\u00e3o, antes de entregar as encomendas&hellip;\n","protected":false},"author":2,"featured_media":128814,"comment_status":"","ping_status":"","sticky":false,"template":"","format":"standard","meta":{"footnotes":""},"categories":[10],"tags":[27,28,15,16,24363,14,603,25,26,21,22,12,13,19,20,32,23,24,33,4057,17,18,29,30,31],"class_list":{"0":"post-128813","1":"post","2":"type-post","3":"status-publish","4":"format-standard","5":"has-post-thumbnail","7":"category-portugal","8":"tag-breaking-news","9":"tag-breakingnews","10":"tag-featured-news","11":"tag-featurednews","12":"tag-furto","13":"tag-headlines","14":"tag-justica","15":"tag-latest-news","16":"tag-latestnews","17":"tag-main-news","18":"tag-mainnews","19":"tag-news","20":"tag-noticias","21":"tag-noticias-principais","22":"tag-noticiasprincipais","23":"tag-portugal","24":"tag-principais-noticias","25":"tag-principaisnoticias","26":"tag-pt","27":"tag-telemoveis","28":"tag-top-stories","29":"tag-topstories","30":"tag-ultimas","31":"tag-ultimas-noticias","32":"tag-ultimasnoticias"},"share_on_mastodon":{"url":"https:\/\/pubeurope.com\/@pt\/115447836756853490","error":""},"_links":{"self":[{"href":"https:\/\/www.europesays.com\/pt\/wp-json\/wp\/v2\/posts\/128813","targetHints":{"allow":["GET"]}}],"collection":[{"href":"https:\/\/www.europesays.com\/pt\/wp-json\/wp\/v2\/posts"}],"about":[{"href":"https:\/\/www.europesays.com\/pt\/wp-json\/wp\/v2\/types\/post"}],"author":[{"embeddable":true,"href":"https:\/\/www.europesays.com\/pt\/wp-json\/wp\/v2\/users\/2"}],"replies":[{"embeddable":true,"href":"https:\/\/www.europesays.com\/pt\/wp-json\/wp\/v2\/comments?post=128813"}],"version-history":[{"count":0,"href":"https:\/\/www.europesays.com\/pt\/wp-json\/wp\/v2\/posts\/128813\/revisions"}],"wp:featuredmedia":[{"embeddable":true,"href":"https:\/\/www.europesays.com\/pt\/wp-json\/wp\/v2\/media\/128814"}],"wp:attachment":[{"href":"https:\/\/www.europesays.com\/pt\/wp-json\/wp\/v2\/media?parent=128813"}],"wp:term":[{"taxonomy":"category","embeddable":true,"href":"https:\/\/www.europesays.com\/pt\/wp-json\/wp\/v2\/categories?post=128813"},{"taxonomy":"post_tag","embeddable":true,"href":"https:\/\/www.europesays.com\/pt\/wp-json\/wp\/v2\/tags?post=128813"}],"curies":[{"name":"wp","href":"https:\/\/api.w.org\/{rel}","templated":true}]}}