{"id":128817,"date":"2025-10-27T19:43:08","date_gmt":"2025-10-27T19:43:08","guid":{"rendered":"https:\/\/www.europesays.com\/pt\/128817\/"},"modified":"2025-10-27T19:43:08","modified_gmt":"2025-10-27T19:43:08","slug":"mauricio-meirelles-cancela-show-por-embriaguez-e-se-pronuncia","status":"publish","type":"post","link":"https:\/\/www.europesays.com\/pt\/128817\/","title":{"rendered":"Maur\u00edcio Meirelles cancela show por embriaguez e se pronuncia"},"content":{"rendered":"<p>\n                        Humorista iria se apresentar no Shopping Eldorado, em S\u00e3o Paulo, mas n\u00e3o subiu ao palco. Cerca de 800 pessoas aguardavam na plateia\n                    <\/p>\n<ul class=\"article__header__author\">\n<li class=\"article__header__author__item\">\n                                                Por:<br \/>\n                                                                                    Maria Fernanda Viana\n                                                                        <\/li>\n<\/ul>\n<p class=\"text\"><b>Maur\u00edcio Meirelles<\/b> usou as redes sociais nesta segunda-feira, 27, para falar sobre o cancelamento de seu show marcado para o \u00faltimo s\u00e1bado, 25.<\/p>\n<p class=\"text\">O humorista afirmou que a apresenta\u00e7\u00e3o, que iria acontecer no Shopping Eldorado, em S\u00e3o Paulo, foi cancelada por ele <b>estar embriagado. <\/b><\/p>\n<p class=\"text\">Em seu Instagram, ele disse que passou o domingo, 26, mandando mensagens para as pessoas que estavam presentes na apresenta\u00e7\u00e3o.<\/p>\n<p class=\"text\">&#8220;Muita gente ficou preocupada e outras chateadas. Basicamente, as pessoas foram ao meu show e eu n\u00e3o. Eu estou tomando um rem\u00e9dio para ins\u00f4nia, que n\u00e3o pode misturar com \u00e1lcool. Eu desdenhei dessa situa\u00e7\u00e3o e infelizmente misturei. Potencializou e deu nesse problema todo&#8221;, relatou.<\/p>\n<blockquote class=\"twitter-tweet\" id=\"1982841823984054778?ref_src=twsrc%5Etfw\">\n<p class=\"text\" dir=\"ltr\" lang=\"pt\">Maur\u00edcio Meirelles fala ap\u00f3s cancelar show por estar alterado: &#8216;\u00c1lcool com rem\u00e9dio&#8217;<\/p>\n<p class=\"text\">Fonte: <a href=\"https:\/\/t.co\/FpmAqxm7dH\" target=\"_blank\" rel=\"nofollow\">https:\/\/t.co\/FpmAqxm7dH<\/a> <a href=\"https:\/\/t.co\/1eHSbcyyzJ\" target=\"_blank\" rel=\"nofollow\">pic.twitter.com\/1eHSbcyyzJ<\/a><\/p>\n<p> \u2014 Karly (@karenllyandra) <a href=\"https:\/\/twitter.com\/karenllyandra\/status\/1982841823984054778?ref_src=twsrc%5Etfw\" target=\"_blank\" rel=\"nofollow noopener\">October 27, 2025<\/a>\n<\/p><\/blockquote>\n<p class=\"text\">Cerca de 800 pessoas esperavam pelo show. Meirelles disse que isso nunca aconteceu antes e definiu a situa\u00e7\u00e3o como &#8220;chata para caramba.&#8221;<\/p>\n<p class=\"text\">&#8220;Fiz cagada e pe\u00e7o desculpa. Agora, publicamente, venho falar dessa situa\u00e7\u00e3o, que foi pontual. N\u00e3o quer dizer que eu esteja com problema de bebida. A gente aprende, faz piada, toca a bola para a frente e pede desculpa.&#8221;<\/p>\n<p class=\"text\">O humorista afirmou que ir\u00e1 estornar o dinheiro aos presentes e que ir\u00e1 realizar um novo show gratuito para se desculpar.<\/p>\n<p class=\"text\">*Estagi\u00e1ria sob supervis\u00e3o de Charlise Morais<\/p>\n<p>                            <script async src=\"https:\/\/platform.twitter.com\/widgets.js\" charset=\"utf-8\"><\/script><\/p>\n","protected":false},"excerpt":{"rendered":"Humorista iria se apresentar no Shopping Eldorado, em S\u00e3o Paulo, mas n\u00e3o subiu ao palco. Cerca de 800&hellip;\n","protected":false},"author":2,"featured_media":89585,"comment_status":"","ping_status":"","sticky":false,"template":"","format":"standard","meta":{"footnotes":""},"categories":[145],"tags":[9934,211,210,114,115,29323,32,33],"class_list":{"0":"post-128817","1":"post","2":"type-post","3":"status-publish","4":"format-standard","5":"has-post-thumbnail","7":"category-celebridades","8":"tag-bebida-alcoolica","9":"tag-celebridades","10":"tag-celebrities","11":"tag-entertainment","12":"tag-entretenimento","13":"tag-mauricio-meirelles","14":"tag-portugal","15":"tag-pt"},"share_on_mastodon":{"url":"https:\/\/pubeurope.com\/@pt\/115447844405714185","error":""},"_links":{"self":[{"href":"https:\/\/www.europesays.com\/pt\/wp-json\/wp\/v2\/posts\/128817","targetHints":{"allow":["GET"]}}],"collection":[{"href":"https:\/\/www.europesays.com\/pt\/wp-json\/wp\/v2\/posts"}],"about":[{"href":"https:\/\/www.europesays.com\/pt\/wp-json\/wp\/v2\/types\/post"}],"author":[{"embeddable":true,"href":"https:\/\/www.europesays.com\/pt\/wp-json\/wp\/v2\/users\/2"}],"replies":[{"embeddable":true,"href":"https:\/\/www.europesays.com\/pt\/wp-json\/wp\/v2\/comments?post=128817"}],"version-history":[{"count":0,"href":"https:\/\/www.europesays.com\/pt\/wp-json\/wp\/v2\/posts\/128817\/revisions"}],"wp:featuredmedia":[{"embeddable":true,"href":"https:\/\/www.europesays.com\/pt\/wp-json\/wp\/v2\/media\/89585"}],"wp:attachment":[{"href":"https:\/\/www.europesays.com\/pt\/wp-json\/wp\/v2\/media?parent=128817"}],"wp:term":[{"taxonomy":"category","embeddable":true,"href":"https:\/\/www.europesays.com\/pt\/wp-json\/wp\/v2\/categories?post=128817"},{"taxonomy":"post_tag","embeddable":true,"href":"https:\/\/www.europesays.com\/pt\/wp-json\/wp\/v2\/tags?post=128817"}],"curies":[{"name":"wp","href":"https:\/\/api.w.org\/{rel}","templated":true}]}}