{"id":128818,"date":"2025-10-27T19:44:10","date_gmt":"2025-10-27T19:44:10","guid":{"rendered":"https:\/\/www.europesays.com\/pt\/128818\/"},"modified":"2025-10-27T19:44:10","modified_gmt":"2025-10-27T19:44:10","slug":"as-cores-que-estao-dominando-a-decoracao-em-2025-e-transformando-os-ambientes","status":"publish","type":"post","link":"https:\/\/www.europesays.com\/pt\/128818\/","title":{"rendered":"As cores que est\u00e3o dominando a decora\u00e7\u00e3o em 2025 e transformando os ambientes"},"content":{"rendered":"<p><strong>Em 2025, a decora\u00e7\u00e3o de interiores est\u00e1 mais ousada, emocional e acolhedora.<\/strong> As cores neutras e frias d\u00e3o lugar a tons quentes, naturais e cheios de personalidade. A tend\u00eancia \u00e9 criar espa\u00e7os que transmitam conforto e identidade, refletindo a busca por equil\u00edbrio e conex\u00e3o com a natureza.<\/p>\n<p>Quais s\u00e3o as principais tend\u00eancias de cores para 2025?<\/p>\n<p>Os tons que definem o ano trazem uma mistura de calma e expressividade. As paletas exploram o aconchego dos terrosos, o frescor dos verdes e a sutileza dos tons amarelados. <strong>Dica r\u00e1pida:<\/strong> combine uma cor vibrante com tons neutros para equilibrar o ambiente sem perder eleg\u00e2ncia.<\/p>\n<p>Leia tamb\u00e9m: \u201c<strong><a href=\"https:\/\/www.tupi.fm\/saude\/os-sinais-de-que-o-estresse-cronico-ja-comecou-a-afetar-seu-corpo\" target=\"_blank\" rel=\"noreferrer noopener nofollow\">Os sinais de que o estresse cr\u00f4nico j\u00e1 come\u00e7ou a afetar seu corpo<\/a><\/strong>\u201c<\/p>\n<p>Quais cores est\u00e3o transformando a decora\u00e7\u00e3o em 2025?<\/p>\n<p>As marcas de tintas e design apontam tons sofisticados e vers\u00e1teis que criam ambientes elegantes e envolventes. Veja as cores que est\u00e3o em alta neste ano:<\/p>\n<ul class=\"wp-block-list\">\n<li><strong>Cinnamon Slate<\/strong> \u2013 mistura de marrom e ameixa, s\u00edmbolo de aconchego e sofistica\u00e7\u00e3o<\/li>\n<li><strong>Butter Yellow<\/strong> \u2013 amarelo suave que ilumina o espa\u00e7o com toque retr\u00f4<\/li>\n<li><strong>Verde Oliva e Azul Empoeirado<\/strong> \u2013 tons terrosos que remetem \u00e0 natureza e tranquilidade<\/li>\n<li><strong><a href=\"https:\/\/www.figma.com\/pt-br\/cores\/terracota\" target=\"_blank\" rel=\"noreferrer noopener nofollow\">Terracota <\/a>e Ocre<\/strong> \u2013 cores quentes que transmitem energia e bem-estar<\/li>\n<\/ul>\n<p>Esses tons podem ser aplicados em paredes, m\u00f3veis ou detalhes decorativos, criando espa\u00e7os cheios de personalidade.<\/p>\n<p>Leia tamb\u00e9m: \u201c<strong><a href=\"https:\/\/www.tupi.fm\/saude\/treinar-de-manha-ou-a-noite-a-ciencia-finalmente-revelou-a-melhor-hora\" target=\"_blank\" rel=\"noreferrer noopener nofollow\">Treinar de manh\u00e3 ou \u00e0 noite? A ci\u00eancia finalmente revelou a melhor hora<\/a><\/strong>\u201c<\/p>\n<p><img loading=\"lazy\" decoding=\"async\" width=\"1024\" height=\"576\" src=\"data:image\/svg+xml,%3Csvg%20xmlns=\" http:=\"\" alt=\"As cores que est\u00e3o dominando a decora\u00e7\u00e3o em 2025 e transformando os ambientes\" class=\"wp-image-2190350\" data-lazy- data-lazy- data-lazy-src=\"https:\/\/www.europesays.com\/pt\/wp-content\/uploads\/2025\/10\/cores_1761486975137-1024x576.jpg\"\/>Sele\u00e7\u00e3o de cores \u2013 Cr\u00e9ditos: depositphotos.com \/ inxti74<\/p>\n<p>Como aplicar as novas cores de forma equilibrada?<\/p>\n<p>Para harmonizar o ambiente, escolha uma cor principal e complemente com varia\u00e7\u00f5es neutras ou materiais naturais, como madeira e linho. O uso estrat\u00e9gico da cor pode mudar completamente a sensa\u00e7\u00e3o do espa\u00e7o, destacando \u00e1reas espec\u00edficas e criando contrastes agrad\u00e1veis.<\/p>\n<p>Quais ambientes mais se beneficiam dessas cores?<\/p>\n<p>As novas tend\u00eancias funcionam bem em qualquer c\u00f4modo, mas ganham destaque em salas e quartos. Tons terrosos e ameixa trazem sofistica\u00e7\u00e3o \u00e0 sala de estar, enquanto verdes e azuis suaves criam quartos tranquilos. Cozinhas com amarelo-manteiga e terracota ganham charme e calor.<\/p>\n<p>Como acertar na escolha da cor ideal para cada ambiente?<\/p>\n<p>Teste sempre a cor em pequenas \u00e1reas antes da pintura final e observe-a em diferentes hor\u00e1rios do dia. Considere a ilumina\u00e7\u00e3o natural, o tamanho do espa\u00e7o e o estilo dos m\u00f3veis. A cor certa deve equilibrar est\u00e9tica e conforto, transformando o ambiente em um reflexo aut\u00eantico do seu estilo de vida.<\/p>\n","protected":false},"excerpt":{"rendered":"Em 2025, a decora\u00e7\u00e3o de interiores est\u00e1 mais ousada, emocional e acolhedora. As cores neutras e frias d\u00e3o&hellip;\n","protected":false},"author":2,"featured_media":128819,"comment_status":"","ping_status":"","sticky":false,"template":"","format":"standard","meta":{"footnotes":""},"categories":[144],"tags":[29327,207,205,206,203,201,202,14376,29325,204,29324,114,115,5963,32,33,2145,29326],"class_list":{"0":"post-128818","1":"post","2":"type-post","3":"status-publish","4":"format-standard","5":"has-post-thumbnail","7":"category-arte-e-design","8":"tag-ambientes","9":"tag-arte","10":"tag-arte-e-design","11":"tag-artedesign","12":"tag-arts","13":"tag-arts-and-design","14":"tag-artsanddesign","15":"tag-cores","16":"tag-decora","17":"tag-design","18":"tag-dominando","19":"tag-entertainment","20":"tag-entretenimento","21":"tag-est","22":"tag-portugal","23":"tag-pt","24":"tag-que","25":"tag-transformando"},"share_on_mastodon":{"url":"https:\/\/pubeurope.com\/@pt\/115447848193093504","error":""},"_links":{"self":[{"href":"https:\/\/www.europesays.com\/pt\/wp-json\/wp\/v2\/posts\/128818","targetHints":{"allow":["GET"]}}],"collection":[{"href":"https:\/\/www.europesays.com\/pt\/wp-json\/wp\/v2\/posts"}],"about":[{"href":"https:\/\/www.europesays.com\/pt\/wp-json\/wp\/v2\/types\/post"}],"author":[{"embeddable":true,"href":"https:\/\/www.europesays.com\/pt\/wp-json\/wp\/v2\/users\/2"}],"replies":[{"embeddable":true,"href":"https:\/\/www.europesays.com\/pt\/wp-json\/wp\/v2\/comments?post=128818"}],"version-history":[{"count":0,"href":"https:\/\/www.europesays.com\/pt\/wp-json\/wp\/v2\/posts\/128818\/revisions"}],"wp:featuredmedia":[{"embeddable":true,"href":"https:\/\/www.europesays.com\/pt\/wp-json\/wp\/v2\/media\/128819"}],"wp:attachment":[{"href":"https:\/\/www.europesays.com\/pt\/wp-json\/wp\/v2\/media?parent=128818"}],"wp:term":[{"taxonomy":"category","embeddable":true,"href":"https:\/\/www.europesays.com\/pt\/wp-json\/wp\/v2\/categories?post=128818"},{"taxonomy":"post_tag","embeddable":true,"href":"https:\/\/www.europesays.com\/pt\/wp-json\/wp\/v2\/tags?post=128818"}],"curies":[{"name":"wp","href":"https:\/\/api.w.org\/{rel}","templated":true}]}}