{"id":128822,"date":"2025-10-27T19:48:12","date_gmt":"2025-10-27T19:48:12","guid":{"rendered":"https:\/\/www.europesays.com\/pt\/128822\/"},"modified":"2025-10-27T19:48:12","modified_gmt":"2025-10-27T19:48:12","slug":"florence-pugh-revela-o-unico-pedido-que-fez-para-o-novo-visual-de-yelena-em-vingadores-doomsday","status":"publish","type":"post","link":"https:\/\/www.europesays.com\/pt\/128822\/","title":{"rendered":"Florence Pugh revela o \u00daNICO pedido que fez para o novo visual de Yelena em &#8216;Vingadores: Doomsday&#8217;"},"content":{"rendered":"<p>Em uma entrevista oficial para o rec\u00e9m-lan\u00e7ado livro\u00a0<strong>\u2018The Art of Thunderbolts*\u2019<\/strong>, a aclamada atriz indicada ao Oscar\u00a0<strong>Florence Pugh<\/strong> revelou a \u00fanica mudan\u00e7a que pediu para o visual da hero\u00edna Yelena Belova em <strong>\u2018Vingadores: Doomsday\u2019<\/strong>.<\/p>\n<p>Segundo informa\u00e7\u00f5es do\u00a0<a href=\"https:\/\/thedirect.com\/article\/florence-pugh-new-avengers\" rel=\"nofollow noopener\" target=\"_blank\">The Direct<\/a>, Pugh fez quest\u00e3o de garantir que a autoexpress\u00e3o de Yelena aparecesse de maneiras sutis, explicando de que forma isso impacta na evolu\u00e7\u00e3o da personagem.<\/p>\n<p>\u201c[Yelena] agora \u00e9 ela mesma e pode escolher o que fazer\u201d, disse ela sobre a evolu\u00e7\u00e3o da personagem de assassina para Nova Vingadora. \u201cQueremos cores bem s\u00f3brias; nada chamativo, e cabelo e maquiagem bem simples. Mas eu pensei: \u2018\u00e9 a Yelena, ela n\u00e3o pode deixar de ter olhos legais&#8217;\u201d.<\/p>\n<p>Explorando esse aspecto, a atriz acrescentou: \u201cquando voc\u00ea pensa em filmes de super-her\u00f3is, est\u00e1 constantemente imaginando essas pessoas incr\u00edveis sendo capazes de fazer essas coisas incr\u00edveis o tempo todo. Acho que algo que foi realmente corajoso da parte d[o diretor] <strong>Jake [Schreier]<\/strong> e da <strong>Marvel<\/strong> em come\u00e7ar a se aventurar \u00e9 realmente olhar para o funcionamento interno desses personagens e como eles se sentem.\u201d<\/p>\n<p>\u201cO que essas pessoas devem passar quando est\u00e3o no meio de toda essa a\u00e7\u00e3o e essa necessidade de estarem sempre em foco? O que isso faz com o seu c\u00e9rebro? Porque, no fim das contas, elas s\u00e3o humanas. Talvez a vida brilhante delas n\u00e3o seja t\u00e3o brilhante assim\u201d.<\/p>\n<p><strong>\u2018Doomsday\u2019<\/strong> tem estreia marcada nos cinemas brasileiros para o dia <strong>17 de dezembro de 2026<\/strong>, um dia antes do lan\u00e7amento nos Estados Unidos. J\u00e1 a sequ\u00eancia\u00a0<strong>\u2018Guerras Secretas\u2019<\/strong> est\u00e1 programado para chegar \u00e0s telonas exatamente um ano depois, em <strong>17 de dezembro de 2027.<\/strong><\/p>\n<p><img fetchpriority=\"high\" decoding=\"async\" src=\"https:\/\/www.europesays.com\/pt\/wp-content\/uploads\/2025\/10\/robert-downer-jr-vingadores-1024x574.jpg\" alt=\"\" width=\"696\" height=\"390\"  \/><\/p>\n<p>Al\u00e9m de <strong>Robert Downey Jr.<\/strong> como Victor Von Doom\/Doutor Destino, o elenco contar\u00e1 com <strong>Tom Hiddleston<\/strong> (Loki), <strong>Anthony Mackie<\/strong> (Capit\u00e3o Am\u00e9rica), <strong>Sebastian Stan<\/strong> (Soldado Invernal), <strong>Letitia Wright<\/strong> (Pantera Negra), <strong>Wyatt Russell<\/strong> (Agente Americano) <strong>Simu Liu<\/strong> (Shang-Chi), <strong>Florence Pugh<\/strong> (Yelena Belova), <strong>Danny Ramirez<\/strong> (Falc\u00e3o), <strong>Winston Duke<\/strong> (M\u2019Baku), <strong>Vanessa Kirby<\/strong> ( Mulher Invis\u00edvel), <strong>Ebon Moss-Bachrach<\/strong> (Coisa), <strong>Joseph Quinn<\/strong> (Tocha Humana), <strong>Lewis Pullman<\/strong> (Bob), <strong>David Harbour<\/strong> (Guardi\u00e3o Vermelho), <strong>Hannah John-Kamen<\/strong> (Fantasma), <strong>Patrick Stewart<\/strong> (Professor Xavier),<strong> Alan Cumming <\/strong>(Noturno),\u00a0<strong>Ian McKellen\u00a0<\/strong>(Magneto),\u00a0<strong>Rebecca Romijn<\/strong> (M\u00edstica),\u00a0<strong>James Marsden<\/strong> (Ciclope), <strong>Kelsey Grammer <\/strong>(Fera), <strong>Channing Tatum <\/strong>(Gambit), <strong>Paul Rudd <\/strong>(Homem-Formiga), <strong>Chris Hemsworth<\/strong> (Thor) e\u00a0<strong>Pedro Pascal<\/strong> (Sr. Fant\u00e1stico).<\/p>\n<p><a href=\"https:\/\/cinepop.com.br\/sinopse-de-vingadores-doomsday-revela-plano-maligno-do-doutor-destino-confira-692665\/\" rel=\"nofollow noopener\" target=\"_blank\">Jennifer Garner indica poss\u00edvel RETORNO como Elektra em \u2018Vingadores: Doomsday\u2019<\/a><\/p>\n","protected":false},"excerpt":{"rendered":"Em uma entrevista oficial para o rec\u00e9m-lan\u00e7ado livro\u00a0\u2018The Art of Thunderbolts*\u2019, a aclamada atriz indicada ao Oscar\u00a0Florence Pugh&hellip;\n","protected":false},"author":2,"featured_media":128823,"comment_status":"","ping_status":"","sticky":false,"template":"","format":"standard","meta":{"footnotes":""},"categories":[140],"tags":[23310,16122,13291,13292,13293,16993,23311,16123,6384,13294,13295,23312,12726,114,115,3639,147,148,13296,9191,13297,13298,13299,13300,12730,13301,13302,13303,792,12733,11189,146,16994,13304,4420,32,33,13305,13306,13307,14131,13308,16995,13309,13310,2149,13312,11192],"class_list":{"0":"post-128822","1":"post","2":"type-post","3":"status-publish","4":"format-standard","5":"has-post-thumbnail","7":"category-filmes","8":"tag-homem-de-ferro-3","9":"tag-agents-of-s-h-i-e-l-d","10":"tag-alan-cumming","11":"tag-anthony-e-joe-russo","12":"tag-anthony-mackie","13":"tag-channing-tatum","14":"tag-charlie-cox","15":"tag-chloe-bennet","16":"tag-chris-hemsworth","17":"tag-danny-ramirez","18":"tag-david-harbour","19":"tag-demolidor-renascido","20":"tag-ebon-moss-bachrach","21":"tag-entertainment","22":"tag-entretenimento","23":"tag-featured","24":"tag-film","25":"tag-filmes","26":"tag-florence-pugh","27":"tag-halle-berry","28":"tag-hannah-john-kamen","29":"tag-ian-mckellen","30":"tag-irmaos-russo","31":"tag-james-marsden","32":"tag-joseph-quinn","33":"tag-kelsey-grammer","34":"tag-letitia-wright","35":"tag-lewis-pullman","36":"tag-marvel","37":"tag-marvel-studios","38":"tag-mcu","39":"tag-movies","40":"tag-mulher-hulk-defensora-de-herois","41":"tag-patrick-stewart","42":"tag-paul-rudd","43":"tag-portugal","44":"tag-pt","45":"tag-rebecca-romijn","46":"tag-robert-downey-jr","47":"tag-sebastian-stan","48":"tag-shane-black","49":"tag-simu-liu","50":"tag-tatiana-maslany","51":"tag-tom-hiddleston","52":"tag-universo-cinematico-marvel","53":"tag-vanessa-kirby","54":"tag-winston-duke","55":"tag-wyatt-russell"},"share_on_mastodon":{"url":"","error":"Validation failed: Text character limit of 500 exceeded"},"_links":{"self":[{"href":"https:\/\/www.europesays.com\/pt\/wp-json\/wp\/v2\/posts\/128822","targetHints":{"allow":["GET"]}}],"collection":[{"href":"https:\/\/www.europesays.com\/pt\/wp-json\/wp\/v2\/posts"}],"about":[{"href":"https:\/\/www.europesays.com\/pt\/wp-json\/wp\/v2\/types\/post"}],"author":[{"embeddable":true,"href":"https:\/\/www.europesays.com\/pt\/wp-json\/wp\/v2\/users\/2"}],"replies":[{"embeddable":true,"href":"https:\/\/www.europesays.com\/pt\/wp-json\/wp\/v2\/comments?post=128822"}],"version-history":[{"count":0,"href":"https:\/\/www.europesays.com\/pt\/wp-json\/wp\/v2\/posts\/128822\/revisions"}],"wp:featuredmedia":[{"embeddable":true,"href":"https:\/\/www.europesays.com\/pt\/wp-json\/wp\/v2\/media\/128823"}],"wp:attachment":[{"href":"https:\/\/www.europesays.com\/pt\/wp-json\/wp\/v2\/media?parent=128822"}],"wp:term":[{"taxonomy":"category","embeddable":true,"href":"https:\/\/www.europesays.com\/pt\/wp-json\/wp\/v2\/categories?post=128822"},{"taxonomy":"post_tag","embeddable":true,"href":"https:\/\/www.europesays.com\/pt\/wp-json\/wp\/v2\/tags?post=128822"}],"curies":[{"name":"wp","href":"https:\/\/api.w.org\/{rel}","templated":true}]}}