{"id":128830,"date":"2025-10-27T19:52:11","date_gmt":"2025-10-27T19:52:11","guid":{"rendered":"https:\/\/www.europesays.com\/pt\/128830\/"},"modified":"2025-10-27T19:52:11","modified_gmt":"2025-10-27T19:52:11","slug":"linha-galaxy-tab-s8-comeca-a-receber-android-16-com-a-one-ui-8","status":"publish","type":"post","link":"https:\/\/www.europesays.com\/pt\/128830\/","title":{"rendered":"Linha Galaxy Tab S8 come\u00e7a a receber Android 16 com a One UI 8"},"content":{"rendered":"<p>Podemos dizer quie a <strong>Samsung<\/strong> deu in\u00edcio \u00e0 fase final de distribui\u00e7\u00e3o da <strong>One UI 8<\/strong>, e a atualiza\u00e7\u00e3o finalmente come\u00e7ou a chegar para a s\u00e9rie de tablets <strong>Galaxy Tab S8<\/strong>. O novo software, baseado no <strong>Android 16<\/strong>, est\u00e1 dispon\u00edvel inicialmente para usu\u00e1rios na <strong>Coreia do Sul<\/strong>, mas deve ser lan\u00e7ado globalmente nos pr\u00f3ximos dias para toda a linha, o que incluem os modelos <strong>Tab S8<\/strong>, <strong>Tab S8+ <\/strong>e <strong>Tab S8 Ultra<\/strong>.<\/p>\n<p>O que muda com a atualiza\u00e7\u00e3o?<\/p>\n<p>O update traz uma s\u00e9rie de <strong>melhorias visuais, novos recursos e desempenho mais fluido<\/strong>, al\u00e9m do <a class=\"tg-link-manual\" href=\"https:\/\/www.oficinadanet.com.br\/samsung\/64167-samsung-detalha-correcoes-patch-seguranca-setembro\" rel=\"nofollow noopener\" target=\"_blank\"><strong>patch de seguran\u00e7a de setembro de 2025<\/strong><\/a>, que corrige diversas vulnerabilidades cr\u00edticas. \u00c9 poss\u00edvel que em breve a <a class=\"lib tg-lib\" href=\"https:\/\/www.oficinadanet.com.br\/samsung\" rel=\"nofollow noopener\" target=\"_blank\">Samsung<\/a> libere mais uma atualiza\u00e7\u00e3o para esses tablets com os patches de outubro ou mais tardar o de dezembro, quando ele estiver dispon\u00edvel.<\/p>\n<p>            &#13;<br \/>\n                    &#13;<br \/>\n                        &#13;<br \/>\n                        &#13;<br \/>\n                        &#13;<br \/>\n                        &#13;<br \/>\n                        <img decoding=\"async\" loading=\"lazy\" width=\"330\" height=\"250\" src=\"https:\/\/www.europesays.com\/pt\/wp-content\/uploads\/2025\/10\/tab-s8-one-ui-8-img.jpg\"  alt=\"Galaxy Tab S8 come\u00e7a a receber Android 16 com a One UI 8\" title=\"Galaxy Tab S8 come\u00e7a a receber Android 16 com a One UI 8\"\/>&#13;<br \/>\n                    Galaxy Tab S8 come\u00e7a a receber <a class=\"lib tg-lib\" href=\"https:\/\/www.oficinadanet.com.br\/android\" rel=\"nofollow noopener\" target=\"_blank\">Android<\/a> 16 com a <a href=\"https:\/\/www.oficinadanet.com.br\/oneui8\" class=\"lib tg-lib\" rel=\"nofollow  noopener\" target=\"_blank\">One UI 8<\/a>&#13;<\/p>\n<p>Entre as mudan\u00e7as mais not\u00e1veis est\u00e3o as <strong>configura\u00e7\u00f5es r\u00e1pidas redesenhadas<\/strong>, o <strong>novo painel de notifica\u00e7\u00f5es com desfoque din\u00e2mico<\/strong>, e uma interface ainda mais otimizada para telas grandes. O <strong>Samsung DeX<\/strong> tamb\u00e9m recebeu aprimoramentos, agora baseado no modo Desktop do <a class=\"lib tg-lib\" href=\"https:\/\/www.oficinadanet.com.br\/google\" rel=\"nofollow noopener\" target=\"_blank\">Google<\/a>, oferecendo uma experi\u00eancia mais pr\u00f3xima de um computador ao conectar o tablet a um <a class=\"lib tg-lib\" href=\"https:\/\/www.oficinadanet.com.br\/monitores\" rel=\"nofollow noopener\" target=\"_blank\">monitor<\/a> externo.<\/p>\n<p>Como atualizar seu tablet<\/p>\n<p>Vale a pena verificar se a atualiza\u00e7\u00e3o j\u00e1 est\u00e1 dispon\u00edvel para o seu aparelho. Para isso, siga os passos:<\/p>\n<ol>\n<li>Abra as <strong>Configura\u00e7\u00f5es<\/strong> do celular.<\/li>\n<li>Toque em <strong>Atualiza\u00e7\u00e3o de software<\/strong>.<\/li>\n<li>Selecione <strong>Baixar e instalar<\/strong>.<\/li>\n<\/ol>\n<p>\ud83d\udca1 <strong>Dica<\/strong>: Fa\u00e7a o download com Wi-Fi e mantenha o celular carregando durante o processo, que pode levar cerca de 15 minutos.<\/p>\n<p>Caso a atualiza\u00e7\u00e3o ainda n\u00e3o apare\u00e7a, vale aguardar mais alguns dias, pois a Samsung costuma liberar os pacotes em ondas, por regi\u00e3o.<\/p>\n<p><a href=\"https:\/\/www.sammyfans.com\/2025\/10\/27\/galaxy-s21-fe-grabs-october-2025-patch-amid-slow-one-ui-8-rollout\/\" class=\"tg-link-manual\" rel=\"nofollow  noopener\" target=\"_blank\">Fonte<\/a><\/p>\n","protected":false},"excerpt":{"rendered":"Podemos dizer quie a Samsung deu in\u00edcio \u00e0 fase final de distribui\u00e7\u00e3o da One UI 8, e a&hellip;\n","protected":false},"author":2,"featured_media":128831,"comment_status":"","ping_status":"","sticky":false,"template":"","format":"standard","meta":{"footnotes":""},"categories":[84],"tags":[19174,109,107,108,29328,13,19175,24376,32,33,952,105,103,104,954,11694,106,110],"class_list":{"0":"post-128830","1":"post","2":"type-post","3":"status-publish","4":"format-standard","5":"has-post-thumbnail","7":"category-ciencia-e-tecnologia","8":"tag-android16","9":"tag-ciencia","10":"tag-ciencia-e-tecnologia","11":"tag-cienciaetecnologia","12":"tag-galaxy-tab-s8","13":"tag-noticias","14":"tag-oneui8","15":"tag-oneui8-5","16":"tag-portugal","17":"tag-pt","18":"tag-samsung","19":"tag-science","20":"tag-science-and-technology","21":"tag-scienceandtechnology","22":"tag-smartphones","23":"tag-tablets","24":"tag-technology","25":"tag-tecnologia"},"share_on_mastodon":{"url":"https:\/\/pubeurope.com\/@pt\/115447879801170688","error":""},"_links":{"self":[{"href":"https:\/\/www.europesays.com\/pt\/wp-json\/wp\/v2\/posts\/128830","targetHints":{"allow":["GET"]}}],"collection":[{"href":"https:\/\/www.europesays.com\/pt\/wp-json\/wp\/v2\/posts"}],"about":[{"href":"https:\/\/www.europesays.com\/pt\/wp-json\/wp\/v2\/types\/post"}],"author":[{"embeddable":true,"href":"https:\/\/www.europesays.com\/pt\/wp-json\/wp\/v2\/users\/2"}],"replies":[{"embeddable":true,"href":"https:\/\/www.europesays.com\/pt\/wp-json\/wp\/v2\/comments?post=128830"}],"version-history":[{"count":0,"href":"https:\/\/www.europesays.com\/pt\/wp-json\/wp\/v2\/posts\/128830\/revisions"}],"wp:featuredmedia":[{"embeddable":true,"href":"https:\/\/www.europesays.com\/pt\/wp-json\/wp\/v2\/media\/128831"}],"wp:attachment":[{"href":"https:\/\/www.europesays.com\/pt\/wp-json\/wp\/v2\/media?parent=128830"}],"wp:term":[{"taxonomy":"category","embeddable":true,"href":"https:\/\/www.europesays.com\/pt\/wp-json\/wp\/v2\/categories?post=128830"},{"taxonomy":"post_tag","embeddable":true,"href":"https:\/\/www.europesays.com\/pt\/wp-json\/wp\/v2\/tags?post=128830"}],"curies":[{"name":"wp","href":"https:\/\/api.w.org\/{rel}","templated":true}]}}