{"id":128832,"date":"2025-10-27T19:54:09","date_gmt":"2025-10-27T19:54:09","guid":{"rendered":"https:\/\/www.europesays.com\/pt\/128832\/"},"modified":"2025-10-27T19:54:09","modified_gmt":"2025-10-27T19:54:09","slug":"situacao-complica-se-em-ponto-chave-para-a-ucrania-kiev-diz-que-200-militares-russos-ja-entraram-na-cidade-russia-afirma-que-cercou-5-500-soldados","status":"publish","type":"post","link":"https:\/\/www.europesays.com\/pt\/128832\/","title":{"rendered":"Situa\u00e7\u00e3o complica-se em ponto-chave para a Ucr\u00e2nia: Kiev diz que 200 militares russos j\u00e1 entraram na cidade, R\u00fassia afirma que cercou 5.500 soldados"},"content":{"rendered":"<p>\t                O relato das for\u00e7as ucranianas \u00e9 diferente do que o chefe do Estado-Maior General das For\u00e7as Armadas da R\u00fassia, Valery Gerasimov, fez ao presidente Vladimir Putin<\/p>\n<p style=\"margin-bottom:11px\">Est\u00e1 cada vez mais dif\u00edcil para a Ucr\u00e2nia a luta pela manuten\u00e7\u00e3o do controlo de Pokrovsk.<\/p>\n<p>Este domingo, o Estado-Maior General da Ucr\u00e2nia admitiu que 200 militares russos entraram na cidade que \u00e9 um importante centro log\u00edstico de apoio \u00e0s for\u00e7as de Kiev.<\/p>\n<p>\u201cO inimigo, utilizando o espa\u00e7o entre posi\u00e7\u00f5es e infiltrando pequenos grupos de infantaria, acumulou cerca de 200 militares na cidade\u201d, <a href=\"https:\/\/www.facebook.com\/GeneralStaff.ua\/posts\/pfbid0FFB5dXbQTWqSfAHVTPpE2eiQhJqfziECKDcqskPqtPYVHDoz4QVG5HJCQ9EB69byl\" target=\"_blank\" rel=\"nofollow noopener\">disse o Estado-Maior no Facebook<\/a>.<\/p>\n<p>A mesma fonte garante, no entanto, que \u201cas tentativas do inimigo de avan\u00e7ar para o interior e consolidar-se na \u00e1rea urbana s\u00e3o interrompidas por medidas de contra-sabotagem\u201d.<\/p>\n<p>O relato das for\u00e7as ucranianas \u00e9 diferente do que o chefe do Estado-Maior General das For\u00e7as Armadas da R\u00fassia, Valery Gerasimov, fez ao presidente Vladimir Putin.<\/p>\n<p>Este domingo, os dois estiveram reunidos num encontro em Putin utilizou um uniforme militar, apenas a terceira vez que o faz desde o in\u00edcio da invas\u00e3o, garante o Instituto para o Estudo da Guerra (ISW). Gerasimov disse que ao l\u00edder do Kremlin que as tropas russas \u201ccercaram\u201d os 5500 soldados ucranianos em Pokrovsk, bem como \u201cbloquearam\u201d a progress\u00e3o de 31 batalh\u00f5es ucranianos perto de Pokrovsk e Myrnohrad.<\/p>\n<p>O relato da linha da frente dado por Gerasimov foi descartado por v\u00e1rias fontes, incluindo por bloggers militares russos. <a href=\"https:\/\/t.me\/notes_veterans\/25687\" target=\"_blank\" rel=\"nofollow\">Um deles afirmou<\/a> que a situa\u00e7\u00e3o em Pokrovsk est\u00e1 \u201c100% ca\u00f3tica\u201d e assinalou que, em muitas ocasi\u00f5es, h\u00e1 combatentes ucranianos que permanecem nas cidades que a R\u00fassia diz ter conquistado at\u00e9 muito depois do an\u00fancio.<\/p>\n<p>Outro blogger militar russo disse, por sua vez, que \u201cn\u00e3o h\u00e1 qualquer cerco\u201d \u00e0s for\u00e7as ucranianas, e sugeriu que Gerasimov est\u00e1 a adiantar a informa\u00e7\u00e3o na esperan\u00e7a de que a conquista se materialize dentro de pouco tempo.<\/p>\n<p>\u201cTalvez este briefing tenha objetivos geopol\u00edticos, como aconteceu anteriormente com as declara\u00e7\u00f5es sobre o cerco das For\u00e7as Armadas da Ucr\u00e2nia na regi\u00e3o de Kursk, que levou Trump a pedir que fossem poupados os cercados e tamb\u00e9m lhe deu a impress\u00e3o, durante muitos meses, de que a Ucr\u00e2nia enfrentava s\u00e9rios problemas na linha de frente\u201d, <a href=\"https:\/\/t.me\/milinfolive\/159201\" target=\"_blank\" rel=\"nofollow\">escreveu este blogger no Telegram.<\/a><\/p>\n<p>O presidente ucraniano, Volodymyr Zelensky, admitiu que a situa\u00e7\u00e3o na linha da frente em Pokrovsk \u00e9 \u201cdif\u00edcil\u201d.<\/p>\n<p>&#8220;Cada sucesso na dire\u00e7\u00e3o de Pokrovsk agora \u00e9 incrivelmente dif\u00edcil de alcan\u00e7ar, mas extremamente importante. \u00c9 l\u00e1, perto de Pokrovsk, que os russos concentraram a sua principal for\u00e7a de ataque \u2013 um n\u00famero significativo de tropas inimigas. \u00c9 claro que isso cria uma situa\u00e7\u00e3o dif\u00edcil em Pokrovsk e em todas as \u00e1reas pr\u00f3ximas \u2013 batalhas ferozes na cidade e nos seus arredores\u201d, <a href=\"https:\/\/www.president.gov.ua\/en\/news\/tilki-za-odin-cej-tizhden-rosiyani-zastosuvali-proti-ukrayin-101025\" target=\"_blank\" rel=\"nofollow noopener\">disse Zelensky no seu briefing de domingo.<\/a><\/p>\n<p>A cidade de Pokrovsk \u00e9 um importante n\u00f3 log\u00edstico para as for\u00e7as ucranianas. \u00c9 l\u00e1 que se cruzam v\u00e1rias estradas e caminhos de ferro vitais para o esfor\u00e7o de guerra de Kiev. Pokrovsk \u00e9 tamb\u00e9m muito importante para a R\u00fassia pois est\u00e1 a 20 quil\u00f3metros da fronteira de Donetsk, linha a que Moscovo tem tentado chegar desde 2014.<\/p>\n<p>Na frente diplom\u00e1tica, os dois lados parecem mais pr\u00f3ximos de um entendimento. <a href=\"https:\/\/cnnportugal.iol.pt\/guerra\/guerra-na-ucrania\/kremlin-fala-em-grande-progresso-de-zelensky-e-diz-que-solucao-diplomatica-para-a-guerra-esta-mais-proxima\/20251024\/68fbf30ed34ee0c2fed1a785\" target=\"_blank\" rel=\"nofollow noopener\">Na sexta-feira, o enviado de Vladimir Putin para o investimento e coopera\u00e7\u00e3o econ\u00f3mica<\/a>, Kirill Dmitriev, viajou at\u00e9 aos EUA e disse que R\u00fassia e Ucr\u00e2nia podem estar perto de uma \u201csolu\u00e7\u00e3o diplom\u00e1tica\u201d.<\/p>\n<p>&#8220;Acredito que a R\u00fassia, os EUA e a Ucr\u00e2nia est\u00e3o, na verdade, muito pr\u00f3ximos de uma solu\u00e7\u00e3o diplom\u00e1tica. \u00c9 um grande progresso do presidente Zelensky j\u00e1 reconhecer que se trata de linhas de batalha&#8221;, disse Dmitriev ao programa \u201cThe Lead with Jake Tapper\u201d, da CNN Internacional.<\/p>\n<p>&#8220;Sabe, a posi\u00e7\u00e3o anterior dele era que a R\u00fassia deveria sair completamente, ent\u00e3o, na verdade, acho que estamos razoavelmente perto de uma solu\u00e7\u00e3o diplom\u00e1tica que pode ser alcan\u00e7ada&#8221;, acrescentou.<\/p>\n","protected":false},"excerpt":{"rendered":"O relato das for\u00e7as ucranianas \u00e9 diferente do que o chefe do Estado-Maior General das For\u00e7as Armadas da&hellip;\n","protected":false},"author":2,"featured_media":128833,"comment_status":"","ping_status":"","sticky":false,"template":"","format":"standard","meta":{"footnotes":""},"categories":[50],"tags":[609,836,611,27,28,607,608,333,832,604,135,610,476,6815,15,16,29329,301,830,889,14,603,25,26,570,21,22,831,833,62,834,12,13,19,20,835,602,3106,52,32,23,24,3813,839,17,18,840,29,30,31,29330,2415,2416,63,64,65,3814],"class_list":{"0":"post-128832","1":"post","2":"type-post","3":"status-publish","4":"format-standard","5":"has-post-thumbnail","7":"category-mundo","8":"tag-alerta","9":"tag-analise","10":"tag-ao-minuto","11":"tag-breaking-news","12":"tag-breakingnews","13":"tag-cnn","14":"tag-cnn-portugal","15":"tag-comentadores","16":"tag-costa","17":"tag-crime","18":"tag-desporto","19":"tag-direto","20":"tag-economia","21":"tag-estado-maior","22":"tag-featured-news","23":"tag-featurednews","24":"tag-gerasimov","25":"tag-governo","26":"tag-guerra","27":"tag-guerra-na-ucrania","28":"tag-headlines","29":"tag-justica","30":"tag-latest-news","31":"tag-latestnews","32":"tag-live","33":"tag-main-news","34":"tag-mainnews","35":"tag-mais-vistas","36":"tag-marcelo","37":"tag-mundo","38":"tag-negocios","39":"tag-news","40":"tag-noticias","41":"tag-noticias-principais","42":"tag-noticiasprincipais","43":"tag-opiniao","44":"tag-pais","45":"tag-pokrovsk","46":"tag-politica","47":"tag-portugal","48":"tag-principais-noticias","49":"tag-principaisnoticias","50":"tag-putin","51":"tag-russia","52":"tag-top-stories","53":"tag-topstories","54":"tag-ucrania","55":"tag-ultimas","56":"tag-ultimas-noticias","57":"tag-ultimasnoticias","58":"tag-valery-gerasimov","59":"tag-vladimir-putin","60":"tag-volodymyr-zelensky","61":"tag-world","62":"tag-world-news","63":"tag-worldnews","64":"tag-zelensky"},"share_on_mastodon":{"url":"","error":"Validation failed: Text character limit of 500 exceeded"},"_links":{"self":[{"href":"https:\/\/www.europesays.com\/pt\/wp-json\/wp\/v2\/posts\/128832","targetHints":{"allow":["GET"]}}],"collection":[{"href":"https:\/\/www.europesays.com\/pt\/wp-json\/wp\/v2\/posts"}],"about":[{"href":"https:\/\/www.europesays.com\/pt\/wp-json\/wp\/v2\/types\/post"}],"author":[{"embeddable":true,"href":"https:\/\/www.europesays.com\/pt\/wp-json\/wp\/v2\/users\/2"}],"replies":[{"embeddable":true,"href":"https:\/\/www.europesays.com\/pt\/wp-json\/wp\/v2\/comments?post=128832"}],"version-history":[{"count":0,"href":"https:\/\/www.europesays.com\/pt\/wp-json\/wp\/v2\/posts\/128832\/revisions"}],"wp:featuredmedia":[{"embeddable":true,"href":"https:\/\/www.europesays.com\/pt\/wp-json\/wp\/v2\/media\/128833"}],"wp:attachment":[{"href":"https:\/\/www.europesays.com\/pt\/wp-json\/wp\/v2\/media?parent=128832"}],"wp:term":[{"taxonomy":"category","embeddable":true,"href":"https:\/\/www.europesays.com\/pt\/wp-json\/wp\/v2\/categories?post=128832"},{"taxonomy":"post_tag","embeddable":true,"href":"https:\/\/www.europesays.com\/pt\/wp-json\/wp\/v2\/tags?post=128832"}],"curies":[{"name":"wp","href":"https:\/\/api.w.org\/{rel}","templated":true}]}}