{"id":128834,"date":"2025-10-27T19:55:16","date_gmt":"2025-10-27T19:55:16","guid":{"rendered":"https:\/\/www.europesays.com\/pt\/128834\/"},"modified":"2025-10-27T19:55:16","modified_gmt":"2025-10-27T19:55:16","slug":"nao-vale-a-pena-baixar-o-irc-se-isp-aumenta-refere-andre-ventura","status":"publish","type":"post","link":"https:\/\/www.europesays.com\/pt\/128834\/","title":{"rendered":"&#8220;N\u00e3o vale a pena baixar o IRC &#8221; se ISP aumenta, refere Andr\u00e9 Ventura"},"content":{"rendered":"<p>        \u201cVamos poder contar com o governo para que os portugueses n\u00e3o paguem mais impostos quando forem abastecer os seus ve\u00edculos? \u00c9 importante que isso fique clarificado\u201d, salientou.    <\/p>\n<p>O presidente do Chega, Andr\u00e9 Ventura, usa da palavra durante o debate tem\u00e1tico proposto pelo Governo, sobre o Plano Nacional de Implementa\u00e7\u00e3o do Pacto Europeu para as Migra\u00e7\u00f5es e Asilo, na Assembleia da Rep\u00fablica, em Lisboa, 16 de janeiro de 2025. JOS\u00c9 SENA GOUL\u00c3O\/LUSA<\/p>\n<p>O l\u00edder da bancada do Chega, Andr\u00e9 Ventura, questionou o primeiro-ministro, Lu\u00eds Montenegro, sobre o aumento que est\u00e1 previsto para o ISP. \u201cTivemos sete anos em tirar com uma m\u00e3o e p\u00f4r com outra. O primeiro-ministro disse que n\u00e3o ia aumentar impostos, mas os rendimentos com o ISP v\u00e3o aumentar nas suas previs\u00f5es\u201d, afirmou o l\u00edder, \u201co consumo de gasolina e gas\u00f3leo vai aumentar ou os impostos \u00e9 que v\u00e3o?\u201d.<\/p>\n<p>\u201cVamos poder contar com o governo para que os portugueses n\u00e3o paguem mais impostos quando forem abastecer os seus ve\u00edculos? \u00c9 importante que isso fique clarificado\u201d, salientou.<\/p>\n<p>\u201cN\u00e3o vale a pena baixar o IRC se vai sacar ao longo do ano mais impostos sobre os combust\u00edveis\u201d, referiu. O l\u00edder lan\u00e7ou ainda o desafio ao primeiro- ministro de seguir o exemplo dos espanh\u00f3is e \u201cdizer \u00e0 Comiss\u00e3o Europeia para ir passear, como fizeram os espanh\u00f3is\u201d.<\/p>\n<p>O primeiro-ministro afirmou que \u201ctemos um OE que n\u00e3o aumenta um \u00fanico imposto. N\u00e3o vai haver mais impostos, quanto muito podemos ter de eliminar o desconto por raz\u00f5es europeias, mas n\u00e3o est\u00e1 no or\u00e7amento, o que est\u00e1 \u00e9 o aumento do consumo replicado nos impostos dos combust\u00edveis\u201d.<\/p>\n<p>Montenegro referiu ainda que \u201cn\u00e3o \u00e9 o presidente do governo espanhol, que \u00e9 o meu exemplo de gest\u00e3o do pa\u00eds e de politica p\u00fablica\u201d. O primeiro-ministro acusou o l\u00edder do Chega de ter saudades do tempo de Salazar. Coment\u00e1rio a que Andr\u00e9 Ventura respondeu, \u201cse calhar se tiv\u00e9ssemos tr\u00eas Salazares t\u00ednhamos menos corrup\u00e7\u00e3o neste pa\u00eds\u201d.<\/p>\n<p>O primeiro-ministro fechou afirmando que \u201ca ditadura ela pr\u00f3pria \u00e9 corruptiva da liberdade e n\u00e3o combate a corrup\u00e7\u00e3o, \u00e9 ela pr\u00f3pria a corrup\u00e7\u00e3o\u201d.<\/p>\n","protected":false},"excerpt":{"rendered":"\u201cVamos poder contar com o governo para que os portugueses n\u00e3o paguem mais impostos quando forem abastecer os&hellip;\n","protected":false},"author":2,"featured_media":128835,"comment_status":"","ping_status":"","sticky":false,"template":"","format":"standard","meta":{"footnotes":""},"categories":[10],"tags":[27,28,1736,14074,476,15,16,301,14,25,26,21,22,12,13,19,20,18658,52,32,23,24,33,17,18,29,30,31],"class_list":{"0":"post-128834","1":"post","2":"type-post","3":"status-publish","4":"format-standard","5":"has-post-thumbnail","7":"category-portugal","8":"tag-breaking-news","9":"tag-breakingnews","10":"tag-chega","11":"tag-debate","12":"tag-economia","13":"tag-featured-news","14":"tag-featurednews","15":"tag-governo","16":"tag-headlines","17":"tag-latest-news","18":"tag-latestnews","19":"tag-main-news","20":"tag-mainnews","21":"tag-news","22":"tag-noticias","23":"tag-noticias-principais","24":"tag-noticiasprincipais","25":"tag-oe2026","26":"tag-politica","27":"tag-portugal","28":"tag-principais-noticias","29":"tag-principaisnoticias","30":"tag-pt","31":"tag-top-stories","32":"tag-topstories","33":"tag-ultimas","34":"tag-ultimas-noticias","35":"tag-ultimasnoticias"},"share_on_mastodon":{"url":"https:\/\/pubeurope.com\/@pt\/115447891472364961","error":""},"_links":{"self":[{"href":"https:\/\/www.europesays.com\/pt\/wp-json\/wp\/v2\/posts\/128834","targetHints":{"allow":["GET"]}}],"collection":[{"href":"https:\/\/www.europesays.com\/pt\/wp-json\/wp\/v2\/posts"}],"about":[{"href":"https:\/\/www.europesays.com\/pt\/wp-json\/wp\/v2\/types\/post"}],"author":[{"embeddable":true,"href":"https:\/\/www.europesays.com\/pt\/wp-json\/wp\/v2\/users\/2"}],"replies":[{"embeddable":true,"href":"https:\/\/www.europesays.com\/pt\/wp-json\/wp\/v2\/comments?post=128834"}],"version-history":[{"count":0,"href":"https:\/\/www.europesays.com\/pt\/wp-json\/wp\/v2\/posts\/128834\/revisions"}],"wp:featuredmedia":[{"embeddable":true,"href":"https:\/\/www.europesays.com\/pt\/wp-json\/wp\/v2\/media\/128835"}],"wp:attachment":[{"href":"https:\/\/www.europesays.com\/pt\/wp-json\/wp\/v2\/media?parent=128834"}],"wp:term":[{"taxonomy":"category","embeddable":true,"href":"https:\/\/www.europesays.com\/pt\/wp-json\/wp\/v2\/categories?post=128834"},{"taxonomy":"post_tag","embeddable":true,"href":"https:\/\/www.europesays.com\/pt\/wp-json\/wp\/v2\/tags?post=128834"}],"curies":[{"name":"wp","href":"https:\/\/api.w.org\/{rel}","templated":true}]}}