{"id":128836,"date":"2025-10-27T19:58:20","date_gmt":"2025-10-27T19:58:20","guid":{"rendered":"https:\/\/www.europesays.com\/pt\/128836\/"},"modified":"2025-10-27T19:58:20","modified_gmt":"2025-10-27T19:58:20","slug":"netos-de-elis-regina-gravam-video-cantando-sucesso-da-avo-confira","status":"publish","type":"post","link":"https:\/\/www.europesays.com\/pt\/128836\/","title":{"rendered":"Netos de Elis Regina gravam v\u00eddeo cantando sucesso da av\u00f3; confira"},"content":{"rendered":"<p>\n                        Rafaela Mariano e Antonio Baldini escolheram &#8216;Romaria&#8217; e emocionaram os f\u00e3s da cantora\n                    <\/p>\n<p>\n                                                                                                                                                                                                                            27 out<br \/>\n                                    2025<br \/>\n                                     &#8211; 14h17\n                                <\/p>\n<p>\n                                                                                                            (atualizado \u00e0s 14h30)\n                                                                    <\/p>\n<blockquote class=\"instagram-media\" data-instgrm-captioned=\"\" data-instgrm-permalink=\"https:\/\/www.instagram.com\/reel\/DQSeI57jiEo\/?utm_source=ig_embed&amp;utm_campaign=loading\" data-instgrm-version=\"14\" style=\" background:#FFF; border:0; border-radius:3px; box-shadow:0 0 1px 0 rgba(0,0,0,0.5),0 1px 10px 0 rgba(0,0,0,0.15); margin: 1px; max-width:658px; min-width:326px; padding:0; width:99.375%; width:-webkit-calc(100% - 2px); width:calc(100% - 2px);\">\n<\/blockquote>\n<p class=\"text\">Os primos Rafaela Mariano, 18 anos, e Antonio Baldini, 21, se juntaram para fazer uma vers\u00e3o de voz e viol\u00e3o de Romaria, can\u00e7\u00e3o imortalizada pela av\u00f3 deles, a cantora <b>Elis Regina <\/b>(1945-1982). A grava\u00e7\u00e3o informal foi postada no Instagram tanto por Rafaela quanto por Antonio.<\/p>\n<p class=\"text\">&#8220;Fazendo M\u00fasica, fam\u00edlia Camargo Mariano, take 409&#8221;, diz Antonio, no in\u00edcio do v\u00eddeo, no qual ele acompanha Rafaela ao viol\u00e3o, al\u00e9m de cantar tamb\u00e9m. A fam\u00edlia Camargo Mariano ao qual ele se refere \u00e9 o sobrenome do av\u00f4 de ambos, o m\u00fasico e maestro <b>Cesar Camargo Mariano<\/b>, que foi casado com Elis.<\/p>\n<p><img loading=\"lazy\" decoding=\"async\" alt=\"Antonio Baldini e Rafael Mariano cantam juntos a m\u00fasica 'Romaria'\" class=\"img-127299be5b054dc8d767391ac1fffd9efjivftw8\" height=\"1263\" src=\"https:\/\/www.europesays.com\/pt\/wp-content\/uploads\/2025\/10\/838079620-6kq7bh7fcnhytlyd3kcwwd3la4.jpeg\"  title=\"Antonio Baldini e Rafael Mariano cantam juntos a m\u00fasica 'Romaria'\" width=\"774\"\/><\/p>\n<p>Antonio Baldini e Rafael Mariano cantam juntos a m\u00fasica &#8216;Romaria&#8217;<\/p>\n<p>Foto: Instagram Rafael Mariano\/Reprodu\u00e7\u00e3o \/ Estad\u00e3o<\/p>\n<p class=\"text\">Rafaela \u00e9 filha do cantor Pedro Mariano com a empres\u00e1ria Patricia Fano e tem dados seus primeiros passos como cantora. Recentemente, ela participou de um show em homenagem para av\u00f3 organizado por seu pai para a r\u00e1dio Nova Brasil FM, de S\u00e3o Paulo.<\/p>\n<p class=\"text\">Antonio \u00e9 filho da cantora <b>Maria Rita<\/b> com o cineasta Marcus Baldini. Antonio j\u00e1 atuou como modelo e gosta de surfar.<\/p>\n<p class=\"text\">Al\u00e9m de Rafael e Antonio, Elis tamb\u00e9m \u00e9 a av\u00f3 de Alice, filha mais nova de Maria Rita, e de Andr\u00e9 e Arthur, filhos do produtor <b>Jo\u00e3o Marcello B\u00f4scoli,<\/b> filho mais velho de Elis com o produtor e diretor Ronaldo B\u00f4scoli (1928-1994).<\/p>\n<p>                            <script async src=\"\/\/www.instagram.com\/embed.js\"><\/script><\/p>\n","protected":false},"excerpt":{"rendered":"Rafaela Mariano e Antonio Baldini escolheram &#8216;Romaria&#8217; e emocionaram os f\u00e3s da cantora 27 out 2025 &#8211; 14h17&hellip;\n","protected":false},"author":2,"featured_media":128837,"comment_status":"","ping_status":"","sticky":false,"template":"","format":"standard","meta":{"footnotes":""},"categories":[145],"tags":[211,210,29331,25314,114,115,29333,29332,32,33],"class_list":{"0":"post-128836","1":"post","2":"type-post","3":"status-publish","4":"format-standard","5":"has-post-thumbnail","7":"category-celebridades","8":"tag-celebridades","9":"tag-celebrities","10":"tag-cesar-camargo-mariano","11":"tag-elis-regina","12":"tag-entertainment","13":"tag-entretenimento","14":"tag-joao-marcello-boscoli","15":"tag-maria-rita","16":"tag-portugal","17":"tag-pt"},"share_on_mastodon":{"url":"https:\/\/pubeurope.com\/@pt\/115447903466480442","error":""},"_links":{"self":[{"href":"https:\/\/www.europesays.com\/pt\/wp-json\/wp\/v2\/posts\/128836","targetHints":{"allow":["GET"]}}],"collection":[{"href":"https:\/\/www.europesays.com\/pt\/wp-json\/wp\/v2\/posts"}],"about":[{"href":"https:\/\/www.europesays.com\/pt\/wp-json\/wp\/v2\/types\/post"}],"author":[{"embeddable":true,"href":"https:\/\/www.europesays.com\/pt\/wp-json\/wp\/v2\/users\/2"}],"replies":[{"embeddable":true,"href":"https:\/\/www.europesays.com\/pt\/wp-json\/wp\/v2\/comments?post=128836"}],"version-history":[{"count":0,"href":"https:\/\/www.europesays.com\/pt\/wp-json\/wp\/v2\/posts\/128836\/revisions"}],"wp:featuredmedia":[{"embeddable":true,"href":"https:\/\/www.europesays.com\/pt\/wp-json\/wp\/v2\/media\/128837"}],"wp:attachment":[{"href":"https:\/\/www.europesays.com\/pt\/wp-json\/wp\/v2\/media?parent=128836"}],"wp:term":[{"taxonomy":"category","embeddable":true,"href":"https:\/\/www.europesays.com\/pt\/wp-json\/wp\/v2\/categories?post=128836"},{"taxonomy":"post_tag","embeddable":true,"href":"https:\/\/www.europesays.com\/pt\/wp-json\/wp\/v2\/tags?post=128836"}],"curies":[{"name":"wp","href":"https:\/\/api.w.org\/{rel}","templated":true}]}}