{"id":128841,"date":"2025-10-27T20:02:13","date_gmt":"2025-10-27T20:02:13","guid":{"rendered":"https:\/\/www.europesays.com\/pt\/128841\/"},"modified":"2025-10-27T20:02:13","modified_gmt":"2025-10-27T20:02:13","slug":"garra-talento-e-conquista-concordia-e-campea-da-liga-sc-juvenil-de-handebol-radio-rural","status":"publish","type":"post","link":"https:\/\/www.europesays.com\/pt\/128841\/","title":{"rendered":"Garra, talento e conquista: Conc\u00f3rdia \u00e9 campe\u00e3 da Liga SC Juvenil de Handebol! &#8211; R\u00e1dio Rural"},"content":{"rendered":"<ol>\n<li><a href=\"https:\/\/news.google.com\/rss\/articles\/CBMizAFBVV95cUxOcWlzT2dlci02M2dIMGxSSTN0cjdpcjRjb0Z5aVphVl9xUW5QSjdGeVNzUGtvdW1FdTFZVW80LW5XamxpVzU1Tk9iSnVYYmJUcDR4UGhhS3lxSzRQZHVKb3M0WFFIaVBpY3VyaC1OSTlCYmxBMEhPOEFSWjU4elhXcjhDZHJsanl3VEpPYUVndFNnZnc5QjQ5bklJQWxUYWxrX2dsTkItTUZoSFV3X0N3dzJrd291N2t5bWlCZ1Z1SGFReDFieXUwbWpmMXk?oc=5\" target=\"_blank\" rel=\"nofollow noopener\">Garra, talento e conquista: Conc\u00f3rdia \u00e9 campe\u00e3 da Liga SC Juvenil de Handebol!<\/a>&nbsp;&nbsp;R\u00e1dio Rural<\/li>\n<li><a href=\"https:\/\/news.google.com\/rss\/articles\/CBMixwFBVV95cUxQalNvYWIzOVY2aVgtR2FvRTdpNGhaUEM1YkVrakJRcEUxZkZ4Xy16QkZpQ3V3b2NOY2lEcHBBZE5kMGxHcVZXbm40UURCcEVzZmxnbWo0UWlCRGhqUVBQMV9oMHRnTXBoTHN0SVNtRGZVYndlWmdIMzZtLWgwMVR3TWZjeGlRNWNsdFJtOEZremo5ZUFHMU80UHFlOTRsd1VGY0NDWTlHczlMZmtXcnlGd01wclRvZTZjNkROenU3MVZOVWJnOFNR?oc=5\" target=\"_blank\" rel=\"nofollow noopener\">Destaque: Handebol Ca\u00e7ador conquista o 3\u00ba lugar na Liga Estadual Juvenil<\/a>&nbsp;&nbsp;Ca\u00e7ador Online<\/li>\n<li><a href=\"https:\/\/news.google.com\/rss\/articles\/CBMiqgFBVV95cUxOc0g2Y0RJc1RzT0hXTmRnSlUtc3c4R2FTZ3NpUGVmcVBCbXRfSU1GcTJfaHl4aFNUQmRzU1VjRHBSZkFVdGhtbnY4UnFMUGtJV3BqWEZpTjVQaktSVHdtemtFdVZSMklUVjZCMGhSQlFHNUFaaHp1RzhuQ29mXzZReWF4ZnVRZzZNTm9sRHpNdm5LV3VYREpiRVpRWDlhVTA4QjhlU1RoQUVwZw?oc=5\" target=\"_blank\" rel=\"nofollow noopener\">Handebol feminino de Balne\u00e1rio Cambori\u00fa conquista 3\u00ba lugar na Liga SC Juvenil<\/a>&nbsp;&nbsp;Portal Menina<\/li>\n<li><a href=\"https:\/\/news.google.com\/rss\/articles\/CBMivAFBVV95cUxQQUJpWnVaaU11NUZRckNtcHpNVFpkMldDR0dOdHdxekx1WXp6ZXFTTE42UFlxOWdQWEY2bmlfd2JvVGZmLWtONTZXNmZDemRiMDY3UmpyT2dmMDllZVY1b1RnZUJxRUdBR0swM1hCOEdCVl8zQUwtZFhjWVAxOGU5c3FzWjNtdzZLdHRabUFMc3k1a2hNN2dTTWxOOUZQb21LQ2tCQlF5dlRjRDV4UDc3a1MxQThUa1c2V3BEaA?oc=5\" target=\"_blank\" rel=\"nofollow noopener\">Equipe feminina de Balne\u00e1rio Cambori\u00fa garante o 3\u00ba lugar na Liga SC de Handebol Juvenil<\/a>&nbsp;&nbsp;noticiaja.com<\/li>\n<li><a href=\"https:\/\/news.google.com\/rss\/articles\/CBMisgFBVV95cUxQR3FFdEJyNjBOUUtlTUVSZ1RYeHQyeWxQaXF4TnRTYTFxS0JtcEI0Zmp6OGNJVEZ6SjlvaEFpWVpRMF9DbHphNnZ6Wnk1Y0JRMHVFVFpJOUQyZzVCRUZVVnlHV3FlXy1rcHV1TjcwZ0hYYmVZT3pqU2FHNWV5QzVfU3J3clVqZzNkZDNWREh5SFFUTmltVVNFaGgzWWNJUDRVcENmZTlHTGhueXJRczRMVGxB?oc=5\" target=\"_blank\" rel=\"nofollow noopener\">Handebol Ca\u00e7ador conquista o 3\u00ba lugar na Liga Estadual Juvenil<\/a>&nbsp;&nbsp;Jornal Extra SC<\/li>\n<\/ol>\n","protected":false},"excerpt":{"rendered":"Garra, talento e conquista: Conc\u00f3rdia \u00e9 campe\u00e3 da Liga SC Juvenil de Handebol!&nbsp;&nbsp;R\u00e1dio Rural Destaque: Handebol Ca\u00e7ador conquista&hellip;\n","protected":false},"author":2,"featured_media":128842,"comment_status":"","ping_status":"","sticky":false,"template":"","format":"standard","meta":{"footnotes":""},"categories":[141],"tags":[562,726,2733,2731,476,539,2258,114,115,1062,986,2732,149,150,1086,52,32,33,3551,117],"class_list":{"0":"post-128841","1":"post","2":"type-post","3":"status-publish","4":"format-standard","5":"has-post-thumbnail","7":"category-musica","8":"tag-agricultura","9":"tag-brasil","10":"tag-carnaval","11":"tag-dicas-do-dia","12":"tag-economia","13":"tag-educacao","14":"tag-eleicoes","15":"tag-entertainment","16":"tag-entretenimento","17":"tag-esportes","18":"tag-estado","19":"tag-geral","20":"tag-music","21":"tag-musica","22":"tag-policia","23":"tag-politica","24":"tag-portugal","25":"tag-pt","26":"tag-regiao","27":"tag-saude"},"share_on_mastodon":{"url":"https:\/\/pubeurope.com\/@pt\/115447919244503298","error":""},"_links":{"self":[{"href":"https:\/\/www.europesays.com\/pt\/wp-json\/wp\/v2\/posts\/128841","targetHints":{"allow":["GET"]}}],"collection":[{"href":"https:\/\/www.europesays.com\/pt\/wp-json\/wp\/v2\/posts"}],"about":[{"href":"https:\/\/www.europesays.com\/pt\/wp-json\/wp\/v2\/types\/post"}],"author":[{"embeddable":true,"href":"https:\/\/www.europesays.com\/pt\/wp-json\/wp\/v2\/users\/2"}],"replies":[{"embeddable":true,"href":"https:\/\/www.europesays.com\/pt\/wp-json\/wp\/v2\/comments?post=128841"}],"version-history":[{"count":0,"href":"https:\/\/www.europesays.com\/pt\/wp-json\/wp\/v2\/posts\/128841\/revisions"}],"wp:featuredmedia":[{"embeddable":true,"href":"https:\/\/www.europesays.com\/pt\/wp-json\/wp\/v2\/media\/128842"}],"wp:attachment":[{"href":"https:\/\/www.europesays.com\/pt\/wp-json\/wp\/v2\/media?parent=128841"}],"wp:term":[{"taxonomy":"category","embeddable":true,"href":"https:\/\/www.europesays.com\/pt\/wp-json\/wp\/v2\/categories?post=128841"},{"taxonomy":"post_tag","embeddable":true,"href":"https:\/\/www.europesays.com\/pt\/wp-json\/wp\/v2\/tags?post=128841"}],"curies":[{"name":"wp","href":"https:\/\/api.w.org\/{rel}","templated":true}]}}