{"id":128846,"date":"2025-10-27T20:05:07","date_gmt":"2025-10-27T20:05:07","guid":{"rendered":"https:\/\/www.europesays.com\/pt\/128846\/"},"modified":"2025-10-27T20:05:07","modified_gmt":"2025-10-27T20:05:07","slug":"sindrome-dos-ovarios-policisticos-na-menopausa-exige-atencao-especial-ao-risco-cardiovascular","status":"publish","type":"post","link":"https:\/\/www.europesays.com\/pt\/128846\/","title":{"rendered":"S\u00edndrome dos Ov\u00e1rios Polic\u00edsticos na menopausa exige aten\u00e7\u00e3o especial ao risco cardiovascular"},"content":{"rendered":"<p>A s\u00edndrome dos ov\u00e1rios polic\u00edsticos (SOP) \u00e9 uma condi\u00e7\u00e3o cr\u00f4nica que acompanha a mulher ao longo da vida, e seus efeitos n\u00e3o desaparecem com o fim do per\u00edodo reprodutivo. Durante a transi\u00e7\u00e3o para a <a href=\"https:\/\/www.correiodopovo.com.br\/bellamais\/saudefeminina\/nove-sinais-que-voc%C3%AA-precisa-conhecer-antes-de-entrar-na-menopausa-1.1529567\" target=\"_blank\" rel=\"nofollow noopener\"><strong>menopausa<\/strong><\/a> (climat\u00e9rio), o quadro pode se tornar ainda mais complexo, devido ao aumento de fatores de risco metab\u00f3licos e cardiovasculares.<\/p>\n<p>Segundo Larissa Garcia Gomes, endocrinologista da Sociedade Brasileira de Endocrinologia e Metabologia \u2013 Regional S\u00e3o Paulo (SBEM-SP), a redu\u00e7\u00e3o do estrog\u00eanio na menopausa se soma \u00e0s altera\u00e7\u00f5es j\u00e1 provocadas pela SOP, potencializando problemas como hipertens\u00e3o, resist\u00eancia insul\u00ednica, <a href=\"https:\/\/www.correiodopovo.com.br\/bellamais\/saudefeminina\/adotar-mais-variedade-no-card%C3%A1pio-ajuda-a-reduzir-o-risco-de-diabetes-1.1636691\" target=\"_blank\" rel=\"nofollow noopener\"><strong>diabetes tipo 2<\/strong><\/a>, dislipidemia e doen\u00e7a hep\u00e1tica gordurosa.<\/p>\n<blockquote>\n<p>\u201cA s\u00edndrome dos ov\u00e1rios polic\u00edsticos \u00e9 uma doen\u00e7a da vida inteira. Nas fases iniciais, chamam mais aten\u00e7\u00e3o os sintomas de hiperandrogenismo \u2014 como acne, hirsutismo e <a href=\"https:\/\/www.correiodopovo.com.br\/bellamais\/estresse-cr%C3%B4nico-pode-afetar-o-ciclo-menstrual-entenda-1.1092380\" target=\"_blank\" rel=\"nofollow noopener\"><strong>irregularidade menstrual<\/strong><\/a>. J\u00e1 na menopausa, o foco se volta para o aumento das comorbidades metab\u00f3licas e cardiovasculares\u201d, explica a m\u00e9dica.<\/p>\n<\/blockquote>\n<p>Estudos indicam que mulheres com SOP t\u00eam at\u00e9 quatro vezes mais risco de desenvolver diabetes, al\u00e9m de apresentarem maior preval\u00eancia de <a href=\"https:\/\/www.correiodopovo.com.br\/bellamais\/saudefeminina\/mulheres-morrem-mais-por-hipertens%C3%A3o-associada-ao-%C3%A1lcool-aponta-estudo-1.1635500\" target=\"_blank\" rel=\"nofollow noopener\"><strong>hipertens\u00e3o<\/strong><\/a>, apneia do sono e s\u00edndrome metab\u00f3lica. Ainda n\u00e3o h\u00e1 evid\u00eancias conclusivas de que a s\u00edndrome eleve a mortalidade cardiovascular, mas os marcadores indiretos de risco \u2014 como espessura da art\u00e9ria car\u00f3tida e escore de c\u00e1lcio \u2014 costumam ser mais altos nesse grupo.<\/p>\n<p>\u201cEssas pacientes merecem uma avalia\u00e7\u00e3o detalhada do risco cardiovascular, incluindo exames metab\u00f3licos, de fun\u00e7\u00e3o hep\u00e1tica e de <a href=\"https:\/\/www.correiodopovo.com.br\/bellamais\/saudefeminina\/apneia-do-sono-dobra-o-risco-de-dem%C3%AAncia-em-mulheres-diz-estudo-1.1584874\" target=\"_blank\" rel=\"nofollow noopener\"><strong>apneia do sono<\/strong><\/a>. Tamb\u00e9m \u00e9 importante aplicar escores atualizados de risco, como a nova equa\u00e7\u00e3o Prevent, que considera par\u00e2metros mais amplos, incluindo microalbumin\u00faria, lipoprote\u00edna A e prote\u00edna C reativa\u201d, orienta Larissa.<\/p>\n<p>Veja Tamb\u00e9m<\/p>\n<p>Avan\u00e7os no tratamento e perspectivas futuras <\/p>\n<p>De acordo com a especialista, a grande novidade no manejo cl\u00ednico da SOP nessa faixa et\u00e1ria \u00e9 o uso de agonistas de GLP-1 e agonistas duplos ou triplos, medicamentos originalmente indicados para diabetes e obesidade, mas que mostram potencial para melhorar o metabolismo.<\/p>\n<p>\u201cEssas drogas s\u00e3o fortes candidatas para o tratamento de mulheres com s\u00edndrome dos ov\u00e1rios polic\u00edsticos e risco metab\u00f3lico elevado. Estudos em modelos animais t\u00eam mostrado melhora tanto dos par\u00e2metros metab\u00f3licos quanto da fun\u00e7\u00e3o reprodutiva\u201d, comenta.<\/p>\n<p>A m\u00e9dica refor\u00e7a, contudo, a import\u00e2ncia de um diagn\u00f3stico criterioso, evitando rotular pacientes apenas com base em ultrassonografia.<\/p>\n<p>\u201c\u00c9 fundamental confirmar o diagn\u00f3stico ainda na idade f\u00e9rtil, pois ele orienta o acompanhamento por toda a vida. Uma vez identificada, a SOP deve ser considerada um fator adicional de risco cardiovascular, guiando o grau de investiga\u00e7\u00e3o e a intensidade das medidas preventivas\u201d, conclui a m\u00e9dica endocrinologista.<\/p>\n","protected":false},"excerpt":{"rendered":"A s\u00edndrome dos ov\u00e1rios polic\u00edsticos (SOP) \u00e9 uma condi\u00e7\u00e3o cr\u00f4nica que acompanha a mulher ao longo da vida,&hellip;\n","protected":false},"author":2,"featured_media":128847,"comment_status":"","ping_status":"","sticky":false,"template":"","format":"standard","meta":{"footnotes":""},"categories":[86],"tags":[1061,116,4560,32,33,117,2268,29335,29334],"class_list":{"0":"post-128846","1":"post","2":"type-post","3":"status-publish","4":"format-standard","5":"has-post-thumbnail","7":"category-saude","8":"tag-bella-mais","9":"tag-health","10":"tag-menopausa","11":"tag-portugal","12":"tag-pt","13":"tag-saude","14":"tag-saude-feminina","15":"tag-sindrome-do-ovario-policistico","16":"tag-sop"},"share_on_mastodon":{"url":"https:\/\/pubeurope.com\/@pt\/115447931055266125","error":""},"_links":{"self":[{"href":"https:\/\/www.europesays.com\/pt\/wp-json\/wp\/v2\/posts\/128846","targetHints":{"allow":["GET"]}}],"collection":[{"href":"https:\/\/www.europesays.com\/pt\/wp-json\/wp\/v2\/posts"}],"about":[{"href":"https:\/\/www.europesays.com\/pt\/wp-json\/wp\/v2\/types\/post"}],"author":[{"embeddable":true,"href":"https:\/\/www.europesays.com\/pt\/wp-json\/wp\/v2\/users\/2"}],"replies":[{"embeddable":true,"href":"https:\/\/www.europesays.com\/pt\/wp-json\/wp\/v2\/comments?post=128846"}],"version-history":[{"count":0,"href":"https:\/\/www.europesays.com\/pt\/wp-json\/wp\/v2\/posts\/128846\/revisions"}],"wp:featuredmedia":[{"embeddable":true,"href":"https:\/\/www.europesays.com\/pt\/wp-json\/wp\/v2\/media\/128847"}],"wp:attachment":[{"href":"https:\/\/www.europesays.com\/pt\/wp-json\/wp\/v2\/media?parent=128846"}],"wp:term":[{"taxonomy":"category","embeddable":true,"href":"https:\/\/www.europesays.com\/pt\/wp-json\/wp\/v2\/categories?post=128846"},{"taxonomy":"post_tag","embeddable":true,"href":"https:\/\/www.europesays.com\/pt\/wp-json\/wp\/v2\/tags?post=128846"}],"curies":[{"name":"wp","href":"https:\/\/api.w.org\/{rel}","templated":true}]}}