{"id":128854,"date":"2025-10-27T20:10:08","date_gmt":"2025-10-27T20:10:08","guid":{"rendered":"https:\/\/www.europesays.com\/pt\/128854\/"},"modified":"2025-10-27T20:10:08","modified_gmt":"2025-10-27T20:10:08","slug":"camara-de-lisboa-recua-na-decisao-de-limitar-escolha-por-refeicoes-vegetarianas-nas-escolas","status":"publish","type":"post","link":"https:\/\/www.europesays.com\/pt\/128854\/","title":{"rendered":"C\u00e2mara de Lisboa recua na decis\u00e3o de limitar escolha por refei\u00e7\u00f5es vegetarianas nas escolas"},"content":{"rendered":"<p>&#13;<br \/>\nEm causa est\u00e1 uma comunica\u00e7\u00e3o divulgada na quarta-feira pelo Departamento de Educa\u00e7\u00e3o da C\u00e2mara Municipal de Lisboa na plataforma SIGA &#8212; que agiliza o contacto com os encarregados de educa\u00e7\u00e3o &#8212; a informar sobre os procedimentos de acesso pelos alunos \u00e0 dieta vegetariana nos refeit\u00f3rios das escolas p\u00fablicas, revelando que, a partir de 01 de janeiro de 2026, a op\u00e7\u00e3o vegetariana deixaria de estar vis\u00edvel no painel de marca\u00e7\u00f5es, uma vez que deixaria de ser disponibilizada de forma pontual ou ocasional e passaria a ser &#8220;reservada exclusivamente para os casos em que o regime vegetariano \u00e9 assumido de forma cont\u00ednua e estruturada&#8221;.&#13;\n<\/p>\n<p>&#13;<br \/>\nCinco dias ap\u00f3s essa comunica\u00e7\u00e3o, que levou ao surgimento de uma peti\u00e7\u00e3o pela continuidade da marca\u00e7\u00e3o livre de refei\u00e7\u00f5es vegetarianas nas escolas p\u00fablicas de Lisboa, que re\u00fane, at\u00e9 \u00e0s 17:30 de hoje, mais de 3.800 assinaturas, a vereadora da Educa\u00e7\u00e3o, Sofia Athayde, fez saber que determinou aos servi\u00e7os que essa decis\u00e3o &#8220;fica sem efeito e que devem ser reavaliadas as altera\u00e7\u00f5es comunicadas, e estudadas melhores solu\u00e7\u00f5es para compatibilizar as op\u00e7\u00f5es alimentares das fam\u00edlias em rela\u00e7\u00e3o aos seus educandos, com novas e refor\u00e7adas pol\u00edticas efetivas para redu\u00e7\u00e3o do desperd\u00edcio alimentar&#8221;.&#13;\n<\/p>\n<p>&#13;<br \/>\nAntes deste recuo, a organiza\u00e7\u00e3o ambientalista WWF Portugal manifestou &#8220;grande preocupa\u00e7\u00e3o&#8221; quanto \u00e0 decis\u00e3o da C\u00e2mara Municipal de Lisboa de remover as refei\u00e7\u00f5es vegetarianas como op\u00e7\u00e3o pontual nas escolas p\u00fablicas, alertando para o &#8220;retrocesso&#8221; na pol\u00edtica de alimenta\u00e7\u00e3o escolar.&#13;\n<\/p>\n<p>&#13;<br \/>\n&#8220;Ao assumir que crian\u00e7as n\u00e3o vegetarianas devem consumir prote\u00edna de origem animal todos os dias, a C\u00e2mara Municipal n\u00e3o leva em considera\u00e7\u00e3o as evid\u00eancias cient\u00edficas que demonstram o impacto que as dietas t\u00eam na sa\u00fade e no planeta. Os sistemas alimentares s\u00e3o respons\u00e1veis por cerca de 30% das emiss\u00f5es de CO2 [di\u00f3xido de carbono] em Portugal e apresentam uma pegada h\u00eddrica significativa, especialmente no caso da carne de vaca&#8221;, alertou a organiza\u00e7\u00e3o ambientalista, em comunicado.&#13;\n<\/p>\n<p>&#13;<br \/>\nNa quinta-feira, em resposta \u00e0 ag\u00eancia Lusa, o gabinete da vereadora da Educa\u00e7\u00e3o, Sofia Athayde (CDS-PP), disse que &#8220;n\u00e3o \u00e9 verdade que a livre escolha das refei\u00e7\u00f5es vegetarianas v\u00e1 acabar&#8221;, explicando que o que est\u00e1 em causa &#8220;n\u00e3o \u00e9 uma mudan\u00e7a, mas uma clarifica\u00e7\u00e3o de regras que j\u00e1 existiam&#8221; para que &#8220;se diminua fortemente o desperd\u00edcio alimentar causado pela imprevisibilidade do n\u00famero de refei\u00e7\u00f5es a confecionar em cada dia&#8221;.&#13;\n<\/p>\n<p>&#13;<br \/>\nNa peti\u00e7\u00e3o pela continuidade da marca\u00e7\u00e3o livre de refei\u00e7\u00f5es vegetarianas, encarregados de educa\u00e7\u00e3o defenderam que a decis\u00e3o da autarquia de limitar esta op\u00e7\u00e3o &#8220;\u00e9 inaceit\u00e1vel e representa um retrocesso nas pol\u00edticas de sustentabilidade, liberdade de escolha e educa\u00e7\u00e3o alimentar&#8221;.&#13;\n<\/p>\n<p>&#13;<br \/>\n&#8220;Limitar o acesso \u00e0s refei\u00e7\u00f5es vegetarianas apenas a quem `assuma formalmente um regime permanente` \u00e9 uma forma de discrimina\u00e7\u00e3o alimentar, contr\u00e1ria ao esp\u00edrito da lei n.\u00ba 11\/2017, que visa precisamente garantir o direito \u00e0 op\u00e7\u00e3o vegetariana nas cantinas p\u00fablicas, sem imposi\u00e7\u00f5es nem barreiras administrativas&#8221;, l\u00ea-se na peti\u00e7\u00e3o p\u00fablica.&#13;\n<\/p>\n<p>&#13;<br \/>\nReivindicando que a C\u00e2mara de Lisboa revogue a decis\u00e3o de eliminar a op\u00e7\u00e3o vegetariana do painel de marca\u00e7\u00f5es, os peticion\u00e1rios referem ainda que muitos encarregados de educa\u00e7\u00e3o e alunos escolhem refei\u00e7\u00f5es vegetarianas por motivos de sa\u00fade, ambientais, \u00e9ticos ou de prefer\u00eancia pessoal.&#13;<\/p>\n","protected":false},"excerpt":{"rendered":"&#13; Em causa est\u00e1 uma comunica\u00e7\u00e3o divulgada na quarta-feira pelo Departamento de Educa\u00e7\u00e3o da C\u00e2mara Municipal de Lisboa&hellip;\n","protected":false},"author":2,"featured_media":125096,"comment_status":"","ping_status":"","sticky":false,"template":"","format":"standard","meta":{"footnotes":""},"categories":[10],"tags":[27,28,15,16,14,25,26,21,22,12,13,19,20,32,23,24,33,420,421,17,18,29,30,31],"class_list":{"0":"post-128854","1":"post","2":"type-post","3":"status-publish","4":"format-standard","5":"has-post-thumbnail","7":"category-portugal","8":"tag-breaking-news","9":"tag-breakingnews","10":"tag-featured-news","11":"tag-featurednews","12":"tag-headlines","13":"tag-latest-news","14":"tag-latestnews","15":"tag-main-news","16":"tag-mainnews","17":"tag-news","18":"tag-noticias","19":"tag-noticias-principais","20":"tag-noticiasprincipais","21":"tag-portugal","22":"tag-principais-noticias","23":"tag-principaisnoticias","24":"tag-pt","25":"tag-rtp","26":"tag-rtp-noticias","27":"tag-top-stories","28":"tag-topstories","29":"tag-ultimas","30":"tag-ultimas-noticias","31":"tag-ultimasnoticias"},"share_on_mastodon":{"url":"https:\/\/pubeurope.com\/@pt\/115447950398258920","error":""},"_links":{"self":[{"href":"https:\/\/www.europesays.com\/pt\/wp-json\/wp\/v2\/posts\/128854","targetHints":{"allow":["GET"]}}],"collection":[{"href":"https:\/\/www.europesays.com\/pt\/wp-json\/wp\/v2\/posts"}],"about":[{"href":"https:\/\/www.europesays.com\/pt\/wp-json\/wp\/v2\/types\/post"}],"author":[{"embeddable":true,"href":"https:\/\/www.europesays.com\/pt\/wp-json\/wp\/v2\/users\/2"}],"replies":[{"embeddable":true,"href":"https:\/\/www.europesays.com\/pt\/wp-json\/wp\/v2\/comments?post=128854"}],"version-history":[{"count":0,"href":"https:\/\/www.europesays.com\/pt\/wp-json\/wp\/v2\/posts\/128854\/revisions"}],"wp:featuredmedia":[{"embeddable":true,"href":"https:\/\/www.europesays.com\/pt\/wp-json\/wp\/v2\/media\/125096"}],"wp:attachment":[{"href":"https:\/\/www.europesays.com\/pt\/wp-json\/wp\/v2\/media?parent=128854"}],"wp:term":[{"taxonomy":"category","embeddable":true,"href":"https:\/\/www.europesays.com\/pt\/wp-json\/wp\/v2\/categories?post=128854"},{"taxonomy":"post_tag","embeddable":true,"href":"https:\/\/www.europesays.com\/pt\/wp-json\/wp\/v2\/tags?post=128854"}],"curies":[{"name":"wp","href":"https:\/\/api.w.org\/{rel}","templated":true}]}}