{"id":128866,"date":"2025-10-27T20:21:10","date_gmt":"2025-10-27T20:21:10","guid":{"rendered":"https:\/\/www.europesays.com\/pt\/128866\/"},"modified":"2025-10-27T20:21:10","modified_gmt":"2025-10-27T20:21:10","slug":"samsung-atualiza-galaxy-s21-fe-com-o-patch-de-seguranca-de-outubro","status":"publish","type":"post","link":"https:\/\/www.europesays.com\/pt\/128866\/","title":{"rendered":"Samsung atualiza Galaxy S21 FE com o patch de seguran\u00e7a de outubro"},"content":{"rendered":"<p>A <strong>Samsung <\/strong>come\u00e7ou a liberar o <a class=\"tg-link-manual\" href=\"https:\/\/www.oficinadanet.com.br\/samsung\/64951-samsung-detalha-correcoes-patch-seguranca-outubro\" rel=\"nofollow noopener\" target=\"_blank\"><strong>patch de seguran\u00e7a de outubro de 2025<\/strong><\/a> para o <a class=\"tg-link-manual\" href=\"https:\/\/www.oficinadanet.com.br\/smartphones\/samsung-galaxy-s21-fe-5g\" rel=\"nofollow noopener\" target=\"_blank\"><strong>Galaxy S21 FE<\/strong><\/a>,come\u00e7ando pelo <strong>Vietn\u00e3<\/strong>. O lan\u00e7amento acontece logo ap\u00f3s o in\u00edcio da atualiza\u00e7\u00e3o para o <strong>One UI 8<\/strong>, baseada no <a class=\"lib tg-lib\" href=\"https:\/\/www.oficinadanet.com.br\/android\" rel=\"nofollow noopener\" target=\"_blank\">Android<\/a> 16. Como nem todos os usu\u00e1rios receberam ainda a nova interface, a <a class=\"lib tg-lib\" href=\"https:\/\/www.oficinadanet.com.br\/samsung\" rel=\"nofollow noopener\" target=\"_blank\">Samsung<\/a> est\u00e1 priorizando o envio do <a class=\"lib tg-lib\" href=\"https:\/\/www.oficinadanet.com.br\/android\/48466-como-funciona-o-security-patch-do-android\" rel=\"nofollow noopener\" target=\"_blank\">patch de seguran\u00e7a<\/a> para manter os dispositivos protegidos enquanto o update maior \u00e9 distribu\u00eddo gradualmente.<\/p>\n<p>Galaxy S21 FE recebendo patch de seguran\u00e7a de outubro<\/p>\n<p>O update, identificado pela vers\u00e3o <strong>G990EXXSJHYJ4<\/strong>, tem cerca de <strong>300 MB<\/strong> e corrige mais de <strong>30 vulnerabilidades<\/strong> que poderiam comprometer o sistema. A fabricante promete expandir a distribui\u00e7\u00e3o para outros pa\u00edses nos pr\u00f3ximos dias.<\/p>\n<p>Mesmo sendo uma atualiza\u00e7\u00e3o pequena, ela \u00e9 essencial. O <strong>patch de outubro de 2025<\/strong> resolve falhas cr\u00edticas encontradas no <a class=\"tg-link-manual\" href=\"https:\/\/www.oficinadanet.com.br\/android\" rel=\"nofollow noopener\" target=\"_blank\">Android<\/a> e na interface <strong>One UI<\/strong>, garantindo que os aparelhos contemplados com a atualiza\u00e7\u00e3o permane\u00e7a protegido contra riscos recentes. Embora a <a class=\"tg-link-manual\" href=\"https:\/\/www.oficinadanet.com.br\/samsung\" rel=\"nofollow noopener\" target=\"_blank\">Samsung<\/a> n\u00e3o tenha detalhado todas as corre\u00e7\u00f5es, essas atualiza\u00e7\u00f5es mensais s\u00e3o fundamentais para manter o telefone seguro e com bom desempenho.<\/p>\n<p>Vale lembrar que o aparleho vem recebendo tamb\u00e9m a <strong>One UI 8 baseada no Android 16<\/strong>, trazendo novos recursos de <strong>intelig\u00eancia artificial<\/strong> e op\u00e7\u00f5es de personaliza\u00e7\u00e3o.<\/p>\n<p>Como atualizar seu Galaxy S21 FE<\/p>\n<p>Se voc\u00ea tem um Galaxy S21 FE, vale a pena verificar se a atualiza\u00e7\u00e3o j\u00e1 est\u00e1 dispon\u00edvel para o seu aparelho. Para isso, siga os passos:<\/p>\n<ol>\n<li>Abra as <strong data-end=\"1997\">Configura\u00e7\u00f5es<\/strong> do celular.<\/li>\n<li>Toque em <strong data-end=\"2051\">Atualiza\u00e7\u00e3o de software<\/strong>.<\/li>\n<li>Selecione <strong data-end=\"2089\">Baixar e instalar<\/strong>.<\/li>\n<\/ol>\n<p>\ud83d\udca1 <strong>Dica<\/strong>: Fa\u00e7a o download com Wi-Fi e mantenha o celular carregando durante o processo, que pode levar cerca de 15 minutos.<\/p>\n<p>Caso a atualiza\u00e7\u00e3o ainda n\u00e3o apare\u00e7a, vale aguardar mais alguns dias, pois a Samsung costuma liberar os pacotes em ondas, por regi\u00e3o.<\/p>\n<p>Pr\u00f3xima atualiza\u00e7\u00e3o j\u00e1 est\u00e1 a caminho<\/p>\n<p>Enquanto refor\u00e7a a seguran\u00e7a dos modelos atuais, <a class=\"tg-link-manual\" href=\"https:\/\/www.oficinadanet.com.br\/samsung\/64606-one-ui-8-5-samsung-novos-recursos\" rel=\"nofollow noopener\" target=\"_blank\">a Samsung tamb\u00e9m trabalha na chegada do <strong>One UI 8.5<\/strong><\/a>, pr\u00f3xima grande atualiza\u00e7\u00e3o do sistema baseada no Android 16. A nova vers\u00e3o deve trazer melhorias visuais, novos recursos de <a class=\"lib tg-lib\" href=\"https:\/\/www.oficinadanet.com.br\/inteligencia-artificial\" rel=\"nofollow noopener\" target=\"_blank\">intelig\u00eancia artificial<\/a> e mais integra\u00e7\u00e3o entre dispositivos Galaxy.<\/p>\n<p><a href=\"https:\/\/www.sammyfans.com\/2025\/10\/27\/galaxy-s21-fe-grabs-october-2025-patch-amid-slow-one-ui-8-rollout\/\" class=\"tg-link-manual\" rel=\"nofollow  noopener\" target=\"_blank\">Fonte<\/a><\/p>\n","protected":false},"excerpt":{"rendered":"A Samsung come\u00e7ou a liberar o patch de seguran\u00e7a de outubro de 2025 para o Galaxy S21 FE,come\u00e7ando&hellip;\n","protected":false},"author":2,"featured_media":128867,"comment_status":"","ping_status":"","sticky":false,"template":"","format":"standard","meta":{"footnotes":""},"categories":[84],"tags":[2851,1730,109,107,108,29339,13,19175,32,33,952,105,103,104,1717,8511,954,106,110],"class_list":{"0":"post-128866","1":"post","2":"type-post","3":"status-publish","4":"format-standard","5":"has-post-thumbnail","7":"category-ciencia-e-tecnologia","8":"tag-android","9":"tag-atualizacao","10":"tag-ciencia","11":"tag-ciencia-e-tecnologia","12":"tag-cienciaetecnologia","13":"tag-galaxy-s21-fe","14":"tag-noticias","15":"tag-oneui8","16":"tag-portugal","17":"tag-pt","18":"tag-samsung","19":"tag-science","20":"tag-science-and-technology","21":"tag-scienceandtechnology","22":"tag-seguranca","23":"tag-sistemas_operacionais","24":"tag-smartphones","25":"tag-technology","26":"tag-tecnologia"},"share_on_mastodon":{"url":"https:\/\/pubeurope.com\/@pt\/115447993703099064","error":""},"_links":{"self":[{"href":"https:\/\/www.europesays.com\/pt\/wp-json\/wp\/v2\/posts\/128866","targetHints":{"allow":["GET"]}}],"collection":[{"href":"https:\/\/www.europesays.com\/pt\/wp-json\/wp\/v2\/posts"}],"about":[{"href":"https:\/\/www.europesays.com\/pt\/wp-json\/wp\/v2\/types\/post"}],"author":[{"embeddable":true,"href":"https:\/\/www.europesays.com\/pt\/wp-json\/wp\/v2\/users\/2"}],"replies":[{"embeddable":true,"href":"https:\/\/www.europesays.com\/pt\/wp-json\/wp\/v2\/comments?post=128866"}],"version-history":[{"count":0,"href":"https:\/\/www.europesays.com\/pt\/wp-json\/wp\/v2\/posts\/128866\/revisions"}],"wp:featuredmedia":[{"embeddable":true,"href":"https:\/\/www.europesays.com\/pt\/wp-json\/wp\/v2\/media\/128867"}],"wp:attachment":[{"href":"https:\/\/www.europesays.com\/pt\/wp-json\/wp\/v2\/media?parent=128866"}],"wp:term":[{"taxonomy":"category","embeddable":true,"href":"https:\/\/www.europesays.com\/pt\/wp-json\/wp\/v2\/categories?post=128866"},{"taxonomy":"post_tag","embeddable":true,"href":"https:\/\/www.europesays.com\/pt\/wp-json\/wp\/v2\/tags?post=128866"}],"curies":[{"name":"wp","href":"https:\/\/api.w.org\/{rel}","templated":true}]}}