{"id":128868,"date":"2025-10-27T20:23:20","date_gmt":"2025-10-27T20:23:20","guid":{"rendered":"https:\/\/www.europesays.com\/pt\/128868\/"},"modified":"2025-10-27T20:23:20","modified_gmt":"2025-10-27T20:23:20","slug":"eurocetica-e-apoiante-feroz-da-palestina-quem-e-catherine-connolly-a-nova-presidente-da-irlanda","status":"publish","type":"post","link":"https:\/\/www.europesays.com\/pt\/128868\/","title":{"rendered":"Euroc\u00e9tica e apoiante feroz da Palestina. Quem \u00e9 Catherine Connolly, a nova presidente da Irlanda?"},"content":{"rendered":"<p class=\"wp-caption-text top\"><a href=\"https:\/\/commons.wikimedia.org\/wiki\/File:Catherine_Connolly_%2852440201859%29_%28cropped%29.jpg\" rel=\"nofollow external noopener noreferrer\" data-wpel-link=\"external\" target=\"_blank\" class=\"ext-link\">Wikimedia<\/a><\/p>\n<p><img decoding=\"async\" loading=\"lazy\" class=\"wp-image-708038 size-kopa-image-size-3\" src=\"https:\/\/www.europesays.com\/pt\/wp-content\/uploads\/2025\/10\/9c5e2fffb72c8435f0a336593adb74e8-783x450.jpg\" alt=\"\" width=\"700\" height=\"402\"  \/><\/p>\n<p class=\"wp-caption-text bot\">Catherine Connolly<\/p>\n<p><strong>Esquerdista, defensora da reunifica\u00e7\u00e3o das Irlandas e uma estrela das redes sociais, Catherine Connolly prepara-se para ser a pr\u00f3xima presidente da Irlanda.<\/strong><\/p>\n<p>Durante a campanha eleitoral, Catherine Connolly insistiu que a Irlanda precisava de um presidente que \u201c<strong>n\u00e3o tivesse medo de se opor ao consenso<\/strong>\u201c.<\/p>\n<p>\u00c9 algo que a natural de Galway aprendeu a fazer desde muito nova.<\/p>\n<p>\u201cVinda de uma fam\u00edlia de 14 filhos, cresci com a compreens\u00e3o da<strong> import\u00e2ncia de ouvir vozes diferentes<\/strong>\u201c, disse.<\/p>\n<p>O casamento dos seus pais gerou sete raparigas e sete rapazes, que foram criados num bairro social na cidade de Galway.<\/p>\n<p>A futura presidente foi a nona filha do casal e recordou como o facto de ter crescido numa fam\u00edlia t\u00e3o grande moldou as suas opini\u00f5es e \u201cme formou em todos os sentidos\u201d.<\/p>\n<p>\u201cVenho de uma forma\u00e7\u00e3o que <strong>valorizava muito a integridade e a honestidade<\/strong>\u201c, disse ao programa Talkback da BBC no m\u00eas passado.<\/p>\n<p>\u201cA minha m\u00e3e morreu quando eu era jovem e vi o meu pai \u2014 o homem mais honesto \u2014 trabalhar todas as semanas por n\u00f3s para nos criar.\u201d<\/p>\n<p>A morte da sua m\u00e3e foi repentina. A jovem Catherine tinha apenas nove anos na altura e o filho mais novo era um beb\u00e9 de um ano.<\/p>\n<p>O seu pai vi\u00favo, um estucador que tamb\u00e9m fazia pequenos trabalhos de constru\u00e7\u00e3o, ficou a precisar de ajuda em casa.<\/p>\n<p>Em entrevistas, Connolly presta homenagem \u00e0s suas duas irm\u00e3s mais velhas que \u201c<strong>assumiram a responsabilidade<\/strong>\u201d e passaram a maior parte da adolesc\u00eancia a cuidar dos irm\u00e3os mais novos.<\/p>\n<p>\u201cEu estava a salvar o mundo\u201d<\/p>\n<p>Na adolesc\u00eancia, Connolly tornou-se <strong>ativa na sua comunidade<\/strong>, trabalhando como volunt\u00e1ria em duas organiza\u00e7\u00f5es leigas cat\u00f3licas \u2013 a Legi\u00e3o de Maria e a Ordem de Malta.<\/p>\n<p>Isto implicava levar refei\u00e7\u00f5es sobre rodas aos idosos e limpar as suas casas.<\/p>\n<p>\u201cA piada era que eu estava a salvar o mundo e n\u00e3o a fazer as tarefas dom\u00e9sticas em casa\u201d, disse recentemente ao podcaster S\u00edle Seoige.<\/p>\n<p>Mais tarde, <strong>formou-se em psicologia<\/strong> com alem\u00e3o, antes de aceitar um emprego como psic\u00f3loga cl\u00ednica num conselho de sa\u00fade do Condado de Galway.<\/p>\n<p>Mas recusou um cargo permanente e, em vez disso, come\u00e7ou a estudar Direito \u00e0 noite. Formou-se como advogada em 1991 e, no ano seguinte, casou com o seu namorado, Brian McEnery. M\u00e3e de dois filhos, tinha pouco mais de 40 anos quando ingressou na pol\u00edtica, em 1999.<\/p>\n<p>Recorda-se de ter sido encorajada a<strong> candidatar-se ao Partido Trabalhista<\/strong> pelo presidente cessante da Irlanda, Michael D. Higgins, e pela sua mulher.<\/p>\n<p>O seu principal motivo para se envolver foi a ambi\u00e7\u00e3o de resolver o d\u00e9fice habitacional na Irlanda, que ela descreveu como a \u201c<strong>crise social definidora do nosso tempo<\/strong>\u201c.<\/p>\n<p>Connolly serviu 17 anos como vereadora em Galway, incluindo um mandato de um ano como presidente da c\u00e2mara da sua cidade natal.<\/p>\n<p>No entanto, criticou o Partido Trabalhista por n\u00e3o apoiar a sua candidatura para concorrer ao lado de Higgins nas elei\u00e7\u00f5es gerais de 2007 e abandonou o partido ap\u00f3s essa disputa.<\/p>\n<p>Candidata independente, fez <strong>duas tentativas falhadas<\/strong> para ser eleita para o D\u00e1il (Parlamento Irland\u00eas) antes de finalmente conquistar um lugar em 2016.<\/p>\n<p>Connolly tornou-se a primeira mulher eleita para presidir aos debates no D\u00e1il, ao garantir o cargo de Leas-Cheann Comhairle (Vice-Presidente) em 2020.<\/p>\n<p>Foi uma vit\u00f3ria surpreendente, na qual conseguiu <strong>unir os partidos da oposi\u00e7\u00e3o<\/strong> contra o candidato do governo em fun\u00e7\u00f5es.<\/p>\n<p>Voltou a uni-los com a sua candidatura presidencial, garantindo o apoio do Sinn F\u00e9in, dos Social-Democratas, do Povo Antes do Lucro e do seu antigo partido, o Trabalhista.<\/p>\n<p>Estrela das redes sociais<\/p>\n<p>Fora da pol\u00edtica, Connolly \u00e9 uma apaixonada oradora de irland\u00eas e uma desportista \u00e1vida que correu maratonas e <strong>jogou badminton de forma competitiva<\/strong> na sua juventude.<\/p>\n<p>A mulher de 68 anos demonstrou recentemente as suas capacidades na campanha eleitoral, <strong>jogando futebol e basquetebol<\/strong> com crian\u00e7as de um pr\u00e9dio de apartamentos na zona norte de Dublin.<\/p>\n<p>Tornou-se uma improv\u00e1vel estrela das redes sociais quando um v\u00eddeo viral dela a praticar \u201ckeepie-uppies\u201d nos apartamentos acumulou <strong>milh\u00f5es de visualiza\u00e7\u00f5es<\/strong> no Instagram e no TikTok.<\/p>\n<p>Durante a campanha, Connolly enfrentou algumas perguntas dif\u00edceis sobre as suas opini\u00f5es e associa\u00e7\u00f5es anteriores.<\/p>\n<p>A sua rival, Heather Humphreys, <strong>acusou-a de hipocrisia<\/strong> por criticar as reintegra\u00e7\u00f5es de posse enquanto, ao mesmo tempo, representava bancos como advogada em processos judiciais de reintegra\u00e7\u00e3o de posse.<\/p>\n<p>Connolly tamb\u00e9m teve de defender a contrata\u00e7\u00e3o de uma mulher que tinha sido recentemente libertada da pris\u00e3o por crimes com armas de fogo num processo judicial de republicanos dissidentes.<\/p>\n<p>Foi tamb\u00e9m questionada sobre a sua decis\u00e3o de <strong>viajar para a S\u00edria em 2018<\/strong>, onde, a dada altura, o seu grupo entrou em contacto com um apoiante armado de Bashar al-Assad.<\/p>\n<p>Connolly respondeu dizendo que a viagem era uma miss\u00e3o de apuramento de factos para destacar a situa\u00e7\u00e3o dos refugiados e insistiu que o seu grupo n\u00e3o tinha controlo sobre quem participava na excurs\u00e3o.<\/p>\n<p>Ser\u00e1 a Irlanda do Norte a primeira visita oficial?<\/p>\n<p>Connolly \u00e9 uma <strong>cr\u00edtica ac\u00e9rrima das a\u00e7\u00f5es de Israel em Gaza<\/strong> e prometeu usar a sua presid\u00eancia para ser uma \u201cvoz pela paz\u201d num mundo cada vez mais incerto.<\/p>\n<p><strong>Op\u00f5e-se \u00e0 crescente militariza\u00e7\u00e3o da Europa<\/strong> e alertou contra a \u201cconstru\u00e7\u00e3o de consensos\u201d para enfraquecer a pol\u00edtica de neutralidade militar da Irlanda. Tamb\u00e9m j\u00e1 descreveu a UE como neoliberal e pouco democr\u00e1tica.<\/p>\n<p>\u00c0 BBC Talkback, disse que, ao sondar os eleitores, Gaza estava \u201cno topo da lista de preocupa\u00e7\u00f5es\u201d e era levantada com mais frequ\u00eancia do que qualquer outra quest\u00e3o, incluindo a unidade irlandesa.<\/p>\n<p>Connolly disse que \u201c<strong>adoraria ver uma Irlanda unida<\/strong>\u201d durante a sua vida e, se fosse eleita presidente, faria da Irlanda do Norte o local da sua primeira visita oficial.<\/p>\n<p>Mas tamb\u00e9m sublinhou que, de acordo com a Constitui\u00e7\u00e3o irlandesa, a unidade irlandesa s\u00f3 pode ser alcan\u00e7ada atrav\u00e9s de meios pac\u00edficos e com o consentimento dos eleitores de ambas as partes da ilha.<\/p>\n<p>    <a href=\"https:\/\/zap.aeiou.pt\/subscrever-newsletter\" data-wpel-link=\"internal\" rel=\"nofollow noopener\" target=\"_blank\">&#13;<br \/>\n        <img loading=\"lazy\" decoding=\"async\" class=\"aligncenter size-full wp-image-575475\" src=\"https:\/\/www.europesays.com\/pt\/wp-content\/uploads\/2025\/10\/1759862234_971_2d51fe4a0ba54894421ead1809309ed9-1-450x140.jpg\" alt=\"Subscreva a Newsletter ZAP\" width=\"450\" height=\"140\"\/>&#13;<br \/>\n    <\/a><\/p>\n<p>                <a href=\"https:\/\/whatsapp.com\/channel\/0029VaIC4EE2f3EJZPPSbR34\" data-wpel-link=\"external\" target=\"_blank\" rel=\"nofollow external noopener noreferrer\" class=\"ext-link\">&#13;<br \/>\n                    <img loading=\"lazy\" decoding=\"async\" class=\"aligncenter size-full wp-image-575475\" src=\"https:\/\/www.europesays.com\/pt\/wp-content\/uploads\/2025\/10\/1759862234_512_c68c559d956d4ca20f435ed74a6e71e6.png\" alt=\"Siga-nos no WhatsApp\" width=\"175\" height=\"64\"\/>&#13;<br \/>\n                <\/a><\/p>\n<p>                <a href=\"https:\/\/news.google.com\/publications\/CAAiEHRwZondIV71PDjWNoqMduEqFAgKIhB0cGaJ3SFe9Tw41jaKjHbh?hl=en-US&amp;gl=US&amp;ceid=US%3Aen\" data-wpel-link=\"external\" target=\"_blank\" rel=\"nofollow external noopener noreferrer\" class=\"ext-link\">&#13;<br \/>\n                    <img loading=\"lazy\" decoding=\"async\" class=\"aligncenter size-full wp-image-575475\" src=\"https:\/\/www.europesays.com\/pt\/wp-content\/uploads\/2025\/10\/1759862235_242_5123dd8b087b644fdb8f8603acd1bad4.png\" alt=\"Siga-nos no Google News\" width=\"176\" height=\"64\"\/>&#13;<br \/>\n                <\/a><\/p>\n","protected":false},"excerpt":{"rendered":"Wikimedia Catherine Connolly Esquerdista, defensora da reunifica\u00e7\u00e3o das Irlandas e uma estrela das redes sociais, Catherine Connolly prepara-se&hellip;\n","protected":false},"author":2,"featured_media":128869,"comment_status":"","ping_status":"","sticky":false,"template":"","format":"standard","meta":{"footnotes":""},"categories":[50],"tags":[27,28,269,15,16,14,9852,25,26,21,22,62,12,13,19,20,4007,23,24,17,18,29,30,31,63,64,65],"class_list":{"0":"post-128868","1":"post","2":"type-post","3":"status-publish","4":"format-standard","5":"has-post-thumbnail","7":"category-mundo","8":"tag-breaking-news","9":"tag-breakingnews","10":"tag-capa","11":"tag-featured-news","12":"tag-featurednews","13":"tag-headlines","14":"tag-irlanda","15":"tag-latest-news","16":"tag-latestnews","17":"tag-main-news","18":"tag-mainnews","19":"tag-mundo","20":"tag-news","21":"tag-noticias","22":"tag-noticias-principais","23":"tag-noticiasprincipais","24":"tag-politica-internacional","25":"tag-principais-noticias","26":"tag-principaisnoticias","27":"tag-top-stories","28":"tag-topstories","29":"tag-ultimas","30":"tag-ultimas-noticias","31":"tag-ultimasnoticias","32":"tag-world","33":"tag-world-news","34":"tag-worldnews"},"share_on_mastodon":{"url":"https:\/\/pubeurope.com\/@pt\/115448001740022069","error":""},"_links":{"self":[{"href":"https:\/\/www.europesays.com\/pt\/wp-json\/wp\/v2\/posts\/128868","targetHints":{"allow":["GET"]}}],"collection":[{"href":"https:\/\/www.europesays.com\/pt\/wp-json\/wp\/v2\/posts"}],"about":[{"href":"https:\/\/www.europesays.com\/pt\/wp-json\/wp\/v2\/types\/post"}],"author":[{"embeddable":true,"href":"https:\/\/www.europesays.com\/pt\/wp-json\/wp\/v2\/users\/2"}],"replies":[{"embeddable":true,"href":"https:\/\/www.europesays.com\/pt\/wp-json\/wp\/v2\/comments?post=128868"}],"version-history":[{"count":0,"href":"https:\/\/www.europesays.com\/pt\/wp-json\/wp\/v2\/posts\/128868\/revisions"}],"wp:featuredmedia":[{"embeddable":true,"href":"https:\/\/www.europesays.com\/pt\/wp-json\/wp\/v2\/media\/128869"}],"wp:attachment":[{"href":"https:\/\/www.europesays.com\/pt\/wp-json\/wp\/v2\/media?parent=128868"}],"wp:term":[{"taxonomy":"category","embeddable":true,"href":"https:\/\/www.europesays.com\/pt\/wp-json\/wp\/v2\/categories?post=128868"},{"taxonomy":"post_tag","embeddable":true,"href":"https:\/\/www.europesays.com\/pt\/wp-json\/wp\/v2\/tags?post=128868"}],"curies":[{"name":"wp","href":"https:\/\/api.w.org\/{rel}","templated":true}]}}