{"id":128870,"date":"2025-10-27T20:25:54","date_gmt":"2025-10-27T20:25:54","guid":{"rendered":"https:\/\/www.europesays.com\/pt\/128870\/"},"modified":"2025-10-27T20:25:54","modified_gmt":"2025-10-27T20:25:54","slug":"sucessao-no-bloco-de-esquerda-jose-manuel-pureza-e-jose-soeiro-sao-os-preferidos-diario-de-noticias","status":"publish","type":"post","link":"https:\/\/www.europesays.com\/pt\/128870\/","title":{"rendered":"Sucess\u00e3o no Bloco de Esquerda: Jos\u00e9 Manuel Pureza e Jos\u00e9 Soeiro s\u00e3o os preferidos &#8211; Di\u00e1rio de Not\u00edcias"},"content":{"rendered":"<ol>\n<li><a href=\"https:\/\/news.google.com\/rss\/articles\/CBMirAFBVV95cUxQYUotMGVSSVB5TGNaOG92QnVfZGdUNlBxUGc4cUlpLTZ2SGZqYVJBZWR3X044djhUaFBSY0JzSjd2REY2bnFXNnR4cDhTUkRiWkQ5WGtMdi1MVEdTRnFuNjZ6VVhNMmVkZS1FSEI5c1dpaE11Uy1nTnFBclREMXVwcjdSanJMWFY4Mnp5UEpHdXNNSVRPSkMwWHZkY0o0ckpzaEVUNklLb0dKZnhB?oc=5\" target=\"_blank\" rel=\"nofollow noopener\">Sucess\u00e3o no Bloco de Esquerda: Jos\u00e9 Manuel Pureza e Jos\u00e9 Soeiro s\u00e3o os preferidos<\/a>&nbsp;&nbsp;Di\u00e1rio de Not\u00edcias<\/li>\n<li><a href=\"https:\/\/news.google.com\/rss\/articles\/CBMizwFBVV95cUxPY0RJMmg5ajViVjVaV1k0ZXN2LThRalZHYlN4TXp0SWxTNWh0bS1HNUF2Skp1a0NHNXZDdDFQT0tscGQxNm94MmVFU0MwUUxvTUZ5NHh5UXBpRFFONlFIaklOZWJiN3ZVd2hQNVR3NXVTVk9sOU1pV09ueGhGN2NQMTFfTE9GeTltMlczQnBTSE9zWlBNdldFRTcyYXdjZlRrWHVWM09yR0NhTHJWX3RDeklXNnV2cC1PaXRxNWpXcjlmdW15YnAyM2FJT1QtT1E?oc=5\" target=\"_blank\" rel=\"nofollow noopener\">L\u00edder do Bloco de Esquerda de Portugal n\u00e3o concorrer\u00e1 \u00e0 reelei\u00e7\u00e3o ap\u00f3s mau desempenho eleitoral<\/a>&nbsp;&nbsp;Gazeta do Povo<\/li>\n<li><a href=\"https:\/\/news.google.com\/rss\/articles\/CBMipgFBVV95cUxPc3FYWEZFNjlqdlhYd0FhZzJIYjkwdS03N2VtUXFxMkV3TWRUVlNOSXFoLXpHaFZTMmVKYWJqbjZoY0VENjI5a0Vud3RMVHl6RmstYUJISnZFNlJHVk9SbFF0YWVFeWlidm9WaVpqYVRKcmxpcy1uVmJhUXFzSkJmc0VqQzZCcXlkQk43QjJjc0tJdGZCMHVFdUpQODBKb1NRWWE4SS1n?oc=5\" target=\"_blank\" rel=\"nofollow noopener\">Mort\u00e1gua acusa PS de passar &#8220;cheque em branco&#8221; no Or\u00e7amento<\/a>&nbsp;&nbsp;RTP<\/li>\n<li><a href=\"https:\/\/news.google.com\/rss\/articles\/CBMi2wFBVV95cUxNZ2FHTlVtbXR0OW5pLVdGdUhvMkNuWnhnNUxQMjN0NmFRS2RpYkRCWkh2Szlldjg3bVZPb29LVWJieVZ1dm1TTW4teUdMVGlzMTRyS2pUUXFweHc4Yzh4cU5aQ3BkMmtKcHJCUnowOWY4eUstd2xuVVJ6U2xfclFJWHJycE9GUE1ZYldsRnpIeHFSV3NzWEdfUjh0ZjR0VHctNmdCWHF3SVJySXZRUzJGOTF3UnFFOE5rVTlEQmNLMi05UUpaaHNDaWFoSHNqYlRpN25obkx2UmVDblk?oc=5\" target=\"_blank\" rel=\"nofollow noopener\">Bloco anuncia voto contra Or\u00e7amento e acusa PS de &#8220;passar cheque&#8221; a documento &#8220;pouco transparente&#8221;<\/a>&nbsp;&nbsp;Jornal de Neg\u00f3cios<\/li>\n<li><a href=\"https:\/\/news.google.com\/rss\/articles\/CBMidkFVX3lxTE43YXBXWEdxSFNzb0M4M3JRclpJNDJlVEJEYU80NndseE9zUXhqbXRfaElqOHlBbGE0ZXVHQmYwNTVvd0Jzc2prWUJZNjh1djE2QjgxM1ZCcFVzUjhncDlhWjRHa1R0NEJOWG9LbFNFancyRy1oWEE?oc=5\" target=\"_blank\" rel=\"nofollow noopener\">O Bloco est\u00e1 a morrer? Paz \u00e0 sua alma<\/a>&nbsp;&nbsp;Observador<\/li>\n<\/ol>\n","protected":false},"excerpt":{"rendered":"Sucess\u00e3o no Bloco de Esquerda: Jos\u00e9 Manuel Pureza e Jos\u00e9 Soeiro s\u00e3o os preferidos&nbsp;&nbsp;Di\u00e1rio de Not\u00edcias L\u00edder do&hellip;\n","protected":false},"author":2,"featured_media":128871,"comment_status":"","ping_status":"","sticky":false,"template":"","format":"standard","meta":{"footnotes":""},"categories":[10],"tags":[454,27,28,306,23666,15,16,14,23665,28935,27282,25,26,21,22,1737,29340,29342,12,13,19,20,32,23,24,33,29341,17,18,29,30,31],"class_list":{"0":"post-128870","1":"post","2":"type-post","3":"status-publish","4":"format-standard","5":"has-post-thumbnail","7":"category-portugal","8":"tag-bloco-de-esquerda","9":"tag-breaking-news","10":"tag-breakingnews","11":"tag-edicao-impressa","12":"tag-fabian-figueiredo","13":"tag-featured-news","14":"tag-featurednews","15":"tag-headlines","16":"tag-joana-mortagua","17":"tag-jose-manuel-pureza","18":"tag-jose-soeiro","19":"tag-latest-news","20":"tag-latestnews","21":"tag-main-news","22":"tag-mainnews","23":"tag-mariana-mortagua","24":"tag-marisa-matias","25":"tag-mocao","26":"tag-news","27":"tag-noticias","28":"tag-noticias-principais","29":"tag-noticiasprincipais","30":"tag-portugal","31":"tag-principais-noticias","32":"tag-principaisnoticias","33":"tag-pt","34":"tag-sucessao","35":"tag-top-stories","36":"tag-topstories","37":"tag-ultimas","38":"tag-ultimas-noticias","39":"tag-ultimasnoticias"},"share_on_mastodon":{"url":"","error":"Validation failed: Text character limit of 500 exceeded"},"_links":{"self":[{"href":"https:\/\/www.europesays.com\/pt\/wp-json\/wp\/v2\/posts\/128870","targetHints":{"allow":["GET"]}}],"collection":[{"href":"https:\/\/www.europesays.com\/pt\/wp-json\/wp\/v2\/posts"}],"about":[{"href":"https:\/\/www.europesays.com\/pt\/wp-json\/wp\/v2\/types\/post"}],"author":[{"embeddable":true,"href":"https:\/\/www.europesays.com\/pt\/wp-json\/wp\/v2\/users\/2"}],"replies":[{"embeddable":true,"href":"https:\/\/www.europesays.com\/pt\/wp-json\/wp\/v2\/comments?post=128870"}],"version-history":[{"count":0,"href":"https:\/\/www.europesays.com\/pt\/wp-json\/wp\/v2\/posts\/128870\/revisions"}],"wp:featuredmedia":[{"embeddable":true,"href":"https:\/\/www.europesays.com\/pt\/wp-json\/wp\/v2\/media\/128871"}],"wp:attachment":[{"href":"https:\/\/www.europesays.com\/pt\/wp-json\/wp\/v2\/media?parent=128870"}],"wp:term":[{"taxonomy":"category","embeddable":true,"href":"https:\/\/www.europesays.com\/pt\/wp-json\/wp\/v2\/categories?post=128870"},{"taxonomy":"post_tag","embeddable":true,"href":"https:\/\/www.europesays.com\/pt\/wp-json\/wp\/v2\/tags?post=128870"}],"curies":[{"name":"wp","href":"https:\/\/api.w.org\/{rel}","templated":true}]}}