{"id":128872,"date":"2025-10-27T20:31:07","date_gmt":"2025-10-27T20:31:07","guid":{"rendered":"https:\/\/www.europesays.com\/pt\/128872\/"},"modified":"2025-10-27T20:31:07","modified_gmt":"2025-10-27T20:31:07","slug":"sabrina-sato-relembra-epoca-no-panico-e-fala-de-nicole-bahls","status":"publish","type":"post","link":"https:\/\/www.europesays.com\/pt\/128872\/","title":{"rendered":"Sabrina Sato relembra \u00e9poca no P\u00e2nico e fala de Nicole Bahls"},"content":{"rendered":"<p>Jurada convidada no quadro &#8220;Dan\u00e7a dos Famosos 2025&#8221; desse domingo (26\/10), no &#8220;Doming\u00e3o com Huck&#8221;, Sabrina Sato se emocionou ao comentar sobre a performance de Nicole Bahls. &#8220;Estou at\u00e9 emocionada de estar aqui vendo a Nicole brilhar nesse palco. Trabalhamos juntas h\u00e1 muitos anos&#8221;, come\u00e7ou a apresentadora da Globo.\u00a0<\/p>\n<p>Luciano Huck lembrou o per\u00edodo em que as duas trabalharam juntas: &#8220;No &#8216;P\u00e2nico&#8217;, aos domingos&#8221;. &#8220;Era tanta humilha\u00e7\u00e3o que a gente passou, a gente ralava tanto&#8221;, disse Sabrina, que exaltou o momento que ambas vivem na emissora e na vida profissional: &#8220;Agora v\u00ea-la brilhar, se divertir, \u00e9 t\u00e3o bom. Faz t\u00e3o bem para a minha alma. Amiga, a gente venceu&#8221;.<\/p>\n<p>\u00a0<\/p>\n<blockquote class=\"instagram-media\" style=\"background: #FFF; border: 0; border-radius: 3px; box-shadow: 0 0 1px 0 rgba(0,0,0,0.5),0 1px 10px 0 rgba(0,0,0,0.15); margin: 1px; max-width: 540px; min-width: 326px; padding: 0; width: calc(100% - 2px);\" data-instgrm-captioned=\"\" data-instgrm-permalink=\"https:\/\/www.instagram.com\/reel\/DQSi98jEY9Y\/?utm_source=ig_embed&amp;utm_campaign=loading\" data-instgrm-version=\"14\"><p>&#13;<br \/>\n&#13;\n<\/p><\/blockquote>\n<p>O apresentador aproveitou para elogiar a evolu\u00e7\u00e3o de Nicole Bahls, que come\u00e7ou desacreditada na competi\u00e7\u00e3o, mas agora vem se destacando nas coreografias: &#8220;Voc\u00eas s\u00e3o e sempre ser\u00e3o protagonistas de suas pr\u00f3prias hist\u00f3rias&#8221;.<\/p>\n<p>Ap\u00f3s sair do BBB 3, Sabrina Sato permaneceu no programa P\u00e2nico por 10 anos, de 2003 a 2013, quando deixou a atra\u00e7\u00e3o para se tornar apresentadora na Record. Nicole Bahls trabalhou no humor\u00edstico entre 2009 e 2015. <strong>(Ana Cora Lima\/Folhapress)<\/strong><\/p>\n<p>            <script async src=\"\/\/www.instagram.com\/embed.js\"><\/script><\/p>\n","protected":false},"excerpt":{"rendered":"Jurada convidada no quadro &#8220;Dan\u00e7a dos Famosos 2025&#8221; desse domingo (26\/10), no &#8220;Doming\u00e3o com Huck&#8221;, Sabrina Sato se&hellip;\n","protected":false},"author":2,"featured_media":128873,"comment_status":"","ping_status":"","sticky":false,"template":"","format":"standard","meta":{"footnotes":""},"categories":[145],"tags":[211,210,4572,114,115,8416,12493,32,33,3792],"class_list":{"0":"post-128872","1":"post","2":"type-post","3":"status-publish","4":"format-standard","5":"has-post-thumbnail","7":"category-celebridades","8":"tag-celebridades","9":"tag-celebrities","10":"tag-danca-dos-famosos","11":"tag-entertainment","12":"tag-entretenimento","13":"tag-nicole-bahls","14":"tag-panico","15":"tag-portugal","16":"tag-pt","17":"tag-sabrina-sato"},"share_on_mastodon":{"url":"https:\/\/pubeurope.com\/@pt\/115448033007061182","error":""},"_links":{"self":[{"href":"https:\/\/www.europesays.com\/pt\/wp-json\/wp\/v2\/posts\/128872","targetHints":{"allow":["GET"]}}],"collection":[{"href":"https:\/\/www.europesays.com\/pt\/wp-json\/wp\/v2\/posts"}],"about":[{"href":"https:\/\/www.europesays.com\/pt\/wp-json\/wp\/v2\/types\/post"}],"author":[{"embeddable":true,"href":"https:\/\/www.europesays.com\/pt\/wp-json\/wp\/v2\/users\/2"}],"replies":[{"embeddable":true,"href":"https:\/\/www.europesays.com\/pt\/wp-json\/wp\/v2\/comments?post=128872"}],"version-history":[{"count":0,"href":"https:\/\/www.europesays.com\/pt\/wp-json\/wp\/v2\/posts\/128872\/revisions"}],"wp:featuredmedia":[{"embeddable":true,"href":"https:\/\/www.europesays.com\/pt\/wp-json\/wp\/v2\/media\/128873"}],"wp:attachment":[{"href":"https:\/\/www.europesays.com\/pt\/wp-json\/wp\/v2\/media?parent=128872"}],"wp:term":[{"taxonomy":"category","embeddable":true,"href":"https:\/\/www.europesays.com\/pt\/wp-json\/wp\/v2\/categories?post=128872"},{"taxonomy":"post_tag","embeddable":true,"href":"https:\/\/www.europesays.com\/pt\/wp-json\/wp\/v2\/tags?post=128872"}],"curies":[{"name":"wp","href":"https:\/\/api.w.org\/{rel}","templated":true}]}}