{"id":128882,"date":"2025-10-27T20:41:44","date_gmt":"2025-10-27T20:41:44","guid":{"rendered":"https:\/\/www.europesays.com\/pt\/128882\/"},"modified":"2025-10-27T20:41:44","modified_gmt":"2025-10-27T20:41:44","slug":"rui-revela-que-ha-uma-concorrente-da-casa-que-se-interessou-por-si-saiba-quem-secret-story","status":"publish","type":"post","link":"https:\/\/www.europesays.com\/pt\/128882\/","title":{"rendered":"Rui revela que h\u00e1 uma concorrente da casa que se interessou por si. Saiba quem &#8211; Secret Story"},"content":{"rendered":"<p data-end=\"811\" data-start=\"579\"><strong>Rui<\/strong> foi o concorrente expulso na gala de domingo do <a href=\"https:\/\/tvi.iol.pt\/secretstory\/\" target=\"_blank\" rel=\"nofollow noopener\"><strong>Secret Story 9<\/strong><\/a> e, esta segunda-feira, marcou presen\u00e7a no programa <a href=\"https:\/\/tvi.iol.pt\/doisas10\/\" target=\"_blank\" rel=\"nofollow noopener\"><strong>Dois \u00e0s 10<\/strong><\/a>, onde falou sobre a sua experi\u00eancia no jogo e sobre o percurso de vida que o moldou.<\/p>\n<p data-end=\"1125\" data-start=\"813\">Durante a conversa com <strong>Cristina Ferreira <\/strong>e<strong> Cl\u00e1udio Ramos<\/strong>, o ex-concorrente revelou que <strong data-end=\"970\" data-start=\"900\">houve uma concorrente que demonstrou interesse por si: a Mariana<\/strong><strong data-end=\"970\" data-start=\"900\">.<\/strong> <strong>\u00ab<\/strong><strong data-end=\"1037\" data-start=\"972\">Acredito que a Mariana possa ter sentido alguma coisa por mim<\/strong><strong>\u00bb<\/strong>, afirmou Rui, deixando o est\u00fadio curioso sobre a liga\u00e7\u00e3o entre ambos dentro da casa. No entanto, garantiu que nunca iria apaixonar-se dentro de um reality show, pois nunca se sabe quem s\u00e3o verdadeiramente as pessoas dentro de um contexto destes. Apenas c\u00e1 fora, no mundo real, consegue qveriguar isso, considerando arriscado algo do g\u00e9nero, como aconteceu com Liliana e F\u00e1bio.<\/p>\n<p>Veja o momento: <\/p>\n<p data-end=\"1763\" data-start=\"1399\">Para al\u00e9m das revela\u00e7\u00f5es sobre o jogo, o jovem de 21 anos mostrou um lado mais \u00edntimo e emocionou ao partilhar a sua hist\u00f3ria de vida. Contou que os pais o tiveram muito jovens, com 18 anos, e que o apoio dos av\u00f3s maternos foi essencial no seu crescimento. Apesar da separa\u00e7\u00e3o precoce dos pais, Rui garantiu que nunca se sentiu desamparado.<\/p>\n<p data-end=\"2381\" data-start=\"2044\">O ex-concorrente admitiu ainda que passou por fases dif\u00edceis na adolesc\u00eancia, mas que hoje se sente em paz consigo mesmo. A participa\u00e7\u00e3o no Secret Story 9, ainda que curta, ajudou-o a crescer e a conhecer-se melhor.<\/p>\n","protected":false},"excerpt":{"rendered":"Rui foi o concorrente expulso na gala de domingo do Secret Story 9 e, esta segunda-feira, marcou presen\u00e7a&hellip;\n","protected":false},"author":2,"featured_media":128883,"comment_status":"","ping_status":"","sticky":false,"template":"","format":"standard","meta":{"footnotes":""},"categories":[85],"tags":[18706,2632,114,115,18705,884,32,33,2444,1315,18704],"class_list":{"0":"post-128882","1":"post","2":"type-post","3":"status-publish","4":"format-standard","5":"has-post-thumbnail","7":"category-entretenimento","8":"tag-bastidores-secret-story","9":"tag-casa-dos-segredos","10":"tag-entertainment","11":"tag-entretenimento","12":"tag-entrevistas-concorrentes-tvi","13":"tag-mariana","14":"tag-portugal","15":"tag-pt","16":"tag-rui","17":"tag-secret-story","18":"tag-vida-fora-da-casa"},"share_on_mastodon":{"url":"https:\/\/pubeurope.com\/@pt\/115448072290926612","error":""},"_links":{"self":[{"href":"https:\/\/www.europesays.com\/pt\/wp-json\/wp\/v2\/posts\/128882","targetHints":{"allow":["GET"]}}],"collection":[{"href":"https:\/\/www.europesays.com\/pt\/wp-json\/wp\/v2\/posts"}],"about":[{"href":"https:\/\/www.europesays.com\/pt\/wp-json\/wp\/v2\/types\/post"}],"author":[{"embeddable":true,"href":"https:\/\/www.europesays.com\/pt\/wp-json\/wp\/v2\/users\/2"}],"replies":[{"embeddable":true,"href":"https:\/\/www.europesays.com\/pt\/wp-json\/wp\/v2\/comments?post=128882"}],"version-history":[{"count":0,"href":"https:\/\/www.europesays.com\/pt\/wp-json\/wp\/v2\/posts\/128882\/revisions"}],"wp:featuredmedia":[{"embeddable":true,"href":"https:\/\/www.europesays.com\/pt\/wp-json\/wp\/v2\/media\/128883"}],"wp:attachment":[{"href":"https:\/\/www.europesays.com\/pt\/wp-json\/wp\/v2\/media?parent=128882"}],"wp:term":[{"taxonomy":"category","embeddable":true,"href":"https:\/\/www.europesays.com\/pt\/wp-json\/wp\/v2\/categories?post=128882"},{"taxonomy":"post_tag","embeddable":true,"href":"https:\/\/www.europesays.com\/pt\/wp-json\/wp\/v2\/tags?post=128882"}],"curies":[{"name":"wp","href":"https:\/\/api.w.org\/{rel}","templated":true}]}}