{"id":128893,"date":"2025-10-27T20:53:10","date_gmt":"2025-10-27T20:53:10","guid":{"rendered":"https:\/\/www.europesays.com\/pt\/128893\/"},"modified":"2025-10-27T20:53:10","modified_gmt":"2025-10-27T20:53:10","slug":"terca-na-tv-o-milagre-fatima-o-detective-virdee-e-um-medico-no-campo-tv","status":"publish","type":"post","link":"https:\/\/www.europesays.com\/pt\/128893\/","title":{"rendered":"Ter\u00e7a na TV: O milagre F\u00e1tima, o detective Virdee e um m\u00e9dico no campo | TV"},"content":{"rendered":"<p>CINEMA<\/p>\n<p><strong>Sei o Que Fizeste no Ver\u00e3o Passado<br \/>AXN Movies, 21h10<\/strong><\/p>\n<p dir=\"ltr\">Numa noite de celebra\u00e7\u00e3o, quatro amigos adolescentes v\u00e3o at\u00e9 \u00e0 praia. Ao voltarem de carro, um deles, muito b\u00eabedo, faz com que o condutor bata num pe\u00e3o. Assumindo que ele morreu, decidem cobrir o crime e atir\u00e1-lo \u00e0 \u00e1gua, mas ele acorda e come\u00e7a a empurrar uma delas, o que os faz empurrarem-no para a \u00e1gua. Decidem nunca mais falar nisto a ningu\u00e9m. S\u00f3 que, um ano depois, ainda com a mem\u00f3ria do ocorrido presente e dificuldade em seguirem as suas vidas, uma delas recebe uma carta de algu\u00e9m que diz apenas que sabe o que eles fizeram no ver\u00e3o anterior. E a\u00ed come\u00e7am a ser, um a um, perseguidos por uma pessoa de imperme\u00e1vel e gancho na m\u00e3o. Realizado por Jim Gillespie em 1997, um filme escrito por Kevin Williamson (criador da saga Gritos) baseado num livro de 1973 de Lois Duncan. Lan\u00e7ou um franchise que, at\u00e9 agora, inclui duas sequelas (a primeira das quais passa logo a seguir, a segunda tendo ido directamente para v\u00eddeo), uma s\u00e9rie de televis\u00e3o de 2021 e uma continua\u00e7\u00e3o cinematogr\u00e1fica deste ano.<\/p>\n<p><strong><a href=\"https:\/\/cinecartaz.publico.pt\/filme\/fatima-401096\" rel=\"nofollow noopener\" target=\"_blank\">F\u00e1tima<\/a><br \/>RTP1, 23h28<\/strong><\/p>\n<p dir=\"ltr\">Portugal, o ano \u00e9 1917. L\u00facia, uma menina de dez anos, e Francisco e Jacinta, seus primos, dizem ter visto uma apari\u00e7\u00e3o de \u201cuma Senhora mais brilhante do que o Sol\u201d nos campos da Cova da Iria, F\u00e1tima. Segundo as tr\u00eas crian\u00e7as, a Santa apresentou-se como sendo Nossa Senhora do Ros\u00e1rio e deixou-lhes uma mensagem de paz. A revela\u00e7\u00e3o \u00e9 mal recebida pelos pais, convictos de que n\u00e3o passa de uma fantasia infantil. Contudo, a not\u00edcia n\u00e3o tarda a espalhar-se e milhares de pessoas seguem at\u00e9 F\u00e1tima, para ver as crian\u00e7as de perto. Tudo isso vai desagradar tanto ao Governo portugu\u00eas da \u00e9poca, como \u00e0 Igreja Cat\u00f3lica, que pressionam L\u00facia, Francisco e Jacinta a assumir que mentiram. Mas as crian\u00e7as recusam-se a ceder e as multid\u00f5es de peregrinos teimam em chegar para presenciar o milagre. Um filme dram\u00e1tico de reconstru\u00e7\u00e3o hist\u00f3rica com realiza\u00e7\u00e3o do italiano Marco Pontecorvo (filho de Gillo) com Joaquim de Almeida, L\u00facia Moniz, S\u00f4nia Braga, Goran Vi\u0161nji\u0107, Marco D\u2019Almeida, Joana Ribeiro, Jo\u00e3o D\u2019\u00c1vila, Alba Baptista, Stephanie Gil, Alejandra Howard, Jorge Lamelas e Harvey Keitel.<\/p>\n<p>S\u00c9RIES<\/p>\n<p dir=\"ltr\"><strong>Chicago P.D.<br \/>Star Channel, 22h15<\/strong><\/p>\n<p dir=\"ltr\">Estreia. Chega a 12.\u00aa temporada deste spin-off de Chicago Fire, uma cria\u00e7\u00e3o de Dick Wolf e Matt Olmstead focada numa unidade de espionagem da pol\u00edcia da cidade de Chicago. Datada do final do ano passado (este m\u00eas estreou-se uma nova na NBC, casa-m\u00e3e americana da s\u00e9rie), arranca ap\u00f3s Voight, o sargento problem\u00e1tico interpretado por Jason Beghe que est\u00e1 no centro da hist\u00f3ria, ter estado \u00e0s portas da morte.<\/p>\n<p dir=\"ltr\"><strong>Virdee<br \/>Filmin, streaming<\/strong><\/p>\n<p dir=\"ltr\">Estreia. H\u00e1 v\u00e1rios anos que A A Dhand escreve policiais passados em Bradford, West Yorkshire, a sua cidade natal. Fez v\u00e1rios livros com o detective da pol\u00edcia Harry Virdee, que \u00e9 sikh e investiga crimes e explora as tens\u00f5es dentro das comunidades asi\u00e1ticas brit\u00e2nicas. Esta miniss\u00e9rie de seis epis\u00f3dios adapta esses policiais, pela m\u00e3o do pr\u00f3prio Dhand, com Staz Nair a encarnar a personagem que lhes d\u00e1 o nome. Aqui, h\u00e1 um assassino a matar pessoas asi\u00e1ticas e Virdee procura-o, enquanto se prepara para casar com uma mulher mu\u00e7ulmana.<\/p>\n<p>DOCUMENT\u00c1RIOS<\/p>\n<p dir=\"ltr\"><strong>Matthew Perry: A Trag\u00e9dia<br \/>AMC Crime, 22h45<\/strong><\/p>\n<p dir=\"ltr\">Estreia. No in\u00edcio de Setembro, Jasveen Sangha, traficante conhecida como a rainha da cetamina, declarou a culpa em v\u00e1rias acusa\u00e7\u00f5es relacionadas com a morte tr\u00e1gica de Matthew Perry em Outubro de 2023, o actor que se celebrizou nos anos 1990 na sitcom de sucesso Amigos. Para assinalar os dois anos do ocorrido, o AMC Crime passa este document\u00e1rio sobre a ascens\u00e3o e queda do actor.<\/p>\n<p dir=\"ltr\"><strong>Country Doctor<br \/>HBO Max, streaming<\/strong><\/p>\n<p dir=\"ltr\">Estreia. Em Fairfax, pequen\u00edssima cidade no estado de Oklahoma, o m\u00e9dico James Graham luta para conseguir dar cuidados m\u00e9dicos \u00e0 popula\u00e7\u00e3o local de pouco mais de mil pessoas. O hospital da zona declarou bancarrota e est\u00e1 para ser comprado por um novo dono, algo que inspira pouca confian\u00e7a. J\u00e1 para n\u00e3o dizer que o mundo rural americano perdeu, desde 2010, mais de 140 hospitais. Graham, no activo h\u00e1 mais de 40 anos, divide-se entre o hospital, um lar de idosos, tr\u00eas cl\u00ednicas e visitas a casa. \u00c9 sobre ele esta curta documental de Shari Cookson e Nick Doob.<\/p>\n<p>        &#13;<\/p>\n<p>&#13;<br \/>\n                &#13;\n            <\/p>\n<p>&#13;<\/p>\n","protected":false},"excerpt":{"rendered":"CINEMA Sei o Que Fizeste no Ver\u00e3o PassadoAXN Movies, 21h10 Numa noite de celebra\u00e7\u00e3o, quatro amigos adolescentes v\u00e3o&hellip;\n","protected":false},"author":2,"featured_media":128894,"comment_status":"","ping_status":"","sticky":false,"template":"","format":"standard","meta":{"footnotes":""},"categories":[142],"tags":[315,1413,114,115,294,32,33,291,940,218,151],"class_list":{"0":"post-128893","1":"post","2":"type-post","3":"status-publish","4":"format-standard","5":"has-post-thumbnail","7":"category-tv","8":"tag-cultura","9":"tag-cultura-ipsilon","10":"tag-entertainment","11":"tag-entretenimento","12":"tag-lazer","13":"tag-portugal","14":"tag-pt","15":"tag-relaxar","16":"tag-streaming","17":"tag-televisao","18":"tag-tv"},"share_on_mastodon":{"url":"https:\/\/pubeurope.com\/@pt\/115448119488556916","error":""},"_links":{"self":[{"href":"https:\/\/www.europesays.com\/pt\/wp-json\/wp\/v2\/posts\/128893","targetHints":{"allow":["GET"]}}],"collection":[{"href":"https:\/\/www.europesays.com\/pt\/wp-json\/wp\/v2\/posts"}],"about":[{"href":"https:\/\/www.europesays.com\/pt\/wp-json\/wp\/v2\/types\/post"}],"author":[{"embeddable":true,"href":"https:\/\/www.europesays.com\/pt\/wp-json\/wp\/v2\/users\/2"}],"replies":[{"embeddable":true,"href":"https:\/\/www.europesays.com\/pt\/wp-json\/wp\/v2\/comments?post=128893"}],"version-history":[{"count":0,"href":"https:\/\/www.europesays.com\/pt\/wp-json\/wp\/v2\/posts\/128893\/revisions"}],"wp:featuredmedia":[{"embeddable":true,"href":"https:\/\/www.europesays.com\/pt\/wp-json\/wp\/v2\/media\/128894"}],"wp:attachment":[{"href":"https:\/\/www.europesays.com\/pt\/wp-json\/wp\/v2\/media?parent=128893"}],"wp:term":[{"taxonomy":"category","embeddable":true,"href":"https:\/\/www.europesays.com\/pt\/wp-json\/wp\/v2\/categories?post=128893"},{"taxonomy":"post_tag","embeddable":true,"href":"https:\/\/www.europesays.com\/pt\/wp-json\/wp\/v2\/tags?post=128893"}],"curies":[{"name":"wp","href":"https:\/\/api.w.org\/{rel}","templated":true}]}}