{"id":128903,"date":"2025-10-27T21:00:16","date_gmt":"2025-10-27T21:00:16","guid":{"rendered":"https:\/\/www.europesays.com\/pt\/128903\/"},"modified":"2025-10-27T21:00:16","modified_gmt":"2025-10-27T21:00:16","slug":"t2-so-acima-dos-200-mil-euros","status":"publish","type":"post","link":"https:\/\/www.europesays.com\/pt\/128903\/","title":{"rendered":"T2 s\u00f3 acima dos 200 mil euros"},"content":{"rendered":"<p>                Um T2 em Benfica, com 65 metros quadrados, custa hoje 345 mil euros. O pr\u00e9dio \u00e9 de 1979, sem garagem, mas com elevador e vista para Monsanto. &#8220;\u00c9 um im\u00f3vel muito procurado, at\u00e9 pela falta de oferta&#8221;, explica Teresa Tr\u00eapo, consultora imobili\u00e1ria. &#8220;Com as medidas de isen\u00e7\u00e3o de impostos e a garantia p\u00fablica, a procura aumentou muito \u2014 e a oferta manteve-se igual. Isso fez os pre\u00e7os dispararem.&#8221; A casa tem dois quartos, uma casa de banho e uma cozinha partilhada com a sala. <\/p>\n<p>A consultora confirma a nova tend\u00eancia do mercado: &#8220;tenho muitos clientes jovens e estrangeiros que vivem c\u00e1 h\u00e1 pouco tempo e tentam aproveitar as medidas, mas com sal\u00e1rios baixos e pouca capacidade banc\u00e1ria. As casas que procuram, de 120 ou 150 mil euros, simplesmente j\u00e1 n\u00e3o existem em Lisboa.&#8221;<\/p>\n<p>Na capital, um or\u00e7amento de 200 mil euros \u00e9 hoje visto como irrealista. Comprar casa exige rendimentos elevados e margem financeira confort\u00e1vel. O cen\u00e1rio n\u00e3o muda muito a norte, mas a Antena 1 encontrou um T2 um pouco maior e a menos 100 mil euros do que a que visit\u00e1mos em Lisboa. <\/p>\n<p>No Porto, a visita \u00e9 a um T2 na Senhora da Hora, concelho de Matosinhos. Sete andares acima do ch\u00e3o, o apartamento de 80 metros quadrados \u2014 renovado, com varanda e vista a nascente e poente \u2014 est\u00e1 \u00e0 venda por 242 mil euros. &#8220;Estamos a dez minutos de tudo: da praia, do aeroporto e do centro do Porto&#8221;, diz Pedro Madureira, agente imobili\u00e1rio.<\/p>\n<p>Mesmo assim, a aus\u00eancia de garagem e a press\u00e3o do mercado fazem prever novas subidas. &#8220;Com a constru\u00e7\u00e3o que est\u00e1 a decorrer, falamos de futuros valores a rondar os 370 ou 400 mil euros&#8221;, explica. Na cidade do Porto, o pre\u00e7o m\u00e9dio de um T2 semelhante j\u00e1 ultrapassa 420 mil euros e os im\u00f3veis de luxo, no centro, podem chegar aos 700 mil.<\/p>\n<p>Mais para o interior, o contraste j\u00e1 n\u00e3o \u00e9 sin\u00f3nimo de al\u00edvio. Em Viseu, os pre\u00e7os tamb\u00e9m &#8220;assustam&#8221;. Nos \u00faltimos dois anos, a valoriza\u00e7\u00e3o tem sido vertiginosa. &#8220;Um apartamento que h\u00e1 dois anos se arrendava por 400 euros hoje est\u00e1 a 700. Um que se vendia por 120 mil agora custa 240 ou 260 mil&#8221;, conta um agente imobili\u00e1rio.<\/p>\n<p>O aumento m\u00e9dio, em Viseu, ronda entre os 5 e os 8% por m\u00eas, o que equivale a cerca de 60% num ano. E a corrida n\u00e3o abranda: &#8220;Temos arrendamentos que nem chegam a entrar no site. Uma casa a arrendar por 2 mil e 300 euros por m\u00eas sai em 48 horas&#8221;, diz o consultor.<br \/>&#13;\n<\/p>\n<p>          <img decoding=\"async\" itemprop=\"image\" class=\"img-fluid\"   src=\"https:\/\/www.europesays.com\/pt\/wp-content\/uploads\/2025\/10\/f736a801c6282727c556758be366f72a\"\/><\/p>\n","protected":false},"excerpt":{"rendered":"Um T2 em Benfica, com 65 metros quadrados, custa hoje 345 mil euros. O pr\u00e9dio \u00e9 de 1979,&hellip;\n","protected":false},"author":2,"featured_media":128904,"comment_status":"","ping_status":"","sticky":false,"template":"","format":"standard","meta":{"footnotes":""},"categories":[83],"tags":[88,89,90,13,32,33,420,421],"class_list":{"0":"post-128903","1":"post","2":"type-post","3":"status-publish","4":"format-standard","5":"has-post-thumbnail","7":"category-empresas","8":"tag-business","9":"tag-economy","10":"tag-empresas","11":"tag-noticias","12":"tag-portugal","13":"tag-pt","14":"tag-rtp","15":"tag-rtp-noticias"},"share_on_mastodon":{"url":"https:\/\/pubeurope.com\/@pt\/115448147099523122","error":""},"_links":{"self":[{"href":"https:\/\/www.europesays.com\/pt\/wp-json\/wp\/v2\/posts\/128903","targetHints":{"allow":["GET"]}}],"collection":[{"href":"https:\/\/www.europesays.com\/pt\/wp-json\/wp\/v2\/posts"}],"about":[{"href":"https:\/\/www.europesays.com\/pt\/wp-json\/wp\/v2\/types\/post"}],"author":[{"embeddable":true,"href":"https:\/\/www.europesays.com\/pt\/wp-json\/wp\/v2\/users\/2"}],"replies":[{"embeddable":true,"href":"https:\/\/www.europesays.com\/pt\/wp-json\/wp\/v2\/comments?post=128903"}],"version-history":[{"count":0,"href":"https:\/\/www.europesays.com\/pt\/wp-json\/wp\/v2\/posts\/128903\/revisions"}],"wp:featuredmedia":[{"embeddable":true,"href":"https:\/\/www.europesays.com\/pt\/wp-json\/wp\/v2\/media\/128904"}],"wp:attachment":[{"href":"https:\/\/www.europesays.com\/pt\/wp-json\/wp\/v2\/media?parent=128903"}],"wp:term":[{"taxonomy":"category","embeddable":true,"href":"https:\/\/www.europesays.com\/pt\/wp-json\/wp\/v2\/categories?post=128903"},{"taxonomy":"post_tag","embeddable":true,"href":"https:\/\/www.europesays.com\/pt\/wp-json\/wp\/v2\/tags?post=128903"}],"curies":[{"name":"wp","href":"https:\/\/api.w.org\/{rel}","templated":true}]}}