{"id":128925,"date":"2025-10-27T21:18:19","date_gmt":"2025-10-27T21:18:19","guid":{"rendered":"https:\/\/www.europesays.com\/pt\/128925\/"},"modified":"2025-10-27T21:18:19","modified_gmt":"2025-10-27T21:18:19","slug":"homem-acusado-de-abuso-sexual-e-violacao-de-menores","status":"publish","type":"post","link":"https:\/\/www.europesays.com\/pt\/128925\/","title":{"rendered":"Homem Acusado de Abuso Sexual e Viola\u00e7\u00e3o de Menores"},"content":{"rendered":"<p>Um homem, suspeito da pr\u00e1tica de diversos crimes de abuso sexual de crian\u00e7as e de dois crimes de viola\u00e7\u00e3o agravada, ocorridos na zona de Peniche, foi detido pela Pol\u00edcia Judici\u00e1ria.<\/p>\n<p>Trata-se de um indiv\u00edduo de 47 anos, estrangeiro, residente legal em Portugal, que etr\u00e1 abusado sexualmente e violado duas crian\u00e7as.<\/p>\n<p>&#8220;Uma das v\u00edtimas, com 13 anos, \u00e9 enteada do suspeito e era sujeita a atos sexuais de relevo dentro da sua pr\u00f3pria casa, desde os 10 anos de idade&#8221;, diz a PJ em comunicado.<\/p>\n<p>&#8220;A outra menor, de 14 anos, ter\u00e1 sido violada por duas vezes durante esta \u00faltima semana, numa moradia a que o suspeito tinha acesso, propriedade de uns amigos que lhe confiaram a chave para verifica\u00e7\u00e3o do correio e manuten\u00e7\u00e3o&#8221;, acrescenta.<\/p>\n<p>Os factos foram reportados na sexta-feira, 24 de outubro, e ap\u00f3s investiga\u00e7\u00e3o e recolha de provas levaram \u00e0 deten\u00e7\u00e3o fora de flagrante delito.<\/p>\n<p>J\u00e1 presente \u00e0s autoridades judici\u00e1rias para primeiro interrogat\u00f3rio judicial, o suspeito ficou sujeito \u00e0 medida de coa\u00e7\u00e3o de proibi\u00e7\u00e3o de contacto com as v\u00edtimas, sa\u00edda imediata da sua habita\u00e7\u00e3o e apresenta\u00e7\u00f5es bissemanais nos posto da GNR de Peniche.<\/p>\n","protected":false},"excerpt":{"rendered":"Um homem, suspeito da pr\u00e1tica de diversos crimes de abuso sexual de crian\u00e7as e de dois crimes de&hellip;\n","protected":false},"author":2,"featured_media":128926,"comment_status":"","ping_status":"","sticky":false,"template":"","format":"standard","meta":{"footnotes":""},"categories":[10],"tags":[14110,21744,27,28,15,16,14,25,26,21,22,12,13,19,20,6614,4107,32,23,24,33,17,18,29,30,31,8102],"class_list":{"0":"post-128925","1":"post","2":"type-post","3":"status-publish","4":"format-standard","5":"has-post-thumbnail","7":"category-portugal","8":"tag-abuso-sexual-de-criancas","9":"tag-abuso-sexual-de-menores","10":"tag-breaking-news","11":"tag-breakingnews","12":"tag-featured-news","13":"tag-featurednews","14":"tag-headlines","15":"tag-latest-news","16":"tag-latestnews","17":"tag-main-news","18":"tag-mainnews","19":"tag-news","20":"tag-noticias","21":"tag-noticias-principais","22":"tag-noticiasprincipais","23":"tag-peniche","24":"tag-pj","25":"tag-portugal","26":"tag-principais-noticias","27":"tag-principaisnoticias","28":"tag-pt","29":"tag-top-stories","30":"tag-topstories","31":"tag-ultimas","32":"tag-ultimas-noticias","33":"tag-ultimasnoticias","34":"tag-violacao"},"share_on_mastodon":{"url":"https:\/\/pubeurope.com\/@pt\/115448217781854126","error":""},"_links":{"self":[{"href":"https:\/\/www.europesays.com\/pt\/wp-json\/wp\/v2\/posts\/128925","targetHints":{"allow":["GET"]}}],"collection":[{"href":"https:\/\/www.europesays.com\/pt\/wp-json\/wp\/v2\/posts"}],"about":[{"href":"https:\/\/www.europesays.com\/pt\/wp-json\/wp\/v2\/types\/post"}],"author":[{"embeddable":true,"href":"https:\/\/www.europesays.com\/pt\/wp-json\/wp\/v2\/users\/2"}],"replies":[{"embeddable":true,"href":"https:\/\/www.europesays.com\/pt\/wp-json\/wp\/v2\/comments?post=128925"}],"version-history":[{"count":0,"href":"https:\/\/www.europesays.com\/pt\/wp-json\/wp\/v2\/posts\/128925\/revisions"}],"wp:featuredmedia":[{"embeddable":true,"href":"https:\/\/www.europesays.com\/pt\/wp-json\/wp\/v2\/media\/128926"}],"wp:attachment":[{"href":"https:\/\/www.europesays.com\/pt\/wp-json\/wp\/v2\/media?parent=128925"}],"wp:term":[{"taxonomy":"category","embeddable":true,"href":"https:\/\/www.europesays.com\/pt\/wp-json\/wp\/v2\/categories?post=128925"},{"taxonomy":"post_tag","embeddable":true,"href":"https:\/\/www.europesays.com\/pt\/wp-json\/wp\/v2\/tags?post=128925"}],"curies":[{"name":"wp","href":"https:\/\/api.w.org\/{rel}","templated":true}]}}