{"id":128949,"date":"2025-10-27T21:35:12","date_gmt":"2025-10-27T21:35:12","guid":{"rendered":"https:\/\/www.europesays.com\/pt\/128949\/"},"modified":"2025-10-27T21:35:12","modified_gmt":"2025-10-27T21:35:12","slug":"altura-baixa-e-idade-aumenta-policia-reve-condicoes-para-entrada-de-novos-agentes","status":"publish","type":"post","link":"https:\/\/www.europesays.com\/pt\/128949\/","title":{"rendered":"Altura baixa e idade aumenta. Pol\u00edcia rev\u00ea condi\u00e7\u00f5es para entrada de novos agentes"},"content":{"rendered":"<p>                A idade m\u00e1xima para concorrer ao curso de agentes da PSP vai passar dos 30 para os 35 anos, segundo a portaria hoje publicada, que deixa de exigir altura m\u00ednima como crit\u00e9rio de admiss\u00e3o.<\/p>\n<p>A portaria que altera os requisitos de admiss\u00e3o ao curso de forma\u00e7\u00e3o de agentes da Pol\u00edcia de Seguran\u00e7a P\u00fablica foi hoje publicada em Di\u00e1rio da Rep\u00fablica e entra em vigor na ter\u00e7a-feira.<\/p>\n<p>Entre os novos requisitos para concorrer \u00e0 PSP est\u00e1 a idade m\u00e1xima de 35 anos, mantendo-se a idade m\u00ednima dos 18 anos e a nacionalidade portuguesa.<\/p>\n<p>&#8220;Possuir a robustez f\u00edsica e o perfil psicol\u00f3gico indispens\u00e1veis ao exerc\u00edcio da fun\u00e7\u00e3o policial, estar habilitado ou estar a frequentar o 12.\u00ba ano de escolaridade ou equivalente e n\u00e3o ter sofrido san\u00e7\u00e3o penal inibidora do exerc\u00edcio da fun\u00e7\u00e3o&#8221; s\u00e3o outros requisitos para a admiss\u00e3o ao curso de agentes.<\/p>\n<p>A portaria, assinada pela ministra da Administra\u00e7\u00e3o Interna, Maria L\u00facia Amaral, deixa de exigir uma idade m\u00ednima para entrar na PSP, que at\u00e9 \u00e0 data era de 1,60 metros para as mulheres e 1,65 para os homens.<\/p>\n<p>O Governo justifica as altera\u00e7\u00f5es da portaria passados tr\u00eas anos com a &#8220;atualiza\u00e7\u00e3o das normas sobre a publicita\u00e7\u00e3o do procedimento concursal, sobre os prazos e a forma de apresenta\u00e7\u00e3o de candidaturas e sobre a realiza\u00e7\u00e3o dos m\u00e9todos de sele\u00e7\u00e3o&#8221;, bem como com a &#8220;revis\u00e3o dos requisitos de admiss\u00e3o, visando permitir a sele\u00e7\u00e3o com base num universo mais amplo de candidatos&#8221;.<\/p>\n<p>Em 2022, quando entraram em vigor novos requisitos para entrar na PSP, tamb\u00e9m foram alteradas as idades m\u00e1xima e m\u00ednima, passando a admiss\u00e3o dos 19 para os 18 anos de idade (a idade m\u00ednima) e dos 27 para os 30 (a idade m\u00e1xima), al\u00e9m de ter permitido que os jovens que frequentam o 12.\u00ba ano de escolaridade possam entrar na forma\u00e7\u00e3o.<\/p>\n<p>Os novos requisitos ao curso de forma\u00e7\u00e3o de agentes da PSP s\u00e3o publicados depois de a anterior ministra da Administra\u00e7\u00e3o Interna, Margarida Blasco, ter sido obrigada a anular uma mesma portaria por n\u00e3o ter consultado os sindicatos como est\u00e1 estabelecido na lei.<\/p>\n<p>A revis\u00e3o dos requisitos de admiss\u00e3o dos futuros agentes est\u00e1 relacionada com o n\u00famero de candidatos \u00e0 PSP, que tem vindo a diminuir nos \u00faltimos anos.<\/p>\n<p>Na d\u00e9cada de 1990 chegou a haver mais de 16.000 candidatos e em 2012 eram mais de 10.000, n\u00e3o ultrapassando agora os 4.000.<\/p>\n<p>No concurso para constitui\u00e7\u00e3o de uma reserva de recrutamento para a admiss\u00e3o ao curso de forma\u00e7\u00e3o de agentes realizado este ano pela PSP concorreram 3.392 jovens.&#13;\n            <\/p>\n","protected":false},"excerpt":{"rendered":"A idade m\u00e1xima para concorrer ao curso de agentes da PSP vai passar dos 30 para os 35&hellip;\n","protected":false},"author":2,"featured_media":128950,"comment_status":"","ping_status":"","sticky":false,"template":"","format":"standard","meta":{"footnotes":""},"categories":[8],"tags":[27,28,15,16,14,25,26,21,22,12,13,19,20,1086,32,23,24,1306,33,17,18,29,30,31],"class_list":{"0":"post-128949","1":"post","2":"type-post","3":"status-publish","4":"format-standard","5":"has-post-thumbnail","7":"category-principais-noticias","8":"tag-breaking-news","9":"tag-breakingnews","10":"tag-featured-news","11":"tag-featurednews","12":"tag-headlines","13":"tag-latest-news","14":"tag-latestnews","15":"tag-main-news","16":"tag-mainnews","17":"tag-news","18":"tag-noticias","19":"tag-noticias-principais","20":"tag-noticiasprincipais","21":"tag-policia","22":"tag-portugal","23":"tag-principais-noticias","24":"tag-principaisnoticias","25":"tag-psp","26":"tag-pt","27":"tag-top-stories","28":"tag-topstories","29":"tag-ultimas","30":"tag-ultimas-noticias","31":"tag-ultimasnoticias"},"share_on_mastodon":{"url":"https:\/\/pubeurope.com\/@pt\/115448284915929807","error":""},"_links":{"self":[{"href":"https:\/\/www.europesays.com\/pt\/wp-json\/wp\/v2\/posts\/128949","targetHints":{"allow":["GET"]}}],"collection":[{"href":"https:\/\/www.europesays.com\/pt\/wp-json\/wp\/v2\/posts"}],"about":[{"href":"https:\/\/www.europesays.com\/pt\/wp-json\/wp\/v2\/types\/post"}],"author":[{"embeddable":true,"href":"https:\/\/www.europesays.com\/pt\/wp-json\/wp\/v2\/users\/2"}],"replies":[{"embeddable":true,"href":"https:\/\/www.europesays.com\/pt\/wp-json\/wp\/v2\/comments?post=128949"}],"version-history":[{"count":0,"href":"https:\/\/www.europesays.com\/pt\/wp-json\/wp\/v2\/posts\/128949\/revisions"}],"wp:featuredmedia":[{"embeddable":true,"href":"https:\/\/www.europesays.com\/pt\/wp-json\/wp\/v2\/media\/128950"}],"wp:attachment":[{"href":"https:\/\/www.europesays.com\/pt\/wp-json\/wp\/v2\/media?parent=128949"}],"wp:term":[{"taxonomy":"category","embeddable":true,"href":"https:\/\/www.europesays.com\/pt\/wp-json\/wp\/v2\/categories?post=128949"},{"taxonomy":"post_tag","embeddable":true,"href":"https:\/\/www.europesays.com\/pt\/wp-json\/wp\/v2\/tags?post=128949"}],"curies":[{"name":"wp","href":"https:\/\/api.w.org\/{rel}","templated":true}]}}