{"id":128961,"date":"2025-10-27T21:44:36","date_gmt":"2025-10-27T21:44:36","guid":{"rendered":"https:\/\/www.europesays.com\/pt\/128961\/"},"modified":"2025-10-27T21:44:36","modified_gmt":"2025-10-27T21:44:36","slug":"o-que-fazer-segunda-e-dia-de-drag-race-e-ilustracao-lazer","status":"publish","type":"post","link":"https:\/\/www.europesays.com\/pt\/128961\/","title":{"rendered":"O que fazer? Segunda \u00e9 dia de Drag Race e ilustra\u00e7\u00e3o | Lazer"},"content":{"rendered":"<p>Drag Race &#8211; A Transgress\u00e3o do Barroco<\/p>\n<p dir=\"ltr\"><strong>LISBOA Museu de Artes Decorativas Portuguesas. De 28\/6 a 30\/11. Todos os dias, excepto ter\u00e7a, das 10h \u00e0s 17h. 10\u20ac<\/strong><\/p>\n<p dir=\"ltr\">Drag Race, a obra que Joana Vasconcelos assinou em 2023, em colabora\u00e7\u00e3o com a FRESS &#8211; Funda\u00e7\u00e3o Ricardo do Esp\u00edrito Santo Silva e seus art\u00edfices, revela-se numa exposi\u00e7\u00e3o que mostra o processo de cria\u00e7\u00e3o e produ\u00e7\u00e3o \u201cde tr\u00e1s para a frente\u201d: come\u00e7a no resultado e vai desconstruindo a pe\u00e7a at\u00e9 \u00e0 ideia inicial. Marcada pelo luxo e a opul\u00eancia, Drag Race foi feita com a seguinte lista de materiais: \u201cPorsche 911 Targa Carrera, plumas de avestruz, madeira de t\u00edlia esculpida, talha dourada \u00e0 folha de ouro, revestimentos com pele tingida gravados a ouro fino, metal fundido, cinzelado e dourado, tecido Etro\u201d.<\/p>\n<p>BIG &#8211; Bienal de Ilustra\u00e7\u00e3o de Guimar\u00e3es<\/p>\n<p dir=\"ltr\"><strong>GUIMAR\u00c3ES V\u00e1rios locais. De 25\/10 a 31\/12. Gr\u00e1tis a 4\u20ac (exposi\u00e7\u00f5es); 15\u20ac (concerto)<\/strong><\/p>\n<p dir=\"ltr\">Tudo o que possa conter ilustra\u00e7\u00e3o est\u00e1 na mira da bienal nascida em 2017 para \u201cdignificar o papel dos ilustradores no desenvolvimento cultural\u201d. Nesta que \u00e9 a quinta edi\u00e7\u00e3o da BIG, a miss\u00e3o vem refor\u00e7ada pela \u201cdivulga\u00e7\u00e3o e promo\u00e7\u00e3o do di\u00e1logo cr\u00edtico entre ilustradores de v\u00e1rias gera\u00e7\u00f5es e express\u00f5es art\u00edsticas\u201d. Uma retrospectiva de Cristina Sampaio, perto de 200 obras dos mais de 90 autores que concorrem ao Pr\u00e9mio Nacional, pinturas de Ilda David, cartazes de cinema e trabalhos de Madalena Matoso comp\u00f5em a oferta, que se tra\u00e7a ainda com oficinas e um ciclo de palestras. Mapa completo em <a href=\"https:\/\/big.guimaraes.pt\/\" target=\"_blank\" rel=\"nofollow noopener\">big.guimaraes.pt<\/a>.<\/p>\n<p>        &#13;<\/p>\n<p>&#13;<br \/>\n                &#13;\n            <\/p>\n<p>&#13;<\/p>\n<p>Invas\u00e3o dos Gigantes<\/p>\n<p dir=\"ltr\"><strong>PORTO Centro de Congressos da Alf\u00e2ndega do Porto. De 24\/10 a 6\/4. Todos os dias, das 10h \u00e0s 19h. 11,50\u20ac (segunda a sexta) e 12,50\u20ac (s\u00e1bado, domingo e feriados)<\/strong><\/p>\n<p dir=\"ltr\">Dinossauros, transformers, um TIE Fighter da Guerra das Estrelas e uma r\u00e9plica da Grande Muralha da China que sobressai pelos seus 60 metros de comprimento. Estes s\u00e3o apenas alguns dos colossos com o carimbo da marca Lego \u00e0 espera dos visitantes na exposi\u00e7\u00e3o que se instala na Alf\u00e2ndega do Porto, depois de ter passado por Lisboa no Ver\u00e3o passado. \u00c9 a maior da Europa: no estaleiro com mais de 2.000 metros quadrados est\u00e3o mais de 100 maquetas que surpreendem pelo tamanho e detalhe, e outros modelitos, constru\u00eddos com perto de dez milh\u00f5es de pe\u00e7as no total. Mais informa\u00e7\u00f5es em <a href=\"https:\/\/expopecas.eu\/porto\/\" target=\"_blank\" rel=\"nofollow noopener\">expopecas.eu\/porto\/<\/a>.<\/p>\n<p>Festival Internacional de Jardins de Ponte de Lima<\/p>\n<p dir=\"ltr\"><strong>PONTE DE LIMA Recinto do festival. De 30\/5 a 31\/10. 1\u20ac<\/strong><\/p>\n<p dir=\"ltr\">\u00daltimos dias para atestar a criatividade da 20.\u00aa edi\u00e7\u00e3o do festival que instala 11 jardins ef\u00e9meros numa quinta minhota. O tema Jardim da Paz, Jardim para a Paz d\u00e1 o mote aos trabalhos, que v\u00eam de pa\u00edses como a Col\u00f4mbia, o Brasil, os EUA, a Espanha ou o M\u00e9xico.<\/p>\n<p>Sand City<\/p>\n<p dir=\"ltr\"><strong>LAGOA S\u00edtio dos Lombos. De 24\/3 a 9\/11. Todos os dias, das 10h \u00e0s 19h. 5,90\u20ac (dos seis aos 12 anos), 9,50\u20ac (seniores) e 11,90\u20ac (dos 13 aos 64 anos)<\/strong><\/p>\n<p dir=\"ltr\">Milh\u00f5es de gr\u00e3os de areia formam este que se apresenta como o \u201cmaior parque de esculturas de areia do mundo\u201d. Alberga mais de 120 obras de arte \u201chabilmente esculpidas\u201d por mais de 60 artistas nacionais e internacionais, que representam \u201ccenas emblem\u00e1ticas, individualidades conhecidas ou simples curiosidades\u201d, descrevem no manifesto. Uma Volta ao Mundo em Areia \u2013 assim chama o tema da exposi\u00e7\u00e3o \u2013 que p\u00f5e os visitantes a passear, a p\u00e9 ou de buggy, entre uma Torre Eiffel, um drag\u00e3o, um fara\u00f3, uma rainha, Ronaldo ou Ob\u00e9lix, avistando tamb\u00e9m o faroeste ou o Papa a andar de lambreta.<\/p>\n<p dir=\"ltr\">S\u00e3o apenas alguns dos cen\u00e1rios que habitam os cinco hectares do parque que, a par da montra, convida mi\u00fados e gra\u00fados a p\u00f4r a m\u00e3o na massa (ou a p\u00e1 na areia) e a dar largas \u00e0 imagina\u00e7\u00e3o numa dome ali instalada para esse efeito, sendo ainda servido por espa\u00e7os de merendas, parque infantil, fish spa e loja de souvenirs. Mapa completo e outras informa\u00e7\u00f5es em <a href=\"https:\/\/sandcity.pt\/\" target=\"_blank\" rel=\"nofollow noopener\">sandcity.pt<\/a>.<\/p>\n<p>        &#13;<\/p>\n<p>&#13;<br \/>\n                &#13;\n            <\/p>\n<p>&#13;<\/p>\n","protected":false},"excerpt":{"rendered":"Drag Race &#8211; A Transgress\u00e3o do Barroco LISBOA Museu de Artes Decorativas Portuguesas. De 28\/6 a 30\/11. Todos&hellip;\n","protected":false},"author":2,"featured_media":128962,"comment_status":"","ping_status":"","sticky":false,"template":"","format":"standard","meta":{"footnotes":""},"categories":[85],"tags":[1632,114,115,287,24562,294,1633,32,33,291],"class_list":{"0":"post-128961","1":"post","2":"type-post","3":"status-publish","4":"format-standard","5":"has-post-thumbnail","7":"category-entretenimento","8":"tag-agenda","9":"tag-entertainment","10":"tag-entretenimento","11":"tag-fugas","12":"tag-ilustracao","13":"tag-lazer","14":"tag-o-que-fazer","15":"tag-portugal","16":"tag-pt","17":"tag-relaxar"},"share_on_mastodon":{"url":"https:\/\/pubeurope.com\/@pt\/115448320200768295","error":""},"_links":{"self":[{"href":"https:\/\/www.europesays.com\/pt\/wp-json\/wp\/v2\/posts\/128961","targetHints":{"allow":["GET"]}}],"collection":[{"href":"https:\/\/www.europesays.com\/pt\/wp-json\/wp\/v2\/posts"}],"about":[{"href":"https:\/\/www.europesays.com\/pt\/wp-json\/wp\/v2\/types\/post"}],"author":[{"embeddable":true,"href":"https:\/\/www.europesays.com\/pt\/wp-json\/wp\/v2\/users\/2"}],"replies":[{"embeddable":true,"href":"https:\/\/www.europesays.com\/pt\/wp-json\/wp\/v2\/comments?post=128961"}],"version-history":[{"count":0,"href":"https:\/\/www.europesays.com\/pt\/wp-json\/wp\/v2\/posts\/128961\/revisions"}],"wp:featuredmedia":[{"embeddable":true,"href":"https:\/\/www.europesays.com\/pt\/wp-json\/wp\/v2\/media\/128962"}],"wp:attachment":[{"href":"https:\/\/www.europesays.com\/pt\/wp-json\/wp\/v2\/media?parent=128961"}],"wp:term":[{"taxonomy":"category","embeddable":true,"href":"https:\/\/www.europesays.com\/pt\/wp-json\/wp\/v2\/categories?post=128961"},{"taxonomy":"post_tag","embeddable":true,"href":"https:\/\/www.europesays.com\/pt\/wp-json\/wp\/v2\/tags?post=128961"}],"curies":[{"name":"wp","href":"https:\/\/api.w.org\/{rel}","templated":true}]}}