{"id":129048,"date":"2025-10-27T22:46:10","date_gmt":"2025-10-27T22:46:10","guid":{"rendered":"https:\/\/www.europesays.com\/pt\/129048\/"},"modified":"2025-10-27T22:46:10","modified_gmt":"2025-10-27T22:46:10","slug":"foto-de-virginia-fonseca-com-vini-jr-cobrindo-o-rosto-viraliza-internautas-pedem-te-preserva","status":"publish","type":"post","link":"https:\/\/www.europesays.com\/pt\/129048\/","title":{"rendered":"Foto de Virg\u00ednia Fonseca com Vini Jr. cobrindo o rosto viraliza; internautas pedem: &#8216;Te preserva&#8217;"},"content":{"rendered":"\n<p class=\" content-text__container theme-color-primary-first-letter\" data-track-category=\"Link no Texto\" data-track-links=\"\"> <strong>Virg\u00ednia Fonseca <\/strong>e o jogador <strong>Vini Jr. <\/strong>voltaram a ser assunto nas redes sociais ap\u00f3s serem vistos juntos na Europa. A dupla, que n\u00e3o era flagrada publicamente desde o fim conturbado do romance, foi fotografada em momentos de descontra\u00e7\u00e3o em Madrid e, depois, em M\u00f4naco, o que bastou para alimentar rumores de uma reaproxima\u00e7\u00e3o. <\/p>\n<ul class=\"content-unordered-list\">\n<li><a class=\"\" href=\"https:\/\/oglobo.globo.com\/ela\/noticia\/2025\/10\/27\/virginia-reage-a-comentario-de-maya-massafera-sobre-vini-jr-e-brincadeira-viraliza-combina-com-a-sua-skin-atual.ghtml\" rel=\"nofollow noopener\" target=\"_blank\"><strong>Virg\u00ednia reage a coment\u00e1rio de Maya Massafera sobre Vini Jr. e brincadeira viraliza<\/strong><\/a><strong>: &#8216;Combina com a sua skin atual&#8217;<\/strong><\/li>\n<li><strong>Saiba <\/strong><a class=\"\" href=\"https:\/\/oglobo.globo.com\/ela\/noticia\/2025\/10\/27\/saiba-a-condicao-de-virginia-fonseca-para-se-encontrar-com-vini-jr-na-espanha.ghtml\" rel=\"nofollow noopener\" target=\"_blank\"><strong>a condi\u00e7\u00e3o de Virg\u00ednia Fonseca para se encontrar com Vini Jr. na Espanha<\/strong><\/a><\/li>\n<\/ul>\n<p class=\" content-text__container \" data-track-category=\"Link no Texto\" data-track-links=\"\"> Virg\u00ednia chegou \u00e0 capital espanhola h\u00e1 poucos dias, acompanhada da amiga Duda Freire, e tem aproveitado a temporada na Europa para visitar pontos tur\u00edsticos e badalados da cidade. No \u00faltimo domingo (26), ap\u00f3s assistir \u00e0 vit\u00f3ria do Real Madrid sobre o Barcelona, ela foi vista jantando ao lado de Vini em um restaurante sofisticado. <\/p>\n<p class=\" content-text__container \" data-track-category=\"Link no Texto\" data-track-links=\"\"> O jantar contou ainda com a presen\u00e7a de \u00c9der Milit\u00e3o, Tain\u00e1 Castro e Rodrygo, colegas de equipe do atacante, al\u00e9m de Duda, que registrou parte do encontro em suas redes. No fim da noite, Virg\u00ednia retornou ao hotel com a amiga, enquanto o jogador seguiu acompanhado do grupo. <\/p>\n<p class=\" content-text__container \" data-track-category=\"Link no Texto\" data-track-links=\"\"> No dia seguinte (27), Virg\u00ednia e Vini Jr. foram flagrados novamente, desta vez em Monte Carlo, M\u00f4naco. Em fotos que circularam na web, os dois aparecem lado a lado durante um almo\u00e7o com amigos. Horas antes, a empres\u00e1ria havia publicado uma imagem no mesmo restaurante, em que o jogador cobre o rosto de forma descontra\u00edda. Na legenda, ela brincou: &#8220;mim acher&#8221;, em meio aos rumores de reconcilia\u00e7\u00e3o. Vini tamb\u00e9m compartilhou o clique no Instagram, marcando um dos primeiros registros p\u00fablicos do casal ap\u00f3s o afastamento. <\/p>\n<p>      <img decoding=\"async\" class=\"content-media__image\"  src=\"https:\/\/www.europesays.com\/pt\/wp-content\/uploads\/2025\/10\/virginia-viagem.jpg\" alt=\"Virg\u00ednia Fonseca e Vini Jr. voltam a ser vistos juntos e alimentam rumores de reconcilia\u00e7\u00e3o \u2014 Foto: Reprodu\u00e7\u00e3o Instagram\" width=\"1116\" height=\"800\" loading=\"lazy\"\/>  Virg\u00ednia Fonseca e Vini Jr. voltam a ser vistos juntos e alimentam rumores de reconcilia\u00e7\u00e3o \u2014 Foto: Reprodu\u00e7\u00e3o Instagram       <\/p>\n<p class=\" content-text__container \" data-track-category=\"Link no Texto\" data-track-links=\"\"> A rela\u00e7\u00e3o entre Virg\u00ednia e o atacante havia esfriado ap\u00f3s virem \u00e0 tona conversas do jogador com outras mulheres. \u00c0 \u00e9poca, Vini Jr. publicou um pedido de desculpas e enviou flores \u00e0 apresentadora. O gesto parece ter surtido efeito: em entrevista recente, Virg\u00ednia revelou que decidiu repensar o &#8220;t\u00e9rmino&#8221; e dar uma nova chance ao craque. <\/p>\n<p class=\" content-text__container \" data-track-category=\"Link no Texto\" data-track-links=\"\"> As apari\u00e7\u00f5es do casal causaram alvoro\u00e7o entre os internautas, que lotaram as redes sociais de coment\u00e1rios. Enquanto alguns demonstraram apoio, a maioria reagiu com cr\u00edticas e ironias. &#8220;Tadinha, eu t\u00f4 com muito vergonha pela a Virg\u00ednia&#8221;, escreveu uma seguidora. Outro questionou: &#8220;S\u00f3 eu acho que esse rapaz n\u00e3o quer ser visto com ela?&#8221;. <\/p>\n<p class=\" content-text__container \" data-track-category=\"Link no Texto\" data-track-links=\"\"> Entre os coment\u00e1rios mais compartilhados, muitos pediam que a influenciadora se afastasse do jogador: &#8220;Virg\u00ednia, n\u00e3o tem amiga pra d\u00e1 um toque n\u00e3o, gente? Pela f\u00e9, mulher, tu n\u00e3o precisa disso n\u00e3o, aff&#8221;, desabafou uma internauta. &#8220;Te preserva, Virg\u00ednia. Esse homem com uma deusa dessa t\u00e1 se achando se escondendo, miseric\u00f3rdia kkkkkk&#8221;, ironizou outro usu\u00e1rio. Houve ainda quem dissesse: &#8220;Te d\u00e1 o valor, Virg\u00ednia! Nem por todo o marketing do mundo vale essa humilha\u00e7\u00e3o&#8221;. <\/p>\n","protected":false},"excerpt":{"rendered":"Virg\u00ednia Fonseca e o jogador Vini Jr. voltaram a ser assunto nas redes sociais ap\u00f3s serem vistos juntos&hellip;\n","protected":false},"author":2,"featured_media":129049,"comment_status":"","ping_status":"","sticky":false,"template":"","format":"standard","meta":{"footnotes":""},"categories":[145],"tags":[211,210,114,115,319,32,33,318],"class_list":{"0":"post-129048","1":"post","2":"type-post","3":"status-publish","4":"format-standard","5":"has-post-thumbnail","7":"category-celebridades","8":"tag-celebridades","9":"tag-celebrities","10":"tag-entertainment","11":"tag-entretenimento","12":"tag-hard-news","13":"tag-portugal","14":"tag-pt","15":"tag-radar"},"share_on_mastodon":{"url":"https:\/\/pubeurope.com\/@pt\/115448563903852513","error":""},"_links":{"self":[{"href":"https:\/\/www.europesays.com\/pt\/wp-json\/wp\/v2\/posts\/129048","targetHints":{"allow":["GET"]}}],"collection":[{"href":"https:\/\/www.europesays.com\/pt\/wp-json\/wp\/v2\/posts"}],"about":[{"href":"https:\/\/www.europesays.com\/pt\/wp-json\/wp\/v2\/types\/post"}],"author":[{"embeddable":true,"href":"https:\/\/www.europesays.com\/pt\/wp-json\/wp\/v2\/users\/2"}],"replies":[{"embeddable":true,"href":"https:\/\/www.europesays.com\/pt\/wp-json\/wp\/v2\/comments?post=129048"}],"version-history":[{"count":0,"href":"https:\/\/www.europesays.com\/pt\/wp-json\/wp\/v2\/posts\/129048\/revisions"}],"wp:featuredmedia":[{"embeddable":true,"href":"https:\/\/www.europesays.com\/pt\/wp-json\/wp\/v2\/media\/129049"}],"wp:attachment":[{"href":"https:\/\/www.europesays.com\/pt\/wp-json\/wp\/v2\/media?parent=129048"}],"wp:term":[{"taxonomy":"category","embeddable":true,"href":"https:\/\/www.europesays.com\/pt\/wp-json\/wp\/v2\/categories?post=129048"},{"taxonomy":"post_tag","embeddable":true,"href":"https:\/\/www.europesays.com\/pt\/wp-json\/wp\/v2\/tags?post=129048"}],"curies":[{"name":"wp","href":"https:\/\/api.w.org\/{rel}","templated":true}]}}