{"id":129143,"date":"2025-10-27T23:57:26","date_gmt":"2025-10-27T23:57:26","guid":{"rendered":"https:\/\/www.europesays.com\/pt\/129143\/"},"modified":"2025-10-27T23:57:26","modified_gmt":"2025-10-27T23:57:26","slug":"pior-do-que-ir-ao-medico-movimento-porta-a-porta-reclama-melhor-atendimento-no-ihru","status":"publish","type":"post","link":"https:\/\/www.europesays.com\/pt\/129143\/","title":{"rendered":"&#8220;Pior do que ir ao m\u00e9dico&#8221;. Movimento &#8220;Porta-a-Porta&#8221; reclama melhor atendimento no IHRU"},"content":{"rendered":"<p data-remotead-prev-elm=\"true\" data-remotead-elm-id=\"inread\">Estes ativistas estiveram hoje em protesto, entre as 7.30 e as 9.30 horas, e v\u00e3o enviar cartas \u00e0 secret\u00e1ria de Estado da Habita\u00e7\u00e3o, Patr\u00edcia Gon\u00e7alves Costa, e ao ministro das Infraestruturas e Habita\u00e7\u00e3o, Miguel Pinto Luz.<\/p>\n<p>&#8220;Os problemas v\u00e3o de norte a sul do Pa\u00eds, com cortes nos apoios \u00e0s rendas e no programa &#8220;Porta65&#8243; e s\u00f3 h\u00e1 10 senhas de manh\u00e3 e 10 senhas \u00e0 tarde para atendimento presencial, em Lisboa e no Porto. Atrav\u00e9s da Internet ou do telefone \u00e9 imposs\u00edvel&#8221;, lamentou \u00e0 Lusa o porta-voz do movimento &#8220;Porta-a-Porta&#8221;, Andr\u00e9 Escoval.<\/p>\n<p>Numa das tarjas empunhadas pelos membros do &#8220;Porta-a-Porta&#8221; l\u00ea-se &#8220;fartos de escolher entre pagar a renda ou comer&#8221;.<\/p>\n<p data-remotead-prev-elm=\"true\" data-remotead-elm-id=\"centro1\">Hoje, desde a madrugada, dezenas de pessoas esperam \u00e0 porta do Instituto do IHRU, em Lisboa, para conseguirem uma das 20 senhas di\u00e1rias para atendimento e alguma ajuda para pagar a renda da casa.<\/p>\n<p>A primeira pessoa na fila de espera, a cuidadora de pessoas idosas Maria Santos Godinho, 59 anos, chegou \u00e0s 4.45 horas de Odivelas para tratar do assunto de um amigo com a mesma idade que &#8220;teve de ir \u00e0 E-REDES porque o quadro el\u00e9trico rebentou com \u00e0s humidades, no Monte da Caparica, e agora nem luz tem&#8221;.<\/p>\n<p>&#8220;Isto \u00e9 pior que ir ao m\u00e9dico. Temos de vir para aqui dormir. N\u00e3o respondem a e-mails, n\u00e3o atendem telefones. Tem de se vir c\u00e1 e \u00e9 preciso bater o p\u00e9. De outra maneira, mandam-nos embora sem resolver nada&#8221;, criticou.<\/p>\n<p data-remotead-prev-elm=\"true\" data-remotead-elm-id=\"centro2\">Mais na cauda do pelot\u00e3o madrugador estava Raquel Djal\u00f3, 32 anos, m\u00e3e solteira de um rapaz de 14 e de uma rapariga de 12, que, simplesmente, deixou de ver o seu apoio \u00e0 renda da casa &#8220;cair na conta&#8221;, sem qualquer &#8220;explica\u00e7\u00e3o ou justificativa&#8221;.<\/p>\n<p>&#8220;Tem de haver mais senhas. Deixamos o trabalho para vir aqui. Eu tive de deixar a menina com outras pessoas para estar aqui \u00e0s 6 horas&#8221;, indignou-se a habitante da Amadora, com antepassados da Guin\u00e9-Bissau.<\/p>\n<p>Em declara\u00e7\u00f5es \u00e0 Lusa, em 14 de outubro, no final de uma audi\u00eancia na Assembleia da Rep\u00fablica, o presidente do IHRU, Ant\u00f3nio Costa Pereira admitiu que o cen\u00e1rio \u00e9 &#8220;grav\u00edssimo&#8221;, designadamente a demora na resposta aos quase 60 mil benefici\u00e1rios do Programa de Apoio Extraordin\u00e1rio \u00e0 Renda (PAER) com a respetiva situa\u00e7\u00e3o por resolver.<\/p>\n","protected":false},"excerpt":{"rendered":"Estes ativistas estiveram hoje em protesto, entre as 7.30 e as 9.30 horas, e v\u00e3o enviar cartas \u00e0&hellip;\n","protected":false},"author":2,"featured_media":129144,"comment_status":"","ping_status":"","sticky":false,"template":"","format":"standard","meta":{"footnotes":""},"categories":[10],"tags":[27,28,15,16,456,14,22567,25,26,21,22,619,12,13,19,20,29392,32,23,24,33,17,18,29,30,31],"class_list":{"0":"post-129143","1":"post","2":"type-post","3":"status-publish","4":"format-standard","5":"has-post-thumbnail","7":"category-portugal","8":"tag-breaking-news","9":"tag-breakingnews","10":"tag-featured-news","11":"tag-featurednews","12":"tag-habitacao","13":"tag-headlines","14":"tag-ihru","15":"tag-latest-news","16":"tag-latestnews","17":"tag-main-news","18":"tag-mainnews","19":"tag-nacional","20":"tag-news","21":"tag-noticias","22":"tag-noticias-principais","23":"tag-noticiasprincipais","24":"tag-porta-a-porta","25":"tag-portugal","26":"tag-principais-noticias","27":"tag-principaisnoticias","28":"tag-pt","29":"tag-top-stories","30":"tag-topstories","31":"tag-ultimas","32":"tag-ultimas-noticias","33":"tag-ultimasnoticias"},"share_on_mastodon":{"url":"https:\/\/pubeurope.com\/@pt\/115448843167012008","error":""},"_links":{"self":[{"href":"https:\/\/www.europesays.com\/pt\/wp-json\/wp\/v2\/posts\/129143","targetHints":{"allow":["GET"]}}],"collection":[{"href":"https:\/\/www.europesays.com\/pt\/wp-json\/wp\/v2\/posts"}],"about":[{"href":"https:\/\/www.europesays.com\/pt\/wp-json\/wp\/v2\/types\/post"}],"author":[{"embeddable":true,"href":"https:\/\/www.europesays.com\/pt\/wp-json\/wp\/v2\/users\/2"}],"replies":[{"embeddable":true,"href":"https:\/\/www.europesays.com\/pt\/wp-json\/wp\/v2\/comments?post=129143"}],"version-history":[{"count":0,"href":"https:\/\/www.europesays.com\/pt\/wp-json\/wp\/v2\/posts\/129143\/revisions"}],"wp:featuredmedia":[{"embeddable":true,"href":"https:\/\/www.europesays.com\/pt\/wp-json\/wp\/v2\/media\/129144"}],"wp:attachment":[{"href":"https:\/\/www.europesays.com\/pt\/wp-json\/wp\/v2\/media?parent=129143"}],"wp:term":[{"taxonomy":"category","embeddable":true,"href":"https:\/\/www.europesays.com\/pt\/wp-json\/wp\/v2\/categories?post=129143"},{"taxonomy":"post_tag","embeddable":true,"href":"https:\/\/www.europesays.com\/pt\/wp-json\/wp\/v2\/tags?post=129143"}],"curies":[{"name":"wp","href":"https:\/\/api.w.org\/{rel}","templated":true}]}}