{"id":129211,"date":"2025-10-28T00:49:22","date_gmt":"2025-10-28T00:49:22","guid":{"rendered":"https:\/\/www.europesays.com\/pt\/129211\/"},"modified":"2025-10-28T00:49:22","modified_gmt":"2025-10-28T00:49:22","slug":"foz-sera-a-primeira-cidade-do-mundo-a-usar-ia-para-monitorar-o-mosquito-da-dengue","status":"publish","type":"post","link":"https:\/\/www.europesays.com\/pt\/129211\/","title":{"rendered":"Foz ser\u00e1 a primeira cidade do mundo a usar IA para monitorar o mosquito da dengue &#8211;"},"content":{"rendered":"<p>Foz do Igua\u00e7u ser\u00e1 a primeira cidade do mundo a ter um sistema de monitoramento inteligente do mosquito transmissor da dengue, o Aedes aegypti. Isso se deve a uma parceria selada entre a Universidade Estadual do Oeste do Paran\u00e1 (Unioeste) e a prefeitura para o in\u00edcio de uma pesquisa na cidade.<\/p>\n<p>Leia tamb\u00e9m: <a href=\"https:\/\/www.h2foz.com.br\/educacao\/criancas-criam-robos-que-tocam-musica-e-jogam-pingue-pongue-no-festival-iguassu-inova\/\" rel=\"nofollow noopener\" target=\"_blank\">Festival Iguassu Inova mostra que programar rob\u00f4s tamb\u00e9m \u00e9 coisa de crian\u00e7a<\/a><\/p>\n<p>Intitulada Desenvolvimento de Tecnologia para Monitoramento do Aedes aegypti, utilizando intelig\u00eancia artificial, a pesquisa visa a desenvolver e a implementar uma rede de monitoramento inteligente do mosquito por meio de sensores \u00f3ticos e algoritmos.<\/p>\n<p>A dire\u00e7\u00e3o da Unioeste e autoridades municipais assinaram na sexta-feira, 24, a autoriza\u00e7\u00e3o para o in\u00edcio do estudo. A parceria permite que, a partir do pr\u00f3ximo ano, o munic\u00edpio comece a monitorar em tempo real o mosquito.<\/p>\n<p>Atualmente, o monitoramento depende da informa\u00e7\u00e3o de pessoas infectadas, ou que detectaram locais de criadouro, al\u00e9m de armadilhas f\u00edsicas.<\/p>\n<p>Pesquisa ter\u00e1 apoio do Centro de Zoonoses<\/p>\n<p>O professor doutor Andr\u00e9 Gustavo Maletzke coordenar\u00e1 a pesquisa pela Unioeste com apoio t\u00e9cnico do Centro de Zoonoses. Segundo ele, uma das grandes quest\u00f5es do monitoramento \u00e9 saber qual \u00e9 o tamanho da popula\u00e7\u00e3o de mosquitos na cidade.<\/p>\n<p>\u201cUma vez que temos isso, conseguimos tomar decis\u00f5es frente a um poss\u00edvel surto crescente de casos de doen\u00e7as que podem ser transmitidas por esses mosquitos vetores\u201d, explica o pesquisador.<\/p>\n<p>O equipamento para realizar o estudo \u00e9 de baixo custo e pode ser dez vezes menos do que as alternativas dispon\u00edveis hoje no mundo. O mais em conta custa cerca de R$ 100, e o mais sofisticado, R$ 1 mil.<\/p>\n<p>De acordo com os pesquisadores, o valor baixo \u00e9 importante porque \u00e9 necess\u00e1rio adquirir um grande n\u00famero de equipamentos para cobrir uma grande \u00e1rea da cidade.<\/p>\n<p>Sensores identificam mosquitos<\/p>\n<p>A partir de 2026, os equipamentos ser\u00e3o instalados em sistemas de armadilha j\u00e1 colocadas no munic\u00edpio. <\/p>\n<p>Os sensores  funcionam por meio de comandos da Intelig\u00eancia Artificial e conseguem, al\u00e9m de captar o som dos mosquitos, identific\u00e1-los.<\/p>\n<p>O equipamento j\u00e1 \u00e9 capaz de identificar 3.500 esp\u00e9cies, das quais 200 transmitem doen\u00e7as. Como cada esp\u00e9cie tem som diferente, a IA por meio de dados j\u00e1 obtidos,  tem capacidade para informar quando se trata do Aedes aegypti e se o mosquito j\u00e1 picou algu\u00e9m.<\/p>\n<p>Os dados s\u00e3o repassados em tempo real para uma central, possibilitando localizar \u00edndice de manifesta\u00e7\u00e3o, quais hor\u00e1rios de maior infesta\u00e7\u00e3o, as \u00e1reas mais perigosas e fazer predi\u00e7\u00e3o de surtos. <\/p>\n<p>Iniciada h\u00e1 dez anos, a pesquisa \u00e9 da Unioeste, com tecnologia desenvolvida em parceria com diversas universidades, como a Universidade de S\u00e3o Paulo (USP), North Carolina State University (Estados Unidos) e Universidade de Nova Gales do Sul (UNSW), da Austr\u00e1lia.<\/p>\n<p>Assinaram o documento, o diretor geral da Unioeste Campus Foz do Igua\u00e7u, Sergio Moacir Fabriz, o prefeito de Foz do Igua\u00e7u, Joaquim Silva e Luna, o secret\u00e1rio municipal de Sa\u00fade, F\u00e1bio de Mello, e o coordenador do projeto, Andr\u00e9 Gustavo Maletzke.<\/p>\n<p>(Com informa\u00e7\u00f5es da assessoria de imprensa da Unioeste Foz)<\/p>\n","protected":false},"excerpt":{"rendered":"Foz do Igua\u00e7u ser\u00e1 a primeira cidade do mundo a ter um sistema de monitoramento inteligente do mosquito&hellip;\n","protected":false},"author":2,"featured_media":129212,"comment_status":"","ping_status":"","sticky":false,"template":"","format":"standard","meta":{"footnotes":""},"categories":[86],"tags":[16295,116,4127,32,33,117],"class_list":{"0":"post-129211","1":"post","2":"type-post","3":"status-publish","4":"format-standard","5":"has-post-thumbnail","7":"category-saude","8":"tag-foz-do-iguacu","9":"tag-health","10":"tag-parana","11":"tag-portugal","12":"tag-pt","13":"tag-saude"},"share_on_mastodon":{"url":"https:\/\/pubeurope.com\/@pt\/115449047608529359","error":""},"_links":{"self":[{"href":"https:\/\/www.europesays.com\/pt\/wp-json\/wp\/v2\/posts\/129211","targetHints":{"allow":["GET"]}}],"collection":[{"href":"https:\/\/www.europesays.com\/pt\/wp-json\/wp\/v2\/posts"}],"about":[{"href":"https:\/\/www.europesays.com\/pt\/wp-json\/wp\/v2\/types\/post"}],"author":[{"embeddable":true,"href":"https:\/\/www.europesays.com\/pt\/wp-json\/wp\/v2\/users\/2"}],"replies":[{"embeddable":true,"href":"https:\/\/www.europesays.com\/pt\/wp-json\/wp\/v2\/comments?post=129211"}],"version-history":[{"count":0,"href":"https:\/\/www.europesays.com\/pt\/wp-json\/wp\/v2\/posts\/129211\/revisions"}],"wp:featuredmedia":[{"embeddable":true,"href":"https:\/\/www.europesays.com\/pt\/wp-json\/wp\/v2\/media\/129212"}],"wp:attachment":[{"href":"https:\/\/www.europesays.com\/pt\/wp-json\/wp\/v2\/media?parent=129211"}],"wp:term":[{"taxonomy":"category","embeddable":true,"href":"https:\/\/www.europesays.com\/pt\/wp-json\/wp\/v2\/categories?post=129211"},{"taxonomy":"post_tag","embeddable":true,"href":"https:\/\/www.europesays.com\/pt\/wp-json\/wp\/v2\/tags?post=129211"}],"curies":[{"name":"wp","href":"https:\/\/api.w.org\/{rel}","templated":true}]}}